{"id":42609,"date":"2019-06-25T06:33:33","date_gmt":"2019-06-25T10:33:33","guid":{"rendered":"https:\/\/linitiative.ca\/International\/can-2019-le-programme-des-rencontres-de-ce-mardi\/"},"modified":"2019-06-25T06:33:33","modified_gmt":"2019-06-25T10:33:33","slug":"can-2019-le-programme-des-rencontres-de-ce-mardi","status":"publish","type":"post","link":"https:\/\/linitiative.ca\/International\/can-2019-le-programme-des-rencontres-de-ce-mardi\/","title":{"rendered":"CAN 2019 : Le programme des rencontres de ce mardi"},"content":{"rendered":"<p><strong>Le show de la CAN 2019 se poursuit au pays des Pharaons, mardi, avec deux chocs<\/strong> <strong>du groupe F<\/strong> <strong>\u00e0 ne pas rater.<\/strong><\/p>\n<div class=\"c10\"\/>\n<p>Les Lions indomptables auraient d\u00fb d\u00e9fendre leur titre \u00e0 domicile. Mais apr\u00e8s s\u2019\u00eatre vu retirer l\u2019organisation de la CAN-2019, il y a six mois, c\u2019est \u00e0 Ismailia, en Egypte, que le Cameroun entamera la comp\u00e9tition face \u00e0 la Guin\u00e9e-Bissau, \u00e0 18H00 (GMT+1).<\/p>\n<p>L\u2019autre match du groupe verra s\u2019opposer \u00e0 21H00 (GMT+1) le Ghana et le B\u00e9nin. Un match que les Black Stars, dans le carr\u00e9 final de la comp\u00e9tition depuis 10\u00a0ans, abordent en favoris, face \u00e0 des Ecureuils qui attendent toujours la premi\u00e8re victoire de leur histoire dans une CAN, \u00e0 laquelle ils participent pour la 4<sup>e<\/sup>\u00a0fois seulement.<\/p>\n<blockquote class=\"twitter-tweet\" data-width=\"550\" data-dnt=\"true\">\n<p lang=\"fr\" dir=\"ltr\">Aujourd\u2019hui 2\u20e3 matchs \ud83d\udd25 du Groupe F sont au programme.<\/p>\n<p>Jetez un coup d\u2019\u0153il aux rencontres \ud83d\udc40<\/p>\n<p>D\u00e8s maintenant, vous pouvez partager votre pr\u00e9diction de score sur ce lien \ud83d\udc47pour tenter de gagner un cadeau ! \ud83c\udf81 <a href=\"https:\/\/t.co\/7CEWtv329Z\">https:\/\/t.co\/7CEWtv329Z<\/a> <a href=\"https:\/\/twitter.com\/hashtag\/TotalAFCON2019?src=hash&#038;ref_src=twsrc%5Etfw\">#TotalAFCON2019<\/a> <a href=\"https:\/\/t.co\/DXsR0RAvGA\">pic.twitter.com\/DXsR0RAvGA<\/a><\/p>\n<p>\u2014 CAF (FR) (@caf_online_FR) <a href=\"https:\/\/twitter.com\/caf_online_FR\/status\/1143449636679684096?ref_src=twsrc%5Etfw\">June 25, 2019<\/a><\/p>\n<\/blockquote>\n<p><strong>Les r\u00e9sultats de lundi :<\/strong><\/p>\n<p>La poule E faisait son entr\u00e9e en comp\u00e9tition lundi. D\u2019abord, la Tunisie et l\u2019Angola ont fait un match nul ouvert serr\u00e9 (1-1). Ensuite, le Mali a inflig\u00e9 une s\u00e9v\u00e8re correction \u00e0 ses voisins mauritaniens, qui f\u00eatent leur premi\u00e8re participation en phase finale de la CAN de football (4-1). Ainsi, les Aigles s\u2019emparent de la premi\u00e8re place (3pts).<\/p>\n<p>Un peu plus t\u00f4t dans la journ\u00e9e, la C\u00f4te d\u2019Ivoire a r\u00e9ussi \u00e0 arracher une petite victoire face \u00e0 l\u2019Afrique du Sud (1-0). C\u2019\u00e9tait pour le compte du dernier match de la premi\u00e8re journ\u00e9e dans la poule D.<\/p>\n<blockquote class=\"twitter-tweet\" data-width=\"550\" data-dnt=\"true\">\n<p lang=\"fr\" dir=\"ltr\"><a href=\"https:\/\/twitter.com\/hashtag\/LesAigles?src=hash&#038;ref_src=twsrc%5Etfw\">#LesAigles<\/a> en t\u00eate du groupe E suite \u00e0 cette premi\u00e8re journ\u00e9e !<a href=\"https:\/\/twitter.com\/hashtag\/TotalAFCON2019?src=hash&#038;ref_src=twsrc%5Etfw\">#TotalAFCON2019<\/a> <a href=\"https:\/\/t.co\/p44Y1mQhw7\">pic.twitter.com\/p44Y1mQhw7<\/a><\/p>\n<p>\u2014 CAF (FR) (@caf_online_FR) <a href=\"https:\/\/twitter.com\/caf_online_FR\/status\/1143284443127439360?ref_src=twsrc%5Etfw\">June 24, 2019<\/a><\/p>\n<\/blockquote>\n<div class=\"c17\">\n<fieldset class=\"c16\">\n<legend><strong><span class=\"c11\">Challenge<\/span><span class=\"c12\">news<\/span><\/strong><\/legend>\n<div class=\"c15\">Le meilleur de la r\u00e9daction s\u00e9lectionn\u00e9 par Challenge :<\/p>\n<\/div>\n<\/fieldset>\n<\/div>\n<p>Auteur: Hajar DARI<br \/>\n<a href=\"https:\/\/www.challenge.ma\/can-2019-le-programme-des-rencontres-de-ce-mardi-111347\/\">Cliquez ici pour lire l&rsquo;article depuis sa source.<\/a><\/p>\n","protected":false},"excerpt":{"rendered":"<p>Le show de la CAN 2019 se poursuit au pays des Pharaons, mardi, avec deux chocs du groupe F \u00e0 ne pas rater. Les Lions indomptables auraient d\u00fb d\u00e9fendre leur titre \u00e0 domicile. Mais apr\u00e8s s\u2019\u00eatre vu retirer l\u2019organisation de la CAN-2019, il y a six mois, c\u2019est \u00e0 Ismailia, en Egypte, que le Cameroun [&hellip;]<\/p>\n","protected":false},"author":1787,"featured_media":0,"comment_status":"closed","ping_status":"closed","sticky":false,"template":"","format":"standard","meta":{"fifu_image_url":"","fifu_image_alt":"","footnotes":""},"categories":[78,54],"tags":[],"class_list":["post-42609","post","type-post","status-publish","format-standard","hentry","category-economie","category-maroc"],"_links":{"self":[{"href":"https:\/\/linitiative.ca\/International\/wp-json\/wp\/v2\/posts\/42609","targetHints":{"allow":["GET"]}}],"collection":[{"href":"https:\/\/linitiative.ca\/International\/wp-json\/wp\/v2\/posts"}],"about":[{"href":"https:\/\/linitiative.ca\/International\/wp-json\/wp\/v2\/types\/post"}],"author":[{"embeddable":true,"href":"https:\/\/linitiative.ca\/International\/wp-json\/wp\/v2\/users\/1787"}],"replies":[{"embeddable":true,"href":"https:\/\/linitiative.ca\/International\/wp-json\/wp\/v2\/comments?post=42609"}],"version-history":[{"count":0,"href":"https:\/\/linitiative.ca\/International\/wp-json\/wp\/v2\/posts\/42609\/revisions"}],"wp:attachment":[{"href":"https:\/\/linitiative.ca\/International\/wp-json\/wp\/v2\/media?parent=42609"}],"wp:term":[{"taxonomy":"category","embeddable":true,"href":"https:\/\/linitiative.ca\/International\/wp-json\/wp\/v2\/categories?post=42609"},{"taxonomy":"post_tag","embeddable":true,"href":"https:\/\/linitiative.ca\/International\/wp-json\/wp\/v2\/tags?post=42609"}],"curies":[{"name":"wp","href":"https:\/\/api.w.org\/{rel}","templated":true}]}}