{"id":42610,"date":"2019-06-25T07:29:37","date_gmt":"2019-06-25T11:29:37","guid":{"rendered":"https:\/\/linitiative.ca\/International\/auto-entrepreneurs-la-couverture-medicale-en-discussion\/"},"modified":"2019-06-25T07:29:37","modified_gmt":"2019-06-25T11:29:37","slug":"auto-entrepreneurs-la-couverture-medicale-en-discussion","status":"publish","type":"post","link":"https:\/\/linitiative.ca\/International\/auto-entrepreneurs-la-couverture-medicale-en-discussion\/","title":{"rendered":"Auto-entrepreneurs : la couverture m\u00e9dicale en discussion"},"content":{"rendered":"<p><strong>Les auto-entrepreneurs attendent encore la concr\u00e9tisation du projet de r\u00e9gime de retraite et de couverture m\u00e9dicale toujours en discussion.<\/strong><\/p>\n<div class=\"c10\"\/>\n<p>Depuis sa cr\u00e9ation en 2015, en adoptant le projet de <strong>loi n\u00b0 114.13<\/strong> par les deux chambres, le r\u00e9gime Auto-Entrepreneur connait toujours quelques difficult\u00e9s, dont la mise en place d\u2019un syst\u00e8me de retraite et de couverture m\u00e9dical au profit de cette communaut\u00e9 du corps de l\u2019entrepreneuriat, qui ne cessent de s\u2019agrandir.<\/p>\n<p>Les auto-entrepreneurs exer\u00e7ant les activit\u00e9s industrielles, commerciales et artisanales et dont le chiffre d\u2019affaires est inf\u00e9rieur ou \u00e9gal \u00e0 500.000 DH sont soumis \u00e0 un taux d\u2019imposition de 0,5%, indique L\u2019Economiste dans son \u00e9dition de ce mardi.<\/p>\n<p>Lire aussi : <a href=\"https:\/\/www.challenge.ma\/dgi-nouveaux-avantages-fiscaux-en-faveur-des-auto-entrepreneurs-103133\/\" target=\"_blank\" rel=\"noopener noreferrer\">DGI : nouveaux avantages fiscaux en faveur des auto-entrepreneurs<\/a><\/p>\n<p>D\u2019apr\u00e8s la CNSS, qui se base sur une \u00e9tude r\u00e9alis\u00e9e par Maroc PME, ces professionnels d\u00e9gagent une marge de 15% et un b\u00e9n\u00e9fice forfaitaire maximum de 75.000 DH. A cette cat\u00e9gorie, la Caisse propose un revenu mensuel forfaitaire de 6.425 DH, soit deux fois et demie le smig. Aux auto-entrepreneurs prestataires de services, impos\u00e9s \u00e0 1% pour un chiffre d\u2019affaires de moins de 200.000 DH, l\u2019assiette de cotisation mensuelle correspondante serait \u00e9quivalente \u00e0 5.140, soit deux fois le smig. Sauf que les auto-entrepreneurs avec lesquels les concertations sont men\u00e9es rejettent ces propositions, poursuit le journal.<\/p>\n<div class=\"c17\">\n<fieldset class=\"c16\">\n<legend><strong><span class=\"c11\">Challenge<\/span><span class=\"c12\">news<\/span><\/strong><\/legend>\n<div class=\"c15\">Le meilleur de la r\u00e9daction s\u00e9lectionn\u00e9 par Challenge :<\/p>\n<\/div>\n<\/fieldset>\n<\/div>\n<p>Auteur: challenge<br \/>\n<a href=\"https:\/\/www.challenge.ma\/auto-entrepreneurs-la-couverture-medicale-en-discussion-111335\/\">Cliquez ici pour lire l&rsquo;article depuis sa source.<\/a><\/p>\n","protected":false},"excerpt":{"rendered":"<p>Les auto-entrepreneurs attendent encore la concr\u00e9tisation du projet de r\u00e9gime de retraite et de couverture m\u00e9dicale toujours en discussion. Depuis sa cr\u00e9ation en 2015, en adoptant le projet de loi n\u00b0 114.13 par les deux chambres, le r\u00e9gime Auto-Entrepreneur connait toujours quelques difficult\u00e9s, dont la mise en place d\u2019un syst\u00e8me de retraite et de couverture [&hellip;]<\/p>\n","protected":false},"author":1787,"featured_media":0,"comment_status":"closed","ping_status":"closed","sticky":false,"template":"","format":"standard","meta":{"fifu_image_url":"","fifu_image_alt":"","footnotes":""},"categories":[78,54],"tags":[],"class_list":["post-42610","post","type-post","status-publish","format-standard","hentry","category-economie","category-maroc"],"_links":{"self":[{"href":"https:\/\/linitiative.ca\/International\/wp-json\/wp\/v2\/posts\/42610","targetHints":{"allow":["GET"]}}],"collection":[{"href":"https:\/\/linitiative.ca\/International\/wp-json\/wp\/v2\/posts"}],"about":[{"href":"https:\/\/linitiative.ca\/International\/wp-json\/wp\/v2\/types\/post"}],"author":[{"embeddable":true,"href":"https:\/\/linitiative.ca\/International\/wp-json\/wp\/v2\/users\/1787"}],"replies":[{"embeddable":true,"href":"https:\/\/linitiative.ca\/International\/wp-json\/wp\/v2\/comments?post=42610"}],"version-history":[{"count":0,"href":"https:\/\/linitiative.ca\/International\/wp-json\/wp\/v2\/posts\/42610\/revisions"}],"wp:attachment":[{"href":"https:\/\/linitiative.ca\/International\/wp-json\/wp\/v2\/media?parent=42610"}],"wp:term":[{"taxonomy":"category","embeddable":true,"href":"https:\/\/linitiative.ca\/International\/wp-json\/wp\/v2\/categories?post=42610"},{"taxonomy":"post_tag","embeddable":true,"href":"https:\/\/linitiative.ca\/International\/wp-json\/wp\/v2\/tags?post=42610"}],"curies":[{"name":"wp","href":"https:\/\/api.w.org\/{rel}","templated":true}]}}