{"id":42611,"date":"2019-06-25T07:48:24","date_gmt":"2019-06-25T11:48:24","guid":{"rendered":"https:\/\/linitiative.ca\/International\/fiscalite-premieres-odeurs-de-la-marmite-fiscale\/"},"modified":"2019-06-25T07:48:24","modified_gmt":"2019-06-25T11:48:24","slug":"fiscalite-premieres-odeurs-de-la-marmite-fiscale","status":"publish","type":"post","link":"https:\/\/linitiative.ca\/International\/fiscalite-premieres-odeurs-de-la-marmite-fiscale\/","title":{"rendered":"Fiscalit\u00e9 : premi\u00e8res odeurs de la marmite fiscale"},"content":{"rendered":"<p class=\"yiv6259900567ydp35c6bd0byiv6837314152MsoNormal\"><strong>La marmite fiscale a \u00e9t\u00e9 mise sur le feu. La cuisson semble se faire \u00e0 petit feu pour mieux \u00ab\u00a0attendrir la viande trop dure de certains contribuables\u00a0\u00bb. Challenge a pu discr\u00e8tement capter un parfum s\u2019\u00e9chappant ce weekend dernier de l\u2019enceinte du minist\u00e8re de l\u2019Economie et des Finances.<\/strong><\/p>\n<div class=\"c10\"\/>\n<p class=\"yiv6259900567ydp35c6bd0byiv6837314152MsoNormal\">Il est d\u2019abord question de contextualiser le projet de loi cadre, en rappelant les premi\u00e8res et deuxi\u00e8mes assises nationales sur la fiscalit\u00e9. L\u2019articulation n\u00e9cessaire est ensuite bien mise en \u00e9vidence avec le d\u00e9bat actuel sur le mod\u00e8le de d\u00e9veloppement. De m\u00eame, le poids de l\u2019international, surtout de l\u2019Union europ\u00e9enne, devra marquer ce projet. La fiscalit\u00e9 n\u2019est plus une affaire exclusivement nationale. Certaines d\u00e9rogations devront \u00eatre revues pour aligner le <strong>syst\u00e8me fiscal national<\/strong> aux r\u00e8gles et principes de plus en plus consacr\u00e9s au niveau international.<\/p>\n<p class=\"yiv6259900567ydp35c6bd0byiv6837314152MsoNormal\">Les taux de TVA devront \u00eatre r\u00e9am\u00e9nag\u00e9s, avec le souci principal de supprimer le butoir et de g\u00e9n\u00e9raliser progressivement le droit au remboursement. C\u2019est l\u00e0 un objectif explicite de cons\u00e9cration effective du principe de la neutralit\u00e9 de la TVA. Le bar\u00e8me de l\u2019IS aussi sera revu pour \u00eatre simplifi\u00e9. Un \u00ab\u00a0<strong>super taux<\/strong>\u00a0\u00bb est envisag\u00e9 pour taxer les activit\u00e9s monopolistiques. Le bar\u00e8me de l\u2019IR devra conna\u00eetre une refonte dans une optique de renforcement de l\u2019\u00e9quit\u00e9 fiscale. De m\u00eame, il est question de g\u00e9n\u00e9raliser l\u2019application du bar\u00e8me progressif \u00e0 toutes les cat\u00e9gories de revenus.<\/p>\n<p>Lire aussi : <a href=\"https:\/\/www.challenge.ma\/vers-un-atd-plus-intelligent-et-soft-108980\/\" target=\"_blank\" rel=\"noopener noreferrer\">Fiscalit\u00e9 : vers un \u00abATD plus intelligent et soft\u00bb<\/a><\/p>\n<p class=\"yiv6259900567ydp35c6bd0byiv6837314152MsoNormal\">Enfin, la grande nouveaut\u00e9 devra concerner la fiscalit\u00e9 du patrimoine foncier et\/ou financier, dans ses composantes sp\u00e9culatives. La fiscalit\u00e9 pourra ainsi devenir un instrument de r\u00e9gulation \u00e9conomique et sociale, pour \u00e9viter la concentration des richesses et donc l\u2019aggravation des in\u00e9galit\u00e9s sociales. L\u2019\u00e9conomie de rente est bel et bien l\u2019obstacle num\u00e9ro un du d\u00e9veloppement. C\u2019est le principal facteur de r\u00e9sistance au changement. Le Conseil de gouvernement du jeudi 26 juin pr\u00e9voit d\u2019ailleurs un expos\u00e9 des r\u00e9sultats des troisi\u00e8mes <strong>assises fiscales<\/strong> tenues r\u00e9cemment au d\u00e9but du mois de mai de cette ann\u00e9e.<\/p>\n<p class=\"yiv6259900567ydp35c6bd0byiv6837314152MsoNormal\">Ces premiers ingr\u00e9dients semblent ainsi bien refl\u00e9ter une tendance \u00e0 une r\u00e9ponse fid\u00e8le aux attentes exprim\u00e9es lors des derni\u00e8res assises. Mais attention aux virages et surtout aux barrages dress\u00e9s par certains lobbies bien arm\u00e9s et bien habitu\u00e9s aux techniques d\u2019avortement\u2026<\/p>\n<div class=\"c17\">\n<fieldset class=\"c16\">\n<legend><strong><span class=\"c11\">Challenge<\/span><span class=\"c12\">news<\/span><\/strong><\/legend>\n<div class=\"c15\">Le meilleur de la r\u00e9daction s\u00e9lectionn\u00e9 par Challenge :<\/p>\n<\/div>\n<\/fieldset>\n<\/div>\n<p>Auteur: Amine Amrani<br \/>\n<a href=\"https:\/\/www.challenge.ma\/fiscalite-premieres-odeurs-de-la-marmite-fiscale-111369\/\">Cliquez ici pour lire l&rsquo;article depuis sa source.<\/a><\/p>\n","protected":false},"excerpt":{"rendered":"<p>La marmite fiscale a \u00e9t\u00e9 mise sur le feu. La cuisson semble se faire \u00e0 petit feu pour mieux \u00ab\u00a0attendrir la viande trop dure de certains contribuables\u00a0\u00bb. Challenge a pu discr\u00e8tement capter un parfum s\u2019\u00e9chappant ce weekend dernier de l\u2019enceinte du minist\u00e8re de l\u2019Economie et des Finances. Il est d\u2019abord question de contextualiser le projet [&hellip;]<\/p>\n","protected":false},"author":1787,"featured_media":0,"comment_status":"closed","ping_status":"closed","sticky":false,"template":"","format":"standard","meta":{"fifu_image_url":"","fifu_image_alt":"","footnotes":""},"categories":[78,54],"tags":[],"class_list":["post-42611","post","type-post","status-publish","format-standard","hentry","category-economie","category-maroc"],"_links":{"self":[{"href":"https:\/\/linitiative.ca\/International\/wp-json\/wp\/v2\/posts\/42611","targetHints":{"allow":["GET"]}}],"collection":[{"href":"https:\/\/linitiative.ca\/International\/wp-json\/wp\/v2\/posts"}],"about":[{"href":"https:\/\/linitiative.ca\/International\/wp-json\/wp\/v2\/types\/post"}],"author":[{"embeddable":true,"href":"https:\/\/linitiative.ca\/International\/wp-json\/wp\/v2\/users\/1787"}],"replies":[{"embeddable":true,"href":"https:\/\/linitiative.ca\/International\/wp-json\/wp\/v2\/comments?post=42611"}],"version-history":[{"count":0,"href":"https:\/\/linitiative.ca\/International\/wp-json\/wp\/v2\/posts\/42611\/revisions"}],"wp:attachment":[{"href":"https:\/\/linitiative.ca\/International\/wp-json\/wp\/v2\/media?parent=42611"}],"wp:term":[{"taxonomy":"category","embeddable":true,"href":"https:\/\/linitiative.ca\/International\/wp-json\/wp\/v2\/categories?post=42611"},{"taxonomy":"post_tag","embeddable":true,"href":"https:\/\/linitiative.ca\/International\/wp-json\/wp\/v2\/tags?post=42611"}],"curies":[{"name":"wp","href":"https:\/\/api.w.org\/{rel}","templated":true}]}}