{"id":42612,"date":"2019-06-25T07:59:30","date_gmt":"2019-06-25T11:59:30","guid":{"rendered":"https:\/\/linitiative.ca\/International\/can-2019-mbarek-boussoufa-redoute-la-cote-divoire\/"},"modified":"2019-06-25T07:59:30","modified_gmt":"2019-06-25T11:59:30","slug":"can-2019-mbarek-boussoufa-redoute-la-cote-divoire","status":"publish","type":"post","link":"https:\/\/linitiative.ca\/International\/can-2019-mbarek-boussoufa-redoute-la-cote-divoire\/","title":{"rendered":"CAN 2019 : Mbarek Boussoufa redoute la C\u00f4te d\u2019Ivoire"},"content":{"rendered":"<p><strong>Le v\u00e9t\u00e9ran de l\u2019\u00e9quipe nationale, Mbarek Boussoufa, a \u00e9voqu\u00e9 l\u2019importance de la victoire de dimanche contre la Namibie dans le groupe D de la Coupe d\u2019Afrique des nations en Egypte.<\/strong><\/p>\n<div class=\"c10\"\/>\n<p>\u00ab\u00a0Je suis ravi de recevoir le troph\u00e9e de l\u2019homme du match, mais ce n\u2019est pas aussi important que les trois points que nous avons obtenus\u00a0\u00bb, a-t-il d\u00e9clar\u00e9. Boussoufa a parl\u00e9 de la pr\u00e9paration de l\u2019\u00e9quipe nationale \u00e0 la coupe continentale soulignant que le groupe \u00e9tait pr\u00eat, la difficult\u00e9 des matches \u00e0 attendre pour l\u2019\u00e9quipe, en citant le premier match au cours duquel ses coll\u00e8gues ont eu de nombreuses difficult\u00e9s avant de s\u2019emparer du vainqueur.<\/p>\n<p>En ce qui concerne la pr\u00e9paration pour le match contre la\u00a0C\u00f4te d\u2019Ivoire ce vendredi, Boussoufa a d\u00e9clar\u00e9 qu&rsquo;\u00a0\u00bbelle est consid\u00e9r\u00e9e comme l\u2019une des meilleures \u00e9quipes d\u2019Afrique avec des joueurs dot\u00e9s d\u2019\u00e9normes capacit\u00e9s individuelles et physiques qui peuvent faire la diff\u00e9rence \u00e0 tout moment du match\u00a0\u00bb. \u00ab\u00a0Nous les avons affront\u00e9s r\u00e9cemment \u00e0 plusieurs reprises et cela a toujours \u00e9t\u00e9 tr\u00e8s difficile. Nous essaierons\u00a0 au maximum pour obtenir un r\u00e9sultat positif dans ce match. Boussoufa a conclu son discours en remerciant tous les supporters marocains, que ce soit dans les gradins ou \u00e0 la t\u00e9l\u00e9vision, et a appel\u00e9 \u00e0 davantage de soutien et d\u2019encouragement pour l\u2019\u00e9quipe nationale.<\/p>\n<p><iframe loading=\"lazy\" width=\"1140\" height=\"641\" src=\"https:\/\/www.youtube.com\/embed\/sISyDen8pPo?feature=oembed\" frameborder=\"0\" allow=\"accelerometer; autoplay; encrypted-media; gyroscope; picture-in-picture\" allowfullscreen=\"\">[embedded content]<\/iframe><\/p>\n<p>Rappelons que les Lions de l\u2019Atlas sont en t\u00eate du groupe D apr\u00e8s avoir remport\u00e9, dimanche, une victoire difficile contre la Namibie lors du premier match de l\u2019\u00e9quipe \u00e0 la Coupe d\u2019Afrique des nations.<\/p>\n<div class=\"c17\">\n<fieldset class=\"c16\">\n<legend><strong><span class=\"c11\">Challenge<\/span><span class=\"c12\">news<\/span><\/strong><\/legend>\n<div class=\"c15\">Le meilleur de la r\u00e9daction s\u00e9lectionn\u00e9 par Challenge :<\/p>\n<\/div>\n<\/fieldset>\n<\/div>\n<p>Auteur: Hajar DARI<br \/>\n<a href=\"https:\/\/www.challenge.ma\/can-2019-mbarek-boussoufa-redoute-la-cote-divoire-111361\/\">Cliquez ici pour lire l&rsquo;article depuis sa source.<\/a><\/p>\n","protected":false},"excerpt":{"rendered":"<p>Le v\u00e9t\u00e9ran de l\u2019\u00e9quipe nationale, Mbarek Boussoufa, a \u00e9voqu\u00e9 l\u2019importance de la victoire de dimanche contre la Namibie dans le groupe D de la Coupe d\u2019Afrique des nations en Egypte. \u00ab\u00a0Je suis ravi de recevoir le troph\u00e9e de l\u2019homme du match, mais ce n\u2019est pas aussi important que les trois points que nous avons obtenus\u00a0\u00bb, [&hellip;]<\/p>\n","protected":false},"author":1787,"featured_media":0,"comment_status":"closed","ping_status":"closed","sticky":false,"template":"","format":"standard","meta":{"fifu_image_url":"","fifu_image_alt":"","footnotes":""},"categories":[78,54],"tags":[],"class_list":["post-42612","post","type-post","status-publish","format-standard","hentry","category-economie","category-maroc"],"_links":{"self":[{"href":"https:\/\/linitiative.ca\/International\/wp-json\/wp\/v2\/posts\/42612","targetHints":{"allow":["GET"]}}],"collection":[{"href":"https:\/\/linitiative.ca\/International\/wp-json\/wp\/v2\/posts"}],"about":[{"href":"https:\/\/linitiative.ca\/International\/wp-json\/wp\/v2\/types\/post"}],"author":[{"embeddable":true,"href":"https:\/\/linitiative.ca\/International\/wp-json\/wp\/v2\/users\/1787"}],"replies":[{"embeddable":true,"href":"https:\/\/linitiative.ca\/International\/wp-json\/wp\/v2\/comments?post=42612"}],"version-history":[{"count":0,"href":"https:\/\/linitiative.ca\/International\/wp-json\/wp\/v2\/posts\/42612\/revisions"}],"wp:attachment":[{"href":"https:\/\/linitiative.ca\/International\/wp-json\/wp\/v2\/media?parent=42612"}],"wp:term":[{"taxonomy":"category","embeddable":true,"href":"https:\/\/linitiative.ca\/International\/wp-json\/wp\/v2\/categories?post=42612"},{"taxonomy":"post_tag","embeddable":true,"href":"https:\/\/linitiative.ca\/International\/wp-json\/wp\/v2\/tags?post=42612"}],"curies":[{"name":"wp","href":"https:\/\/api.w.org\/{rel}","templated":true}]}}