{"id":42613,"date":"2019-06-25T08:01:59","date_gmt":"2019-06-25T12:01:59","guid":{"rendered":"https:\/\/linitiative.ca\/International\/casablanca-entree-en-vigueur-des-nouveaux-contrats\/"},"modified":"2019-06-25T08:01:59","modified_gmt":"2019-06-25T12:01:59","slug":"casablanca-entree-en-vigueur-des-nouveaux-contrats","status":"publish","type":"post","link":"https:\/\/linitiative.ca\/International\/casablanca-entree-en-vigueur-des-nouveaux-contrats\/","title":{"rendered":"Casablanca : entr\u00e9e en vigueur des nouveaux contrats"},"content":{"rendered":"<p><strong>Les nouveaux contrats de gestion d\u00e9l\u00e9gu\u00e9e de la propret\u00e9 urbaine et de la gestion des d\u00e9chets m\u00e9nagers et assimil\u00e9s \u00e0 Casablanca, sign\u00e9s r\u00e9cemment avec les soci\u00e9t\u00e9s Averda et Derichebourg, sont entr\u00e9s d\u00e9sormais en vigueur comportant d\u2019importantes nouveaut\u00e9s.<\/strong><\/p>\n<div class=\"c10\"\/>\n<p>Obligation de r\u00e9sultat, am\u00e9lioration de la qualit\u00e9 des prestations, collecte nocturne, initiation au tri bi-flux, am\u00e9nagement des points de regroupements des conteneurs, \u00e9quipement de certains quartiers par la conteneurisation enterr\u00e9e, tels sont les principales particularit\u00e9s des nouveaux contrats, dont le budget est de 893.000.000 DH (HT) par an. Un contr\u00f4le informatis\u00e9 instantan\u00e9 sera mis en place afin d\u2019atteindre une meilleure qualit\u00e9 des prestations et une satisfaction des citoyens casablancais. Ces nouveaut\u00e9s ont \u00e9t\u00e9 pr\u00e9sent\u00e9es, mardi, lors d\u2019une c\u00e9r\u00e9monie officielle \u00e0 la wilaya de Casablanca, pr\u00e9sid\u00e9e par le wali de la r\u00e9gion Casablanca-Settat, gouverneur de Casablanca, Said Ahmidouch, et le pr\u00e9sident de la commune de Casablanca Abdelaziz El Omari.<\/p>\n<p><img loading=\"lazy\" decoding=\"async\" class=\"wp-image-111387 size-full\" src=\"https:\/\/www.challenge.ma\/wp-content\/uploads\/2019\/06\/derichebourg-maroc.jpg\" alt=\"\" width=\"896\" height=\"598\" srcset=\"https:\/\/www.challenge.ma\/wp-content\/uploads\/2019\/06\/derichebourg-maroc.jpg 896w, https:\/\/www.challenge.ma\/wp-content\/uploads\/2019\/06\/derichebourg-maroc-300x200.jpg 300w, https:\/\/www.challenge.ma\/wp-content\/uploads\/2019\/06\/derichebourg-maroc-768x513.jpg 768w, https:\/\/www.challenge.ma\/wp-content\/uploads\/2019\/06\/derichebourg-maroc-360x240.jpg 360w, https:\/\/www.challenge.ma\/wp-content\/uploads\/2019\/06\/derichebourg-maroc-750x501.jpg 750w\" sizes=\"auto, (max-width: 896px) 100vw, 896px\"\/>Derichebourg Maroc<\/p>\n<p>Lors de cette c\u00e9r\u00e9monie qui a connu la participation des responsables des deux soci\u00e9t\u00e9s et les pr\u00e9sidents des arrondissements concern\u00e9s, le wali a \u00e9galement insist\u00e9 sur l\u2019implication de la population et sa sensibilisation quant \u00e0 l\u2019importance de la propret\u00e9 de la m\u00e9tropole, appelant tous les acteurs concern\u00e9s \u00ab\u00a0\u00e0 assumer leur responsabilit\u00e9\u00a0\u00bb en vue de faire de la ville une m\u00e9tropole digne de sa r\u00e9putation en tant que <strong>capitale \u00e9conomique<\/strong> du Royaume.<\/p>\n<p>Lire aussi : <a href=\"https:\/\/www.challenge.ma\/gestion-deleguee-les-recommandations-du-conseil-economique-social-et-environnemental-60531\/\" target=\"_blank\" rel=\"noopener noreferrer\">Gestion d\u00e9l\u00e9gu\u00e9e : Les recommandations du Conseil Economique, Social et Environnemental<\/a><\/p>\n<p>Pr\u00e9sentant les nouveaux contrats, les responsables de Casa-environnement ont, de leur c\u00f4t\u00e9, indiqu\u00e9 que plusieurs nouveaut\u00e9s figurent dans les nouveaux documents sign\u00e9s. Tout d\u2019abord, la ville va r\u00e9gler, annuellement, un montant forfaitaire aux d\u00e9l\u00e9gataires. Le syst\u00e8me de r\u00e8glement par tonnage sera d\u00e8s lors abandonn\u00e9, afin de ma\u00eetriser le budget r\u00e9serv\u00e9 \u00e0 ce secteur. Autre nouveaut\u00e9, les nouveaux d\u00e9l\u00e9gataires ne se chargeront pas de la collecte de gravats. C\u2019est d\u00e9sormais le r\u00f4le des entreprises qui produisent ces d\u00e9chets.<\/p>\n<p><img loading=\"lazy\" decoding=\"async\" class=\"wp-image-111386 size-full\" src=\"https:\/\/www.challenge.ma\/wp-content\/uploads\/2019\/06\/Averda-Maroc.jpg\" alt=\"\" width=\"600\" height=\"300\" srcset=\"https:\/\/www.challenge.ma\/wp-content\/uploads\/2019\/06\/Averda-Maroc.jpg 600w, https:\/\/www.challenge.ma\/wp-content\/uploads\/2019\/06\/Averda-Maroc-300x150.jpg 300w, https:\/\/www.challenge.ma\/wp-content\/uploads\/2019\/06\/Averda-Maroc-360x180.jpg 360w\" sizes=\"auto, (max-width: 600px) 100vw, 600px\"\/>Averda Maroc<\/p>\n<p>De <strong>nouvelles mesures<\/strong> sont \u00e9galement mises en place pour les grands producteurs de d\u00e9chets (centres commerciaux, restaurants, h\u00f4tels, \u00e9tablissements scolaires et entreprises disposant de cantines\u2026), qui se chargeront d\u00e9sormais de collecter leurs d\u00e9chets ou paieront pour leur collecte. La police environnementale entrera en sc\u00e8ne \u00e0 partir de juillet prochain pour sensibiliser les op\u00e9rateurs qui produisent de grandes quantit\u00e9s de d\u00e9chets et veiller au respect du cahier des charges. Par ailleurs, la collecte des d\u00e9chets m\u00e9nagers se fera durant la nuit, entre 10h du soir et 6h du matin.<\/p>\n<p>Les camions de collecte seront \u00e9quip\u00e9s de puces <strong>GPS<\/strong> permettant un suivi en temps r\u00e9el des op\u00e9rations de collecte et un archivage des donn\u00e9es produites dans une base de donn\u00e9es accessible aux d\u00e9l\u00e9gataires et \u00e0 la commune. Ces v\u00e9hicules doivent \u00eatre en mesure de collecter des bacs mais \u00e9galement des sacs. Les d\u00e9chets de certains quartiers seront collect\u00e9s presque exclusivement en porte-\u00e0-porte.<\/p>\n<div class=\"c17\">\n<fieldset class=\"c16\">\n<legend><strong><span class=\"c11\">Challenge<\/span><span class=\"c12\">news<\/span><\/strong><\/legend>\n<div class=\"c15\">Le meilleur de la r\u00e9daction s\u00e9lectionn\u00e9 par Challenge :<\/p>\n<\/div>\n<\/fieldset>\n<\/div>\n<p>Auteur: Hassan Manyani<br \/>\n<a href=\"https:\/\/www.challenge.ma\/casablanca-entree-en-vigueur-des-nouveaux-contrats-111380\/\">Cliquez ici pour lire l&rsquo;article depuis sa source.<\/a><\/p>\n","protected":false},"excerpt":{"rendered":"<p>Les nouveaux contrats de gestion d\u00e9l\u00e9gu\u00e9e de la propret\u00e9 urbaine et de la gestion des d\u00e9chets m\u00e9nagers et assimil\u00e9s \u00e0 Casablanca, sign\u00e9s r\u00e9cemment avec les soci\u00e9t\u00e9s Averda et Derichebourg, sont entr\u00e9s d\u00e9sormais en vigueur comportant d\u2019importantes nouveaut\u00e9s. Obligation de r\u00e9sultat, am\u00e9lioration de la qualit\u00e9 des prestations, collecte nocturne, initiation au tri bi-flux, am\u00e9nagement des points [&hellip;]<\/p>\n","protected":false},"author":1787,"featured_media":42614,"comment_status":"closed","ping_status":"closed","sticky":false,"template":"","format":"standard","meta":{"fifu_image_url":"","fifu_image_alt":"","footnotes":""},"categories":[78,54],"tags":[],"class_list":["post-42613","post","type-post","status-publish","format-standard","has-post-thumbnail","hentry","category-economie","category-maroc"],"_links":{"self":[{"href":"https:\/\/linitiative.ca\/International\/wp-json\/wp\/v2\/posts\/42613","targetHints":{"allow":["GET"]}}],"collection":[{"href":"https:\/\/linitiative.ca\/International\/wp-json\/wp\/v2\/posts"}],"about":[{"href":"https:\/\/linitiative.ca\/International\/wp-json\/wp\/v2\/types\/post"}],"author":[{"embeddable":true,"href":"https:\/\/linitiative.ca\/International\/wp-json\/wp\/v2\/users\/1787"}],"replies":[{"embeddable":true,"href":"https:\/\/linitiative.ca\/International\/wp-json\/wp\/v2\/comments?post=42613"}],"version-history":[{"count":0,"href":"https:\/\/linitiative.ca\/International\/wp-json\/wp\/v2\/posts\/42613\/revisions"}],"wp:featuredmedia":[{"embeddable":true,"href":"https:\/\/linitiative.ca\/International\/wp-json\/"}],"wp:attachment":[{"href":"https:\/\/linitiative.ca\/International\/wp-json\/wp\/v2\/media?parent=42613"}],"wp:term":[{"taxonomy":"category","embeddable":true,"href":"https:\/\/linitiative.ca\/International\/wp-json\/wp\/v2\/categories?post=42613"},{"taxonomy":"post_tag","embeddable":true,"href":"https:\/\/linitiative.ca\/International\/wp-json\/wp\/v2\/tags?post=42613"}],"curies":[{"name":"wp","href":"https:\/\/api.w.org\/{rel}","templated":true}]}}