{"id":42623,"date":"2019-06-25T17:15:50","date_gmt":"2019-06-25T21:15:50","guid":{"rendered":"https:\/\/linitiative.ca\/International\/soutenances-a-listic-le-ministre-dandjinou-encourage-les-impetrants\/"},"modified":"2019-06-25T17:15:50","modified_gmt":"2019-06-25T21:15:50","slug":"soutenances-a-listic-le-ministre-dandjinou-encourage-les-impetrants","status":"publish","type":"post","link":"https:\/\/linitiative.ca\/International\/soutenances-a-listic-le-ministre-dandjinou-encourage-les-impetrants\/","title":{"rendered":"Soutenances \u00e0 l\u2019ISTIC : le ministre Dandjinou encourage les imp\u00e9trants"},"content":{"rendered":"<div class=\"td-post-featured-image\"><a href=\"https:\/\/i2.wp.com\/www.sidwaya.info\/wp-content\/uploads\/2019\/06\/1-57.jpg?fit=738%2C493&#038;ssl=1\" data-caption=\"\"><img loading=\"lazy\" decoding=\"async\" width=\"696\" height=\"465\" class=\"entry-thumb td-modal-image\" src=\"https:\/\/i2.wp.com\/www.sidwaya.info\/wp-content\/uploads\/2019\/06\/1-57.jpg?resize=696%2C465&#038;ssl=1\" srcset=\"https:\/\/i2.wp.com\/www.sidwaya.info\/wp-content\/uploads\/2019\/06\/1-57.jpg?w=738&#038;ssl=1 738w, https:\/\/i2.wp.com\/www.sidwaya.info\/wp-content\/uploads\/2019\/06\/1-57.jpg?resize=300%2C200&#038;ssl=1 300w, https:\/\/i2.wp.com\/www.sidwaya.info\/wp-content\/uploads\/2019\/06\/1-57.jpg?resize=696%2C465&#038;ssl=1 696w, https:\/\/i2.wp.com\/www.sidwaya.info\/wp-content\/uploads\/2019\/06\/1-57.jpg?resize=629%2C420&#038;ssl=1 629w\" sizes=\"auto, (max-width: 696px) 100vw, 696px\" alt=\"\" title=\"1\"\/><\/a><\/div>\n<p><strong>Le ministre en charge de la communication, Remis Fulgance Dandjinou, s\u2019est rendu, le mardi 25 juin 2019, \u00e0 l\u2019Institut des sciences et techniques de l\u2019information et de la communication(ISTIC). Il est all\u00e9 encourager les \u00e9tudiants qui y d\u00e9fendent leurs m\u00e9moires de fin de cycle.<\/strong><\/p>\n<p>47 \u00e9tudiants d\u00e9fendent leurs m\u00e9moires pour l\u2019obtention du dipl\u00f4me d\u2019assistant en sciences et techniques de l\u2019information et de la communication. A l\u2019occasion, le ministre en charge de la communication, Remis Fulgance Dandjinou, est venu soutenir, le mardi 25 juin 2019 \u00e0 l\u2019Institut des sciences et techniques de l\u2019information et de la communication (ISTIC) \u00e0 Ouagadougou, les imp\u00e9trants et leurs encadreurs.<\/p>\n<p>Compos\u00e9s de 23 \u00e9tudiants en journalisme, 18 en communication et 6 en technique et technologie des m\u00e9dias, ces \u00e9tudiants pr\u00e9sentent aux jurys leurs productions de fin de cycle. Ainsi, le ministre a assist\u00e9 aux expos\u00e9s sur les productions de deux \u00e9tudiants. L\u2019un a port\u00e9 sur\u00a0: \u00abLes \u00e9l\u00e9ments de communication au niveau de la justice\u00bb et l\u2019autre sur \u00abLe pagne traditionnel \u00a0Koko Donda\u00bb. Selon le ministre, ces th\u00e8mes sont d\u2019actualit\u00e9. \u00abLes questions comme la justice, l\u2019acc\u00e8s \u00e0 l\u2019eau, la sant\u00e9, la valorisation des produits locaux ont vraiment besoin d\u2019un bon syst\u00e8me de communication pour porter un peu mieux les r\u00e9sultats de l\u2019action gouvernementale\u00bb, a-t-il soulign\u00e9. Il a donc souhait\u00e9 que les productions, qui font l\u2019objet d\u2019\u00e9valuation, permettent aux \u00e9tudiants d\u2019acc\u00e9der au niveau de qualification d\u00e9fendu (assistant) afin d\u2019entrer au service des m\u00e9dias publics ou priv\u00e9s.<\/p>\n<p>L\u2019ISTIC recrute de plus en plus beaucoup d\u2019inscrits sur titre. Pour Remis Fulgance Dandjinou, cela t\u00e9moigne de la qualit\u00e9 de l\u2019enseignement au sein de l\u2019institut public. Il a, \u00e0 cet effet, remerci\u00e9 le Directeur g\u00e9n\u00e9ral (DG) de l\u2019ISTIC, Zoumana Traor\u00e9 et ses collaborateurs pour le travail abattu. Celui-ci a, pour sa part, indiqu\u00e9 que les 47 \u00e9tudiants ont \u00e9t\u00e9 form\u00e9s pendant 21 mois. C\u2019est la fin d\u2019un processus, a-t-il poursuivi, qui se concr\u00e9tise par la pr\u00e9sentation des productions r\u00e9alis\u00e9es par les \u00e9tudiants. M. Traor\u00e9 leur a donc souhait\u00e9 une bonne chance. D\u00e9but\u00e9es le 24 juin dernier, les soutenances prennent fin le mercredi 26 juin 2019.<\/p>\n<p class=\"c1\"><strong>Lassina BADOLO<\/strong><\/p>\n<div class=\"td-a-rec td-a-rec-id-content_bottom td_uid_30_5d1295b69523c_rand td_block_template_1\"><img loading=\"lazy\" decoding=\"async\" class=\"aligncenter size-full wp-image-9623\" src=\"https:\/\/www.sidwaya.info\/wp-content\/uploads\/2019\/06\/Projet-bannie%CC%80re-Orange-mobile.jpg\" alt=\"\" width=\"728\" height=\"81\"\/><\/div>\n<p>Auteur: DD. Sidwaya<br \/>\n<a href=\"https:\/\/www.sidwaya.info\/blog\/2019\/06\/25\/soutenances-a-listic-le-ministre-dandjinou-encourage-les-impetrants\/\">Cliquez ici pour lire l&rsquo;article depuis sa source.<\/a><\/p>\n","protected":false},"excerpt":{"rendered":"<p>Le ministre en charge de la communication, Remis Fulgance Dandjinou, s\u2019est rendu, le mardi 25 juin 2019, \u00e0 l\u2019Institut des sciences et techniques de l\u2019information et de la communication(ISTIC). Il est all\u00e9 encourager les \u00e9tudiants qui y d\u00e9fendent leurs m\u00e9moires de fin de cycle. 47 \u00e9tudiants d\u00e9fendent leurs m\u00e9moires pour l\u2019obtention du dipl\u00f4me d\u2019assistant en [&hellip;]<\/p>\n","protected":false},"author":1816,"featured_media":0,"comment_status":"closed","ping_status":"closed","sticky":false,"template":"","format":"standard","meta":{"fifu_image_url":"","fifu_image_alt":"","footnotes":""},"categories":[73,81],"tags":[],"class_list":["post-42623","post","type-post","status-publish","format-standard","hentry","category-actualite","category-burkina-faso"],"_links":{"self":[{"href":"https:\/\/linitiative.ca\/International\/wp-json\/wp\/v2\/posts\/42623","targetHints":{"allow":["GET"]}}],"collection":[{"href":"https:\/\/linitiative.ca\/International\/wp-json\/wp\/v2\/posts"}],"about":[{"href":"https:\/\/linitiative.ca\/International\/wp-json\/wp\/v2\/types\/post"}],"author":[{"embeddable":true,"href":"https:\/\/linitiative.ca\/International\/wp-json\/wp\/v2\/users\/1816"}],"replies":[{"embeddable":true,"href":"https:\/\/linitiative.ca\/International\/wp-json\/wp\/v2\/comments?post=42623"}],"version-history":[{"count":0,"href":"https:\/\/linitiative.ca\/International\/wp-json\/wp\/v2\/posts\/42623\/revisions"}],"wp:attachment":[{"href":"https:\/\/linitiative.ca\/International\/wp-json\/wp\/v2\/media?parent=42623"}],"wp:term":[{"taxonomy":"category","embeddable":true,"href":"https:\/\/linitiative.ca\/International\/wp-json\/wp\/v2\/categories?post=42623"},{"taxonomy":"post_tag","embeddable":true,"href":"https:\/\/linitiative.ca\/International\/wp-json\/wp\/v2\/tags?post=42623"}],"curies":[{"name":"wp","href":"https:\/\/api.w.org\/{rel}","templated":true}]}}