{"id":42657,"date":"2019-06-25T05:51:19","date_gmt":"2019-06-25T09:51:19","guid":{"rendered":"https:\/\/linitiative.ca\/International\/energie-bientot-une-mini-centrale-hydroelectrique-pour-desservir-tibati-et-ses-environs\/"},"modified":"2019-06-25T05:51:19","modified_gmt":"2019-06-25T09:51:19","slug":"energie-bientot-une-mini-centrale-hydroelectrique-pour-desservir-tibati-et-ses-environs","status":"publish","type":"post","link":"https:\/\/linitiative.ca\/International\/energie-bientot-une-mini-centrale-hydroelectrique-pour-desservir-tibati-et-ses-environs\/","title":{"rendered":"Energie: bient\u00f4t une mini centrale hydro\u00e9lectrique pour desservir Tibati et ses environs"},"content":{"rendered":"<p>Bient\u00f4t, la localit\u00e9 de <strong>Mbakaou<\/strong>, situ\u00e9e dans l\u2019arrondissement de Tibati, d\u00e9partement du Djerem, sera suffisamment aliment\u00e9e en \u00e9lectricit\u00e9. Ce sera gr\u00e2ce \u00e0 sa future mini-centrale hydro\u00e9lectrique dont la construction a \u00e9t\u00e9 lanc\u00e9e jeudi dernier par le Secr\u00e9taire g\u00e9n\u00e9ral du ministre de l\u2019Eau et de l\u2019Energie, <strong>Adolphe Ndjouke Thome<\/strong>.\u00a0 En effet, d\u2019une puissance globale de <strong>1,4 MW<\/strong>, cette nouvelle centrale \u00e9lectrique va alimenter, hormis Mbakaou et Tibati, six autres localit\u00e9s non desservies (<strong>Makendao, Boninting, Liboum, Naskoul, Gantang<\/strong>, Combo), pour un total de 2800 nouveaux m\u00e9nages. Pr\u00e9cisons que jusqu\u2019ici, ce sont deux groupes \u00e9lectrog\u00e8nes qui fournissent l\u2019\u00e9nergie \u00e9lectrique \u00e0 la localit\u00e9 de Mbakaou et ses environs.<\/p>\n<p>Le projet est port\u00e9 par la soci\u00e9t\u00e9 priv\u00e9e <strong>Innovation Energis Development (IED)<\/strong> qui s\u2019est r\u00e9unie en cartel avec l\u2019<strong>Agence d\u2019Electrification rurale (AER),<\/strong> l\u2019Union europ\u00e9enne, et la <strong>Bgfi Bank<\/strong> pour la mobilisation des fonds n\u00e9cessaires \u00e0 sa r\u00e9alisation. Le co\u00fbt du projet s\u2019\u00e9l\u00e8ve \u00e0 4,5 milliards de Fcfa : \u00ab <em>1 milliards est apport\u00e9 par IED invest Cameroun (porteur du projet) qui b\u00e9n\u00e9ficie d\u2019un appui du Fond Fran\u00e7ais pour l\u2019environnement mondial <strong>(Ffem)<\/strong> et assure le financement du projet par ses ressources propres et son partenaire bancaire BGFI Bank. Aussi, le projet b\u00e9n\u00e9ficie d\u2019un appui de <strong>1,6 milliard Fcfa<\/strong> au titre de la subvention de la facilit\u00e9 \u00e9nergie de l\u2019Union europ\u00e9enne et une subvention de <strong>961 millions Fcfa<\/strong> apport\u00e9s par le Fonds d\u2019Energie rurale<\/em> \u00bb, a pr\u00e9cis\u00e9 <strong>Moussa Ousmanou,<\/strong> directeur de l\u2019AER, dans une interview accord\u00e9e \u00e0 l\u2019\u0153il du Sahel.<\/p>\n<p>La r\u00e9ception des ouvrages est pr\u00e9vue pour 2020 et Eid Invest qui vendra l\u2019\u00e9nergie produite \u00e0 <strong>Eneo<\/strong> en assurera l\u2019exploitation pendant 20 ans selon le quotidien national bilingue. Par ailleurs, l\u2019on apprend de la m\u00eame source que cette mini-centrale hydro \u00e9lectrique va permettre de faire des \u00e9conomies de l\u2019ordre de 300 milliards par an et r\u00e9duire les \u00e9missions de dioxyde de carbone de <strong>3200 tonnes<\/strong> d\u00e8s la premi\u00e8re ann\u00e9e.<\/p>\n<p>Rappelons que ce projet qui prend corps est le r\u00e9sultat de l\u2019aboutissement des mesures incitatives prises par le gouvernement en 2011 pour favoriser les investissements du secteur priv\u00e9 au Cameroun. En effet, faute d\u2019un cadre incitatif, pendant treize ann\u00e9es (1998-2011), aucun op\u00e9rateur priv\u00e9 ne s\u2019est aventur\u00e9 dans le sous-secteur de l\u2019\u00e9lectrification rurale ou de la petite production ind\u00e9pendante \u00e0 base d\u2019\u00e9nergie renouvelable (EnR). Ce n\u2019est qu\u2019en 2011 que la soci\u00e9t\u00e9 IED-Invest a d\u00e9cid\u00e9 de d\u00e9velopper, r\u00e9aliser et exploiter une petite centrale hydro\u00e9lectrique (PCH) sur le site de Mbakaou Carri\u00e8re, en s\u2019appuyant sur la nouvelle Loi Cadre d\u2019Electricit\u00e9 plus favorable \u00e0 la production d\u2019EnR.<\/p>\n<div class=\"about-author about-author-box container-wrapper\">\n<div class=\"author-avatar\">\n<p><img decoding=\"async\" src=\"http:\/\/\" alt=\"\"\/><\/p>\n<\/div>\n<p><h4>La R\u00e9daction EcoMatin<\/h4>\n<\/p>\n<\/div>\n<div class=\"awac-wrapper awac widget blog_subscription-2\">\n<h4 class=\"widget-title\">Abonnez-vous \u00e0 notre lettre d&rsquo;information<\/h4>\n<\/div>\n<p>Auteur: EcoMatin<br \/>\n<a href=\"https:\/\/ecomatin.net\/energie-bientot-une-mini-centrale-hydroelectrique-pour-desservir-tibati-et-ses-environs\/\">Cliquez ici pour lire l&rsquo;article depuis sa source.<\/a><\/p>\n","protected":false},"excerpt":{"rendered":"<p>Bient\u00f4t, la localit\u00e9 de Mbakaou, situ\u00e9e dans l\u2019arrondissement de Tibati, d\u00e9partement du Djerem, sera suffisamment aliment\u00e9e en \u00e9lectricit\u00e9. Ce sera gr\u00e2ce \u00e0 sa future mini-centrale hydro\u00e9lectrique dont la construction a \u00e9t\u00e9 lanc\u00e9e jeudi dernier par le Secr\u00e9taire g\u00e9n\u00e9ral du ministre de l\u2019Eau et de l\u2019Energie, Adolphe Ndjouke Thome.\u00a0 En effet, d\u2019une puissance globale de 1,4 [&hellip;]<\/p>\n","protected":false},"author":1969,"featured_media":0,"comment_status":"closed","ping_status":"closed","sticky":false,"template":"","format":"standard","meta":{"fifu_image_url":"","fifu_image_alt":"","footnotes":""},"categories":[82,78],"tags":[],"class_list":["post-42657","post","type-post","status-publish","format-standard","hentry","category-cameroun","category-economie"],"_links":{"self":[{"href":"https:\/\/linitiative.ca\/International\/wp-json\/wp\/v2\/posts\/42657","targetHints":{"allow":["GET"]}}],"collection":[{"href":"https:\/\/linitiative.ca\/International\/wp-json\/wp\/v2\/posts"}],"about":[{"href":"https:\/\/linitiative.ca\/International\/wp-json\/wp\/v2\/types\/post"}],"author":[{"embeddable":true,"href":"https:\/\/linitiative.ca\/International\/wp-json\/wp\/v2\/users\/1969"}],"replies":[{"embeddable":true,"href":"https:\/\/linitiative.ca\/International\/wp-json\/wp\/v2\/comments?post=42657"}],"version-history":[{"count":0,"href":"https:\/\/linitiative.ca\/International\/wp-json\/wp\/v2\/posts\/42657\/revisions"}],"wp:attachment":[{"href":"https:\/\/linitiative.ca\/International\/wp-json\/wp\/v2\/media?parent=42657"}],"wp:term":[{"taxonomy":"category","embeddable":true,"href":"https:\/\/linitiative.ca\/International\/wp-json\/wp\/v2\/categories?post=42657"},{"taxonomy":"post_tag","embeddable":true,"href":"https:\/\/linitiative.ca\/International\/wp-json\/wp\/v2\/tags?post=42657"}],"curies":[{"name":"wp","href":"https:\/\/api.w.org\/{rel}","templated":true}]}}