{"id":42675,"date":"2019-06-26T09:53:31","date_gmt":"2019-06-26T13:53:31","guid":{"rendered":"https:\/\/linitiative.ca\/International\/festival-rimm-a-sfax-2019-cinquieme-edition\/"},"modified":"2019-06-26T09:53:31","modified_gmt":"2019-06-26T13:53:31","slug":"festival-rimm-a-sfax-2019-cinquieme-edition","status":"publish","type":"post","link":"https:\/\/linitiative.ca\/International\/festival-rimm-a-sfax-2019-cinquieme-edition\/","title":{"rendered":"Festival RIMM \u00e0 Sfax 2019 \u2013 Cinqui\u00e8me \u00e9dition"},"content":{"rendered":"<h3><a href=\"https:\/\/www.jetsetmagazine.net\/FR.7.manifestation.festival_rimm_a_sfax_2019_-_cinquieme_edition.35#\">Festival RIMM \u00e0 Sfax 2019 \u2013 Cinqui\u00e8me \u00e9dition<\/a><\/h3>\n<p><strong>Festival R.I.M.M. Rencontre Internationale des Musiques du Monde, \u00e0 sa cinqui\u00e8me \u00e9dition a enfin d\u00e9voil\u00e9 ses dates, il aura lieu du 27 au 29 juin 2019 dans les jardins de la maison de France \u00e0 Sfax.<br \/>Un rendez-vous exceptionnel en open air, avec des r\u00e9v\u00e9lations musicales venus des quatre coins de la plan\u00e8te, une ambiance conviviale, d\u00e9contract\u00e9e, comme chez vous, vous aurez la chance de boire, manger et danser avec, bistrots et restauration sur place.<\/strong><\/p>\n<p class=\"dpsp-share-text\">Partager c&rsquo;est aimer!<\/p>\n<div class=\"wp-post-author-wrap wp-post-author-shortcode left\">\n<h3 class=\"awpa-title\"\/>\n<div class=\"wp-post-author\">\n<div class=\"awpa-img awpa-author-block square\"><a href=\"http:\/\/lexpertjournal.net\/fr\/author\/expert\/\"><img loading=\"lazy\" decoding=\"async\" alt=\"\" src=\"http:\/\/2.gravatar.com\/avatar\/56d99be2a6f97af88ccb49fada637fcd?s=150&#038;d=mm&#038;r=g\" srcset=\"http:\/\/2.gravatar.com\/avatar\/56d99be2a6f97af88ccb49fada637fcd?s=300&#038;d=mm&#038;r=g 2x\" class=\"avatar avatar-150 photo\" height=\"150\" width=\"150\"\/><\/a><\/div>\n<\/div>\n<\/div>\n<p>Auteur: L&rsquo;expert<br \/>\n<a href=\"http:\/\/lexpertjournal.net\/fr\/2019\/06\/26\/festival-rimm-a-sfax-2019-cinquieme-edition\/\">Cliquez ici pour lire l&rsquo;article depuis sa source.<\/a><\/p>\n","protected":false},"excerpt":{"rendered":"<p>Festival RIMM \u00e0 Sfax 2019 \u2013 Cinqui\u00e8me \u00e9dition Festival R.I.M.M. Rencontre Internationale des Musiques du Monde, \u00e0 sa cinqui\u00e8me \u00e9dition a enfin d\u00e9voil\u00e9 ses dates, il aura lieu du 27 au 29 juin 2019 dans les jardins de la maison de France \u00e0 Sfax.Un rendez-vous exceptionnel en open air, avec des r\u00e9v\u00e9lations musicales venus des [&hellip;]<\/p>\n","protected":false},"author":1775,"featured_media":0,"comment_status":"closed","ping_status":"closed","sticky":false,"template":"","format":"standard","meta":{"fifu_image_url":"","fifu_image_alt":"","footnotes":""},"categories":[78,55],"tags":[],"class_list":["post-42675","post","type-post","status-publish","format-standard","hentry","category-economie","category-tunisie"],"_links":{"self":[{"href":"https:\/\/linitiative.ca\/International\/wp-json\/wp\/v2\/posts\/42675","targetHints":{"allow":["GET"]}}],"collection":[{"href":"https:\/\/linitiative.ca\/International\/wp-json\/wp\/v2\/posts"}],"about":[{"href":"https:\/\/linitiative.ca\/International\/wp-json\/wp\/v2\/types\/post"}],"author":[{"embeddable":true,"href":"https:\/\/linitiative.ca\/International\/wp-json\/wp\/v2\/users\/1775"}],"replies":[{"embeddable":true,"href":"https:\/\/linitiative.ca\/International\/wp-json\/wp\/v2\/comments?post=42675"}],"version-history":[{"count":0,"href":"https:\/\/linitiative.ca\/International\/wp-json\/wp\/v2\/posts\/42675\/revisions"}],"wp:attachment":[{"href":"https:\/\/linitiative.ca\/International\/wp-json\/wp\/v2\/media?parent=42675"}],"wp:term":[{"taxonomy":"category","embeddable":true,"href":"https:\/\/linitiative.ca\/International\/wp-json\/wp\/v2\/categories?post=42675"},{"taxonomy":"post_tag","embeddable":true,"href":"https:\/\/linitiative.ca\/International\/wp-json\/wp\/v2\/tags?post=42675"}],"curies":[{"name":"wp","href":"https:\/\/api.w.org\/{rel}","templated":true}]}}