{"id":42684,"date":"2019-06-26T06:00:00","date_gmt":"2019-06-26T10:00:00","guid":{"rendered":"https:\/\/linitiative.ca\/International\/facebook-va-collaborer-avec-la-justice-francaise\/"},"modified":"2019-06-26T06:00:00","modified_gmt":"2019-06-26T10:00:00","slug":"facebook-va-collaborer-avec-la-justice-francaise","status":"publish","type":"post","link":"https:\/\/linitiative.ca\/International\/facebook-va-collaborer-avec-la-justice-francaise\/","title":{"rendered":"Facebook va collaborer avec la justice fran\u00e7aise"},"content":{"rendered":"<div id=\"originalText\" readability=\"38\">\n<p class=\"c10\">Le r\u00e9seau social am\u00e9ricain Facebook a pris l&rsquo;engagement de communiquer \u00e0 la justice fran\u00e7aise les adresses IP des internautes tenant des propos haineux sur sa plateforme, a rapport\u00e9 hier l\u2019AFP. \u201cFacebook s&rsquo;est engag\u00e9 \u00e0 fournir les adresses IP que lui demandera la justice\u201d, lorsque ces adresses seront utilis\u00e9es pour diffuser \u201cun certain nombre de contenus haineux\u201d comme \u201cl&rsquo;homophobie, le racisme et l&rsquo;antis\u00e9mitisme\u201d.\u00a0\u00a0<\/p>\n<\/div>\n<div id=\"text_core\" readability=\"38\">\n<p class=\"c10\">Le r\u00e9seau social am\u00e9ricain Facebook a pris l&rsquo;engagement de communiquer \u00e0 la justice fran\u00e7aise les adresses IP des internautes tenant des propos haineux sur sa plateforme, a rapport\u00e9 hier l\u2019AFP. \u201cFacebook s&rsquo;est engag\u00e9 \u00e0 fournir les adresses IP que lui demandera la justice\u201d, lorsque ces adresses seront utilis\u00e9es pour diffuser \u201cun certain nombre de contenus haineux\u201d comme \u201cl&rsquo;homophobie, le racisme et l&rsquo;antis\u00e9mitisme\u201d.\u00a0\u00a0<\/p>\n<\/div>\n<p>Auteur:<br \/>\n<a href=\"https:\/\/www.liberte-algerie.com\/actualite\/facebook-va-collaborer-avec-la-justice-francaise-318637\">Cliquez ici pour lire l&rsquo;article depuis sa source.<\/a><\/p>\n","protected":false},"excerpt":{"rendered":"<p>Le r\u00e9seau social am\u00e9ricain Facebook a pris l&rsquo;engagement de communiquer \u00e0 la justice fran\u00e7aise les adresses IP des internautes tenant des propos haineux sur sa plateforme, a rapport\u00e9 hier l\u2019AFP. \u201cFacebook s&rsquo;est engag\u00e9 \u00e0 fournir les adresses IP que lui demandera la justice\u201d, lorsque ces adresses seront utilis\u00e9es pour diffuser \u201cun certain nombre de contenus [&hellip;]<\/p>\n","protected":false},"author":1742,"featured_media":0,"comment_status":"closed","ping_status":"closed","sticky":false,"template":"","format":"standard","meta":{"fifu_image_url":"","fifu_image_alt":"","footnotes":""},"categories":[73,53],"tags":[],"class_list":["post-42684","post","type-post","status-publish","format-standard","hentry","category-actualite","category-algerie"],"_links":{"self":[{"href":"https:\/\/linitiative.ca\/International\/wp-json\/wp\/v2\/posts\/42684","targetHints":{"allow":["GET"]}}],"collection":[{"href":"https:\/\/linitiative.ca\/International\/wp-json\/wp\/v2\/posts"}],"about":[{"href":"https:\/\/linitiative.ca\/International\/wp-json\/wp\/v2\/types\/post"}],"author":[{"embeddable":true,"href":"https:\/\/linitiative.ca\/International\/wp-json\/wp\/v2\/users\/1742"}],"replies":[{"embeddable":true,"href":"https:\/\/linitiative.ca\/International\/wp-json\/wp\/v2\/comments?post=42684"}],"version-history":[{"count":0,"href":"https:\/\/linitiative.ca\/International\/wp-json\/wp\/v2\/posts\/42684\/revisions"}],"wp:attachment":[{"href":"https:\/\/linitiative.ca\/International\/wp-json\/wp\/v2\/media?parent=42684"}],"wp:term":[{"taxonomy":"category","embeddable":true,"href":"https:\/\/linitiative.ca\/International\/wp-json\/wp\/v2\/categories?post=42684"},{"taxonomy":"post_tag","embeddable":true,"href":"https:\/\/linitiative.ca\/International\/wp-json\/wp\/v2\/tags?post=42684"}],"curies":[{"name":"wp","href":"https:\/\/api.w.org\/{rel}","templated":true}]}}