{"id":42691,"date":"2019-06-26T12:15:00","date_gmt":"2019-06-26T16:15:00","guid":{"rendered":"https:\/\/linitiative.ca\/International\/pacte-politique-pour-une-veritable-transition-democratique\/"},"modified":"2019-06-26T12:15:00","modified_gmt":"2019-06-26T16:15:00","slug":"pacte-politique-pour-une-veritable-transition-democratique","status":"publish","type":"post","link":"https:\/\/linitiative.ca\/International\/pacte-politique-pour-une-veritable-transition-democratique\/","title":{"rendered":"Pacte politique pour une v\u00e9ritable transition d\u00e9mocratique"},"content":{"rendered":"<div id=\"originalText\" readability=\"96\">\n<p>Nous partis politiques, personnalit\u00e9s et repr\u00e9sentants de la soci\u00e9t\u00e9 civile qui militent pour la souverainet\u00e9 populaire et l\u2019alternative d\u00e9mocratique r\u00e9unis, le 26 juin 2019 \u00e0 Alger, saluons la mobilisation et la d\u00e9termination du peuple Alg\u00e9rien, plus que jamais d\u00e9cid\u00e9 \u00e0 imposer pacifiquement un changement radical du syst\u00e8me autoritaire.<\/p>\n<p>Nous avons soulign\u00e9 la n\u00e9cessit\u00e9 de pr\u00e9server le caract\u00e8re pacifique, unitaire et national du mouvement populaire dans le but d\u2019instaurer un processus constituant souverain qui prend en compte les aspirations d\u00e9mocratiques et sociales de l\u2019immense majorit\u00e9 du peuple.<\/p>\n<p>Ainsi nous consid\u00e9rons que l\u2019organisation d\u2019une \u00e9lection pr\u00e9sidentielle dans le cadre du syst\u00e8me actuel ne servira qu\u2019\u00e0 sa r\u00e9g\u00e9n\u00e9ration.<\/p>\n<p>Le caract\u00e8re pacifique et unitaire des manifestations est l\u2019expression de la maturit\u00e9 politique des populations, c\u2019est \u00e9galement la cristallisation des luttes contre un syst\u00e8me liberticide et anti social qui persiste dans le d\u00e9ni du droit et de la d\u00e9mocratie et qui a d\u00e9voy\u00e9 les aspirations du peuple alg\u00e9rien depuis l\u2019ind\u00e9pendance du pays.<\/p>\n<p>Face \u00e0 cette formidable d\u00e9monstration des forces populaires, le pouvoir multiplie les man\u0153uvres dans l\u2019unique espoir de mettre en \u00e9chec cette d\u00e9ferlante citoyenne et d\u2019emp\u00eacher toute alternative politique cr\u00e9dible pour un changement d\u00e9mocratique radical.<\/p>\n<p>Aujourd\u2019hui, le pouvoir r\u00e9el est assum\u00e9 et exerc\u00e9 enti\u00e8rement par l\u2019\u00e9tat-major de l\u2019arm\u00e9e.<\/p>\n<p>L\u2019interdiction de l\u2019embl\u00e8me amazigh dans les manifestations publiques et la judiciarisation de l\u2019action politique en sont les preuves suppl\u00e9mentaires.<br \/>Nous d\u00e9non\u00e7ons et mettons en garde contre de telles d\u00e9rives qui visent \u00e0 semer la division, la peur et la confusion.<\/p>\n<p>La majorit\u00e9 du peuple alg\u00e9rien est sortie de son silence, elle s\u2019est exprim\u00e9e en faveur d\u2019un changement du syst\u00e8me pour instaurer un \u00e9tat de droit d\u00e9mocratique et social.<\/p>\n<p>Aucune n\u00e9gociation et aucune transition d\u00e9mocratique ne sont possibles sans :<br \/>\u2022 La lib\u00e9ration imm\u00e9diate de tous les d\u00e9tenus politiques et d\u2019opinion<br \/>\u2022 La lib\u00e9ration du champ politique et m\u00e9diatique.<br \/>\u2022 L\u2019arr\u00eat imm\u00e9diat des harc\u00e8lements judiciaires et des menaces contre les citoyens, les militants des partis politiques et de leurs organisations, du mouvement associatif, des syndicalistes, des militants de droits de l\u2019Homme, des journalistes \u2026<br \/>\u2022 L\u2019arr\u00eat imm\u00e9diat du bradage des richesses nationales et la r\u00e9cup\u00e9ration des biens spoli\u00e9s<\/p>\n<p>Cela passe par l\u2019organisation d\u2019une p\u00e9riode de transition qui r\u00e9unit les moyens politiques pour l\u2019expression d\u2019une v\u00e9ritable souverainet\u00e9 du peuple et l\u2019\u00e9dification d\u2019un Etat de droit d\u00e9mocratique bas\u00e9 sur :<\/p>\n<p>&#8211; L\u2019ind\u00e9pendance de la justice\u00a0<br \/>&#8211; La s\u00e9paration et l\u2019\u00e9quilibre des pouvoirs\u00a0<br \/>&#8211; La non utilisation de la religion \u00e0 et du patrimoine et des symboles de la Nation \u00e0 des fins politiques\u00a0<br \/>&#8211; L\u2019\u00e9galit\u00e9 en droits entre les Hommes et les Femmes\u00a0<br \/>&#8211; La non utilisation de la violence pour la conqu\u00eate et l\u2019exercice du pouvoir\u00a0<br \/>&#8211; le droit d\u2019association et le droit d\u2019organisation syndicale soumis au seul r\u00e9gime d\u00e9claratif\u00a0<br \/>&#8211; Le droit de r\u00e9union, d\u2019organisation et de manifestation\u00a0<br \/>&#8211; La garantie par l\u2019Etat des droits sociaux et \u00e9conomiques fondamentaux des citoyens<br \/>&#8211; La cons\u00e9cration des libert\u00e9s individuelles et collectives, syndicales et le droit de gr\u00e8ve<br \/>&#8211; La souverainet\u00e9 populaire sur les richesses naturelles de la nation.<br \/>&#8211; La Cons\u00e9cration du r\u00f4le de l\u2019Etat dans la conduite du d\u00e9veloppement national et la lutte contre les in\u00e9galit\u00e9s socio-\u00e9conomiques et la pauvret\u00e9.<br \/>&#8211; Le respect de tous les pluralismes.\u00a0<br \/>Les participants sont d\u00e9termin\u00e9s \u00e0 \u0153uvrer dans un cadre unitaire ouvert \u00e0 toutes les forces qui se reconnaissent dans l\u2019alternative d\u00e9mocratique pour permettre au peuple alg\u00e9rien de recouvrir toute sa souverainet\u00e9.<br \/>Nous exprimons notre solidarit\u00e9 ind\u00e9fectible avec les peuples qui luttent pour leur libert\u00e9 et leur souverainet\u00e9 dans le monde.<\/p>\n<p class=\"c10\"><strong>Vive l\u2019Alg\u00e9rie libre et d\u00e9mocratique<br \/>Gloire \u00e0 nos martyrs<br \/>\u00a0 \u00a0 \u00a0 \u00a0 \u00a0 \u00a0 \u00a0 \u00a0 \u00a0 \u00a0 \u00a0 \u00a0 \u00a0 \u00a0 \u00a0 \u00a0 \u00a0 \u00a0 \u00a0 \u00a0 \u00a0 \u00a0 \u00a0 \u00a0 \u00a0 \u00a0 \u00a0 \u00a0 \u00a0 \u00a0 \u00a0 \u00a0 \u00a0 \u00a0 \u00a0 \u00a0 \u00a0 \u00a0 \u00a0 \u00a0 \u00a0 \u00a0 \u00a0 Alger le 26 JUIN 2019<\/strong><\/p>\n<\/div>\n<div id=\"text_core\" readability=\"96\">\n<p>Nous partis politiques, personnalit\u00e9s et repr\u00e9sentants de la soci\u00e9t\u00e9 civile qui militent pour la souverainet\u00e9 populaire et l\u2019alternative d\u00e9mocratique r\u00e9unis, le 26 juin 2019 \u00e0 Alger, saluons la mobilisation et la d\u00e9termination du peuple Alg\u00e9rien, plus que jamais d\u00e9cid\u00e9 \u00e0 imposer pacifiquement un changement radical du syst\u00e8me autoritaire.<\/p>\n<p>Nous avons soulign\u00e9 la n\u00e9cessit\u00e9 de pr\u00e9server le caract\u00e8re pacifique, unitaire et national du mouvement populaire dans le but d\u2019instaurer un processus constituant souverain qui prend en compte les aspirations d\u00e9mocratiques et sociales de l\u2019immense majorit\u00e9 du peuple.<\/p>\n<p>Ainsi nous consid\u00e9rons que l\u2019organisation d\u2019une \u00e9lection pr\u00e9sidentielle dans le cadre du syst\u00e8me actuel ne servira qu\u2019\u00e0 sa r\u00e9g\u00e9n\u00e9ration.<\/p>\n<p>Le caract\u00e8re pacifique et unitaire des manifestations est l\u2019expression de la maturit\u00e9 politique des populations, c\u2019est \u00e9galement la cristallisation des luttes contre un syst\u00e8me liberticide et anti social qui persiste dans le d\u00e9ni du droit et de la d\u00e9mocratie et qui a d\u00e9voy\u00e9 les aspirations du peuple alg\u00e9rien depuis l\u2019ind\u00e9pendance du pays.<\/p>\n<p>Face \u00e0 cette formidable d\u00e9monstration des forces populaires, le pouvoir multiplie les man\u0153uvres dans l\u2019unique espoir de mettre en \u00e9chec cette d\u00e9ferlante citoyenne et d\u2019emp\u00eacher toute alternative politique cr\u00e9dible pour un changement d\u00e9mocratique radical.<\/p>\n<p>Aujourd\u2019hui, le pouvoir r\u00e9el est assum\u00e9 et exerc\u00e9 enti\u00e8rement par l\u2019\u00e9tat-major de l\u2019arm\u00e9e.<\/p>\n<p>L\u2019interdiction de l\u2019embl\u00e8me amazigh dans les manifestations publiques et la judiciarisation de l\u2019action politique en sont les preuves suppl\u00e9mentaires.<br \/>Nous d\u00e9non\u00e7ons et mettons en garde contre de telles d\u00e9rives qui visent \u00e0 semer la division, la peur et la confusion.<\/p>\n<p>La majorit\u00e9 du peuple alg\u00e9rien est sortie de son silence, elle s\u2019est exprim\u00e9e en faveur d\u2019un changement du syst\u00e8me pour instaurer un \u00e9tat de droit d\u00e9mocratique et social.<\/p>\n<p>Aucune n\u00e9gociation et aucune transition d\u00e9mocratique ne sont possibles sans :<br \/>\u2022 La lib\u00e9ration imm\u00e9diate de tous les d\u00e9tenus politiques et d\u2019opinion<br \/>\u2022 La lib\u00e9ration du champ politique et m\u00e9diatique.<br \/>\u2022 L\u2019arr\u00eat imm\u00e9diat des harc\u00e8lements judiciaires et des menaces contre les citoyens, les militants des partis politiques et de leurs organisations, du mouvement associatif, des syndicalistes, des militants de droits de l\u2019Homme, des journalistes \u2026<br \/>\u2022 L\u2019arr\u00eat imm\u00e9diat du bradage des richesses nationales et la r\u00e9cup\u00e9ration des biens spoli\u00e9s<\/p>\n<p>Cela passe par l\u2019organisation d\u2019une p\u00e9riode de transition qui r\u00e9unit les moyens politiques pour l\u2019expression d\u2019une v\u00e9ritable souverainet\u00e9 du peuple et l\u2019\u00e9dification d\u2019un Etat de droit d\u00e9mocratique bas\u00e9 sur :<\/p>\n<p>&#8211; L\u2019ind\u00e9pendance de la justice\u00a0<br \/>&#8211; La s\u00e9paration et l\u2019\u00e9quilibre des pouvoirs\u00a0<br \/>&#8211; La non utilisation de la religion \u00e0 et du patrimoine et des symboles de la Nation \u00e0 des fins politiques\u00a0<br \/>&#8211; L\u2019\u00e9galit\u00e9 en droits entre les Hommes et les Femmes\u00a0<br \/>&#8211; La non utilisation de la violence pour la conqu\u00eate et l\u2019exercice du pouvoir\u00a0<br \/>&#8211; le droit d\u2019association et le droit d\u2019organisation syndicale soumis au seul r\u00e9gime d\u00e9claratif\u00a0<br \/>&#8211; Le droit de r\u00e9union, d\u2019organisation et de manifestation\u00a0<br \/>&#8211; La garantie par l\u2019Etat des droits sociaux et \u00e9conomiques fondamentaux des citoyens<br \/>&#8211; La cons\u00e9cration des libert\u00e9s individuelles et collectives, syndicales et le droit de gr\u00e8ve<br \/>&#8211; La souverainet\u00e9 populaire sur les richesses naturelles de la nation.<br \/>&#8211; La Cons\u00e9cration du r\u00f4le de l\u2019Etat dans la conduite du d\u00e9veloppement national et la lutte contre les in\u00e9galit\u00e9s socio-\u00e9conomiques et la pauvret\u00e9.<br \/>&#8211; Le respect de tous les pluralismes.\u00a0<br \/>Les participants sont d\u00e9termin\u00e9s \u00e0 \u0153uvrer dans un cadre unitaire ouvert \u00e0 toutes les forces qui se reconnaissent dans l\u2019alternative d\u00e9mocratique pour permettre au peuple alg\u00e9rien de recouvrir toute sa souverainet\u00e9.<br \/>Nous exprimons notre solidarit\u00e9 ind\u00e9fectible avec les peuples qui luttent pour leur libert\u00e9 et leur souverainet\u00e9 dans le monde.<\/p>\n<p class=\"c10\"><strong>Vive l\u2019Alg\u00e9rie libre et d\u00e9mocratique<br \/>Gloire \u00e0 nos martyrs<br \/>\u00a0 \u00a0 \u00a0 \u00a0 \u00a0 \u00a0 \u00a0 \u00a0 \u00a0 \u00a0 \u00a0 \u00a0 \u00a0 \u00a0 \u00a0 \u00a0 \u00a0 \u00a0 \u00a0 \u00a0 \u00a0 \u00a0 \u00a0 \u00a0 \u00a0 \u00a0 \u00a0 \u00a0 \u00a0 \u00a0 \u00a0 \u00a0 \u00a0 \u00a0 \u00a0 \u00a0 \u00a0 \u00a0 \u00a0 \u00a0 \u00a0 \u00a0 \u00a0 Alger le 26 JUIN 2019<\/strong><\/p>\n<\/div>\n<p>Auteur:<br \/>\n<a href=\"https:\/\/www.liberte-algerie.com\/actualite\/pacte-politique-pour-une-veritable-transition-democratique-318714\">Cliquez ici pour lire l&rsquo;article depuis sa source.<\/a><\/p>\n","protected":false},"excerpt":{"rendered":"<p>Nous partis politiques, personnalit\u00e9s et repr\u00e9sentants de la soci\u00e9t\u00e9 civile qui militent pour la souverainet\u00e9 populaire et l\u2019alternative d\u00e9mocratique r\u00e9unis, le 26 juin 2019 \u00e0 Alger, saluons la mobilisation et la d\u00e9termination du peuple Alg\u00e9rien, plus que jamais d\u00e9cid\u00e9 \u00e0 imposer pacifiquement un changement radical du syst\u00e8me autoritaire. Nous avons soulign\u00e9 la n\u00e9cessit\u00e9 de pr\u00e9server [&hellip;]<\/p>\n","protected":false},"author":1742,"featured_media":0,"comment_status":"closed","ping_status":"closed","sticky":false,"template":"","format":"standard","meta":{"fifu_image_url":"","fifu_image_alt":"","footnotes":""},"categories":[73,53],"tags":[],"class_list":["post-42691","post","type-post","status-publish","format-standard","hentry","category-actualite","category-algerie"],"_links":{"self":[{"href":"https:\/\/linitiative.ca\/International\/wp-json\/wp\/v2\/posts\/42691","targetHints":{"allow":["GET"]}}],"collection":[{"href":"https:\/\/linitiative.ca\/International\/wp-json\/wp\/v2\/posts"}],"about":[{"href":"https:\/\/linitiative.ca\/International\/wp-json\/wp\/v2\/types\/post"}],"author":[{"embeddable":true,"href":"https:\/\/linitiative.ca\/International\/wp-json\/wp\/v2\/users\/1742"}],"replies":[{"embeddable":true,"href":"https:\/\/linitiative.ca\/International\/wp-json\/wp\/v2\/comments?post=42691"}],"version-history":[{"count":0,"href":"https:\/\/linitiative.ca\/International\/wp-json\/wp\/v2\/posts\/42691\/revisions"}],"wp:attachment":[{"href":"https:\/\/linitiative.ca\/International\/wp-json\/wp\/v2\/media?parent=42691"}],"wp:term":[{"taxonomy":"category","embeddable":true,"href":"https:\/\/linitiative.ca\/International\/wp-json\/wp\/v2\/categories?post=42691"},{"taxonomy":"post_tag","embeddable":true,"href":"https:\/\/linitiative.ca\/International\/wp-json\/wp\/v2\/tags?post=42691"}],"curies":[{"name":"wp","href":"https:\/\/api.w.org\/{rel}","templated":true}]}}