{"id":42693,"date":"2019-06-25T18:21:07","date_gmt":"2019-06-25T22:21:07","guid":{"rendered":"https:\/\/linitiative.ca\/International\/decentralisation-le-maroc-sert-lafrique\/"},"modified":"2019-06-25T18:21:07","modified_gmt":"2019-06-25T22:21:07","slug":"decentralisation-le-maroc-sert-lafrique","status":"publish","type":"post","link":"https:\/\/linitiative.ca\/International\/decentralisation-le-maroc-sert-lafrique\/","title":{"rendered":"D\u00e9centralisation: Le Maroc sert l\u2019Afrique"},"content":{"rendered":"<div readability=\"43\">\n<p>Marrakech \u2013 Des journ\u00e9es d\u2019\u00e9tude sont organis\u00e9es \u00e0 Marrakech, jusqu\u2019au 30 juin courant, au profit de 33 participants, dont des pr\u00e9sidents de r\u00e9gions, des \u00e9lus et fonctionnaires territoriaux issus du B\u00e9nin, du S\u00e9n\u00e9gal, du Burkina Faso et du Niger, sous le th\u00e8me \u00ab\u00a0La performance territoriale communale, pour une d\u00e9centralisation efficace\u00a0\u00bb.<\/p>\n<\/div>\n<div readability=\"110\">\n<p>Ces journ\u00e9es organis\u00e9es \u00e0 la Maison de l\u2019\u00e9lu dans le cadre de la mise en \u0153uvre des conventions de coop\u00e9ration entre la r\u00e9gion Marrakech-Safi et certaines r\u00e9gions africaines partenaires, sont ax\u00e9es sur le r\u00f4le et les missions des acteurs territoriaux dans le cadre de la mise en \u0153uvre de la r\u00e9gionalisation avanc\u00e9e.<\/p>\n<p>Cette formation qui se poursuit jusqu\u2019au 30 juin courant, comporte cinq journ\u00e9es th\u00e9matiques sur la promotion touristique, l\u2019action culturelle, l\u2019am\u00e9nagement des territoires, l\u2019environnement, le d\u00e9veloppement \u00e9conomique, la formation professionnelle et l\u2019insertion et l\u2019enseignement sup\u00e9rieur.<\/p>\n<p>Intervenant \u00e0 la c\u00e9r\u00e9monie d\u2019ouverture de cette formation, le directeur de la Maison de l\u2019\u00e9lu, Hassan Amillat, a indiqu\u00e9 que l\u2019objectif de ces journ\u00e9es consiste \u00e0 informer les \u00e9lus et les fonctionnaires de ces r\u00e9gions sur l\u2019exp\u00e9rience marocaine notamment celle de la r\u00e9gion Marrakech-Safi dans le domaine de d\u00e9centralisation et la possibilit\u00e9 de la transf\u00e9rer \u00e0 ces pays africains partenaires en vue de consacrer la d\u00e9mocratie et la bonne gouvernance territoriale dans la gestion de la chose locale.<\/p>\n<p>Et d\u2019ajouter que la coop\u00e9ration Sud-Sud n\u2019est plus un choix mais une n\u00e9cessit\u00e9 pour r\u00e9aliser le d\u00e9veloppement et tirer profit des \u00e9normes potentialit\u00e9s du continent, relevant l\u2019importance de l\u2019adoption d\u2019une gouvernance et d\u2019une d\u00e9mocratie territoriale efficiente.<\/p>\n<p>Le vice-pr\u00e9sident du Conseil r\u00e9gional de Marrakech-Safi, Touhami Mohib, a pour sa part, soulign\u00e9 que les pays africains sont appel\u00e9s aujourd\u2019hui plus que jamais, \u00e0 intensifier leurs relations de coop\u00e9ration et \u00e0 tirer profit des exp\u00e9riences r\u00e9ussies des pays, notamment dans le domaine de la d\u00e9mocratie, la gouvernance et la d\u00e9centralisation territoriale efficiente.<\/p>\n<p>L\u2019ambassadeur du Niger \u00e0 Rabat, Salissou Ada, a de son c\u00f4t\u00e9, soulign\u00e9 que le renforcement de la d\u00e9centralisation territoriale et des comp\u00e9tences des acteurs et \u00e9lus locaux dans les pays africains est devenu une n\u00e9cessit\u00e9 pour le d\u00e9veloppement du continent, mettant en relief l\u2019exp\u00e9rience marocaine dans le domaine de la d\u00e9centralisation.<\/p>\n<p>M.Ada, qui a appel\u00e9 les participants \u00e0 tirer profit de l\u2019exp\u00e9rience du Maroc, notamment celle de la r\u00e9gion Marrakech-Safi, dans le domaine de la d\u00e9mocratie et la d\u00e9centralisation, s\u2019est f\u00e9licit\u00e9 du retour du Maroc \u00e0 l\u2019Union africaine (UA), qui permettra aux pays africains de tirer profit de l\u2019exp\u00e9rience marocaine dans tous les secteurs.<\/p>\n<p>Lors de cette rencontre, des expos\u00e9s ont \u00e9t\u00e9 pr\u00e9sent\u00e9s sur la d\u00e9centralisation au Maroc, les m\u00e9canismes d\u2019accompagnement du d\u00e9veloppement territorial dans la r\u00e9gion Marrakech-Safi ainsi que les potentialit\u00e9s dont regorge cette r\u00e9gion du Maroc.<\/p>\n<p>Lors de cette formation, la d\u00e9l\u00e9gation africaine s\u2019enquerra du Plan de d\u00e9veloppement r\u00e9gional (PDR) et les m\u00e9canismes de la formation professionnelle et l\u2019enseignement sup\u00e9rieur, outre une visite \u00e0 l\u2019Institut des m\u00e9tiers et de l\u2019informatique et l\u2019Acad\u00e9mie Menara de la construction et travaux publics.<\/p>\n<p>A rappeler que la r\u00e9gion Marrakech-Safi est li\u00e9e par des conventions de coop\u00e9ration avec 10 r\u00e9gions africaines issues du Mali, B\u00e9nin, S\u00e9n\u00e9gal, C\u00f4te d\u2019Ivoire, Niger et Burkina Faso<\/p>\n<\/div>\n<p>Auteur: Meriem IGASS<br \/>\n<a href=\"http:\/\/www.mapmarrakech.ma\/fr\/decentralisation-des-elus-africains-sinforment-de-lexperience-marocaine\/\">Cliquez ici pour lire l&rsquo;article depuis sa source.<\/a><\/p>\n","protected":false},"excerpt":{"rendered":"<p>Marrakech \u2013 Des journ\u00e9es d\u2019\u00e9tude sont organis\u00e9es \u00e0 Marrakech, jusqu\u2019au 30 juin courant, au profit de 33 participants, dont des pr\u00e9sidents de r\u00e9gions, des \u00e9lus et fonctionnaires territoriaux issus du B\u00e9nin, du S\u00e9n\u00e9gal, du Burkina Faso et du Niger, sous le th\u00e8me \u00ab\u00a0La performance territoriale communale, pour une d\u00e9centralisation efficace\u00a0\u00bb. Ces journ\u00e9es organis\u00e9es \u00e0 la [&hellip;]<\/p>\n","protected":false},"author":1788,"featured_media":0,"comment_status":"closed","ping_status":"closed","sticky":false,"template":"","format":"standard","meta":{"fifu_image_url":"","fifu_image_alt":"","footnotes":""},"categories":[54,76],"tags":[],"class_list":["post-42693","post","type-post","status-publish","format-standard","hentry","category-maroc","category-regions"],"_links":{"self":[{"href":"https:\/\/linitiative.ca\/International\/wp-json\/wp\/v2\/posts\/42693","targetHints":{"allow":["GET"]}}],"collection":[{"href":"https:\/\/linitiative.ca\/International\/wp-json\/wp\/v2\/posts"}],"about":[{"href":"https:\/\/linitiative.ca\/International\/wp-json\/wp\/v2\/types\/post"}],"author":[{"embeddable":true,"href":"https:\/\/linitiative.ca\/International\/wp-json\/wp\/v2\/users\/1788"}],"replies":[{"embeddable":true,"href":"https:\/\/linitiative.ca\/International\/wp-json\/wp\/v2\/comments?post=42693"}],"version-history":[{"count":0,"href":"https:\/\/linitiative.ca\/International\/wp-json\/wp\/v2\/posts\/42693\/revisions"}],"wp:attachment":[{"href":"https:\/\/linitiative.ca\/International\/wp-json\/wp\/v2\/media?parent=42693"}],"wp:term":[{"taxonomy":"category","embeddable":true,"href":"https:\/\/linitiative.ca\/International\/wp-json\/wp\/v2\/categories?post=42693"},{"taxonomy":"post_tag","embeddable":true,"href":"https:\/\/linitiative.ca\/International\/wp-json\/wp\/v2\/tags?post=42693"}],"curies":[{"name":"wp","href":"https:\/\/api.w.org\/{rel}","templated":true}]}}