{"id":42720,"date":"2019-06-26T15:14:20","date_gmt":"2019-06-26T19:14:20","guid":{"rendered":"https:\/\/linitiative.ca\/International\/ligue-1-2-crb-khairi-a-signe-un-contrat-de-deux-saisons\/"},"modified":"2019-06-26T15:14:20","modified_gmt":"2019-06-26T19:14:20","slug":"ligue-1-2-crb-khairi-a-signe-un-contrat-de-deux-saisons","status":"publish","type":"post","link":"https:\/\/linitiative.ca\/International\/ligue-1-2-crb-khairi-a-signe-un-contrat-de-deux-saisons\/","title":{"rendered":"Ligue 1 &amp; 2 : CRB: Kha\u00efri a sign\u00e9 un contrat de deux saisons"},"content":{"rendered":"<div readability=\"32\">\n<p>Auteur : <span>Islam Tazibt<\/span> <span class=\"time\">mercredi 26 juin 2019 13:07<\/span><\/p>\n<\/div>\n<div id=\"post_core\" readability=\"145\">\n<p>A\u00efboud, Khali, Belahouel, Fourloul tous auraient sign\u00e9 un contrat en faveur du Chabab de Belouizdad mais aucun d\u2019eux n\u2019a \u00e9t\u00e9 annonc\u00e9 de mani\u00e8re officielle, ni par les responsables belouizdadis ni par l\u2019\u00e9quipe de communication. Mais nous avons appris d\u2019une source tr\u00e8s bien inform\u00e9e que le club de La\u00e2quiba, qui courtisait jusqu\u2019alors les Zeghba, Zemmamouche, Gaya ou encore Rahmani, a enregistr\u00e9 sa cinqui\u00e8me recrue en la personne de Khairi Barki, le portier de 28 ans qui \u00e9voluait la saison derni\u00e8re avec le WA Tlemcen et qui \u00e9tait barr\u00e9 par la concurrence d\u2019un certain Kamel Soufi, lib\u00e9r\u00e9 gratuitement par le Chabab de Belouizdad lors de l\u2019\u00e9t\u00e9 2018. La signature du contrat aurait \u00e9t\u00e9 officialis\u00e9e hier en milieu de journ\u00e9e. La venue de Kha\u00efri pr\u00e9cipitera certainement le d\u00e9part d\u2019un des trois gardiens d\u00e9j\u00e0 en place.<\/p>\n<p><strong>C\u00e9dric ou Meziane : un gardien sera sacrifi\u00e9<\/strong><br \/>C\u00e9dric, Meziane, Khali : le Chabab de Belouizdad dispose d\u00e9j\u00e0 de trois gardiens de buts, dont deux ont \u00e9t\u00e9 align\u00e9s presqu\u2019\u00e9quitablement la saison derni\u00e8re. Meziane a disput\u00e9 pas moins de 17 rencontres toutes comp\u00e9titions confondues tandis que C\u00e9dric en a disput\u00e9es 20. Pourtant, l\u2019un d\u2019eux sera amen\u00e9 \u00e0 quitter le navire belouizdadi dans les prochains jours. Selon une source digne de foi, Said Allik, qui s\u2019est renseign\u00e9 aupr\u00e8s de son staff technique, serait favorable pour le maintien de Meziane qui, en plus de disposer de beaucoup de qualit\u00e9 qui lui permette de jouer dans un club comme le Chabab, a montr\u00e9 une fid\u00e9lit\u00e9 et un attachement que m\u00eame des enfants du clubs n\u2019\u00e9taient pas en mesure de montrer quand il est venu au CRB sans toucher la moindre avance et quand il assurait la surveillance des bois pendant plusieurs rencontres de la phases aller, et ce au moment o\u00f9 C\u00e9dric avait l\u00e2chement abandonn\u00e9 son poste, laissant le club dans une position difficile et sans se soucier de ce qui pouvait se passer. Un param\u00e8tre que beaucoup de supporters et de dirigeants estiment suffisant pour trancher dans la question.<\/p>\n<p><strong>Meziane : \u00abJ\u2019ai confiance en mes qualit\u00e9s et je suis d\u00e9termin\u00e9 \u00e0 r\u00e9aliser une excellente saison\u00bb<\/strong><br \/>Joint par nos soins, Ily\u00e8s Meziane nous a confi\u00e9 qu\u2019il ne pr\u00eatait nullement attention \u00e0 ce qui se dit \u00e7a et l\u00e0 concernant son avenir tout en exprimant sa d\u00e9termination \u00e0 r\u00e9aliser une belle saison \u00e9poustouflante sous les couleurs du Chabab. \u00abJ\u2019\u00e9tais en vacances et en rentrant j\u2019ai entendu beaucoup de sp\u00e9culations concernant mon avenir, a-t-il d\u00e9clar\u00e9, mais je ne vous cache pas que je ne pr\u00eate aucunement attention \u00e0 tout cela. Je suis frais mentalement et j\u2019ai envie de r\u00e9aliser une grande saison. J\u2019ai confiance en mes qualit\u00e9s. Je sais ce que je vaux et je sais que je peux beaucoup apporter au Chabab\u00bb.<\/p>\n<p><strong>La direction a tout conclu avec l\u2019OCO\u2026<br \/>CAF : Le Chabab recevra ses adversaires au 5-Juillet<\/strong><\/p>\n<p>Le Chabab de Belouizdad version 2019\/2020 commence \u00e0 prendre forme. Said Allik et Abdelkader Amrani travaillent s\u00e9rieusement pour construire la meilleure \u00e9quipe possible en vue de la saison sportive \u00e0 venir qui sera marqu\u00e9e par le retour du club de La\u00e2quiba sur la sc\u00e8ne continentale. Un retour que les supporters attendent avec impatience tant les hauts responsables de MADAR-Holding semblent d\u00e9termin\u00e9s \u00e0 conqu\u00e9rir l\u2019Afrique. D\u2019ailleurs, une lettre a \u00e9t\u00e9 envoy\u00e9e derni\u00e8rement \u00e0 la direction de l\u2019office du complexe olympique Mohamed-Boudiaf pour, justement, demander \u00e0 recevoir au 5-Juillet les adversaires du CRB en Coupe de la conf\u00e9d\u00e9ration africaine. Une demande \u00e0 laquelle l\u2019OCO a r\u00e9pondu par l\u2019affirmative. Ce qui a beaucoup r\u00e9joui les supporters qui se mettent \u00e0 r\u00eaver aux grandes soir\u00e9es africaines.<\/p>\n<p><strong>Hadjout pour pr\u00e9parer la comp\u00e9tition africaine<\/strong><br \/>La d\u00e9cision de recevoir au stade Olympique les prochains adversaires du Chabab de Belouizdad en Coupe de la CAF n\u2019a pas \u00e9t\u00e9 prise du jour au lendemain. En effet, Charafeddine Amara, le PDG de MADAR-Holding, Said Allik le directeur g\u00e9n\u00e9ral du CRB et Abdelkader Amrani premier responsable de la barre technique du club ont d\u00e9battu la question \u00e0 plusieurs reprises ces derni\u00e8res semaines. Et le choix s\u2019est port\u00e9 donc sur le grand stade d\u2019Alger qui offre des conditions de jeu bien meilleures que celles du 20-Ao\u00fbt et surtout une grande capacit\u00e9 d\u2019accueil. Ce qui permettra ainsi aux co\u00e9quipiers de Sayoud de pratiquer leur meilleur football sur cette pelouse naturelle et aux supporters belouizdadis d\u2019assister par dizaine de milliers aux rencontres de leur \u00e9quipe en Coupe africaine. Par ailleurs, la pr\u00e9paration des rencontres se fera sur le terrain annexe du 5-Juillet, appel\u00e9 Hadjout, qui propose aussi une surface en pelouse naturelle, mais d\u2019une qualit\u00e9 moindre que celle du terrain principal.<\/p>\n<p><strong>Le CRB pourrait \u00eatre exempt\u00e9 du premier tour pr\u00e9liminaire<\/strong><br \/>Le Chabab de Belouizdad devrait conna\u00eetre son prochain adversaire en Coupe de la conf\u00e9d\u00e9ration africaine dans moins d\u2019un mois. En effet, les membres de la conf\u00e9d\u00e9rations africaines se pencheront sur ladite comp\u00e9tition ainsi que sur la Ligue des champions d\u00e8s la fin de la Coupe d\u2019Afrique des nations qui se tient en ce moment en Egypte. N\u00e9anmoins, quelques dates utiles ont \u00e9t\u00e9 publi\u00e9es sur le site officiel de la CAF (cafonline.com) et qui concernent les dates arr\u00eat\u00e9es pour accueillir les rencontres de la Coupe de la CAF. Ainsi, le Chabab de Belouizdad devrait retrouver la sc\u00e8ne continentale entre le 9 et le 11 ao\u00fbt prochain pour le compte du match aller du premier tour de la Coupe de la CAF. Cependant, une source proche de la direction belouizdadie nous a confi\u00e9 que le club de La\u00e2quiba pourrait \u00eatre exempt\u00e9 du premier tour. Ce qui veut dire que le CRB n\u2019aura plus que deux tours \u00e0 passer avant de se qualifier pour la phase de poule. Mais pour l\u2019heure, aucune information officielle n\u2019a \u00e9t\u00e9 annonc\u00e9e dans ce sens.<\/p>\n<p><strong>Il sera la quatri\u00e8me recrue du Chabab\u2026<\/strong><\/p>\n<p><strong>Belahouel pour renforcer l\u2019attaque belouizdadie<\/strong><\/p>\n<p>Contrairement aux autres clubs qui annoncent des joueurs mais qui ne recrutent pas, le CRB recrute mais n\u2019annonce pas. C\u2019est d\u2019ailleurs le cas de Khali, A\u00efboud et Fourloul. On ignore pourquoi mais une source s\u00fbre nous a confi\u00e9 que le Chabab de Belouizdad a enregistr\u00e9, hier en milieu de journ\u00e9e, un nouveau renfort. Il s\u2019agit de Hamza Belahouel, l\u2019attaquant de 26 ans qui \u00e9voluait \u00e0 l\u2019USMBA la saison derni\u00e8re, qui a sign\u00e9 un contrat qui le liera au club de La\u00e2quiba pour les deux prochaines saisons. Son contrat avec l\u2019USMBA prend fin le 16 juillet, comme indiqu\u00e9 sur le site officiel de la LFP (lfp.dz) et contrairement \u00e0 ce qui a \u00e9t\u00e9 dit du c\u00f4t\u00e9 de Bel Abb\u00e8s concernant une clause qui maintiendrait le joueur jusqu\u2019au mois de septembre. En tout cas, le joueur est bel et bien Belouizdadi et il devrait d\u2019ailleurs \u00eatre pr\u00e9sent d\u00e8s le premier juillet \u00e0 la reprise du boulot.<\/p>\n<p><strong>Amrani veut un autre attaquant<\/strong><br \/>Bechou, Soumana, Bousseliou, Belahouel : la liste des attaquants du Chabab de Belouizdad n\u2019est pas tr\u00e8s fournie, surtout qu\u2019elle devrait \u00eatre marqu\u00e9e par le d\u00e9part de Sofiane Balegh que la direction attend son retour d\u2019Espagne o\u00f9 il passe ses vacances pour proc\u00e9der \u00e0 la r\u00e9siliation du contrat. Ce qui oblige donc Allik et ses collaborateurs \u00e0 chercher d\u2019autres renforts. D\u2019ailleurs, Abdelkader Amrani a exig\u00e9 \u00e0 ses dirigeants le recrutement de deux autres attaquants, un \u00e9voluant en pointe et un autre sur le couloir. Apr\u00e8s la perte de Bakir au profit du CS Sfax, la cellule de recrutement du Chabab est donc oblig\u00e9e de se tourner vers d\u2019autres cibles, moins prestigieuses probablement. Pour cause, le march\u00e9 des transferts ne regorge pas de tr\u00e8s bons attaquants. Malheureusement pour le CRB, les Bouguelmouna et Benayad sont toujours li\u00e9s avec leur club respectif.<\/p>\n<p><strong>Des attaquants africains pourraient \u00eatre mis \u00e0 l\u2019essai<\/strong><br \/>Une solution se propose donc \u00e0 la direction belouizdadie : la piste africaine. Jusqu\u2019\u00e0 ces derniers jours, les responsables du Chabab de Belouizdad \u00e9taient totalement concentr\u00e9s sur le march\u00e9 local. Mais avec le manque de solution et les probl\u00e8mes rencontr\u00e9s, ils pourraient se rabattre sur la solution africaine. D\u2019ailleurs, une source proche de Said Allik nous a confi\u00e9 que le DG belouizdadi est d\u2019ores et d\u00e9j\u00e0 entr\u00e9 avec quelques managers r\u00e9put\u00e9s travaillant en Afrique. La piste franco-alg\u00e9rienne reste aussi possible. En tout cas, si la direction ne parvient \u00e0 recruter un ou deux autres attaquants, plusieurs joueurs pourraient \u00eatre mis \u00e0 l\u2019essai. Ce qui permettra \u00e0 Abdelkader Amrani de s\u2019assurer des qualit\u00e9s d\u2019un joueur avant de le faire signer.<\/p>\n<p>\u00a0I<\/p>\n<p><strong>Publi\u00e9 dans :<\/strong> <span>CRB<\/span> <span>Meziane<\/span> <span>C\u00e9dric<\/span><\/p>\n<\/div>\n<p>Auteur:<br \/>\n<a href=\"http:\/\/www.lebuteur.com\/article\/detail?titre=crb-khairi-a-signe-un-contrat-de-deux-saisons&#038;id=89858&#038;utm_source=feedburner&#038;utm_medium=feed&#038;utm_campaign=Feed%3A+GalerieFArtciles+%28Les+derniers+articles++-+lebuteur.com%29\">Cliquez ici pour lire l&rsquo;article depuis sa source.<\/a><\/p>\n","protected":false},"excerpt":{"rendered":"<p>Auteur : Islam Tazibt mercredi 26 juin 2019 13:07 A\u00efboud, Khali, Belahouel, Fourloul tous auraient sign\u00e9 un contrat en faveur du Chabab de Belouizdad mais aucun d\u2019eux n\u2019a \u00e9t\u00e9 annonc\u00e9 de mani\u00e8re officielle, ni par les responsables belouizdadis ni par l\u2019\u00e9quipe de communication. Mais nous avons appris d\u2019une source tr\u00e8s bien inform\u00e9e que le club [&hellip;]<\/p>\n","protected":false},"author":1738,"featured_media":42721,"comment_status":"closed","ping_status":"closed","sticky":false,"template":"","format":"standard","meta":{"fifu_image_url":"","fifu_image_alt":"","footnotes":""},"categories":[53,75],"tags":[],"class_list":["post-42720","post","type-post","status-publish","format-standard","has-post-thumbnail","hentry","category-algerie","category-sport"],"_links":{"self":[{"href":"https:\/\/linitiative.ca\/International\/wp-json\/wp\/v2\/posts\/42720","targetHints":{"allow":["GET"]}}],"collection":[{"href":"https:\/\/linitiative.ca\/International\/wp-json\/wp\/v2\/posts"}],"about":[{"href":"https:\/\/linitiative.ca\/International\/wp-json\/wp\/v2\/types\/post"}],"author":[{"embeddable":true,"href":"https:\/\/linitiative.ca\/International\/wp-json\/wp\/v2\/users\/1738"}],"replies":[{"embeddable":true,"href":"https:\/\/linitiative.ca\/International\/wp-json\/wp\/v2\/comments?post=42720"}],"version-history":[{"count":0,"href":"https:\/\/linitiative.ca\/International\/wp-json\/wp\/v2\/posts\/42720\/revisions"}],"wp:featuredmedia":[{"embeddable":true,"href":"https:\/\/linitiative.ca\/International\/wp-json\/"}],"wp:attachment":[{"href":"https:\/\/linitiative.ca\/International\/wp-json\/wp\/v2\/media?parent=42720"}],"wp:term":[{"taxonomy":"category","embeddable":true,"href":"https:\/\/linitiative.ca\/International\/wp-json\/wp\/v2\/categories?post=42720"},{"taxonomy":"post_tag","embeddable":true,"href":"https:\/\/linitiative.ca\/International\/wp-json\/wp\/v2\/tags?post=42720"}],"curies":[{"name":"wp","href":"https:\/\/api.w.org\/{rel}","templated":true}]}}