{"id":42724,"date":"2019-06-26T15:14:23","date_gmt":"2019-06-26T19:14:23","guid":{"rendered":"https:\/\/linitiative.ca\/International\/equipe-dalgerie-gourcuff-mahrez-doit-franchir-un-cap-en-selection\/"},"modified":"2019-06-26T15:14:23","modified_gmt":"2019-06-26T19:14:23","slug":"equipe-dalgerie-gourcuff-mahrez-doit-franchir-un-cap-en-selection","status":"publish","type":"post","link":"https:\/\/linitiative.ca\/International\/equipe-dalgerie-gourcuff-mahrez-doit-franchir-un-cap-en-selection\/","title":{"rendered":"Equipe d&rsquo;Alg\u00e9rie : Gourcuff \u00abMahrez doit franchir un cap en s\u00e9lection\u00bb"},"content":{"rendered":"<div readability=\"32\">\n<p>Auteur : <span class=\"time\">mercredi 26 juin 2019 13:08<\/span><\/p>\n<\/div>\n<div id=\"post_core\" readability=\"55\">\n<p>S\u2019exprimant pour Jeune Afrique, l\u2019ancien s\u00e9lectionneur national, Christian Gourcuff a parl\u00e9 de l\u2019international alg\u00e9rien Riyad Mahrez, et de l\u2019ascension qu\u2019a connue sa carri\u00e8re jusque-l\u00e0. L\u2019ex-coach de Rennes explique que l\u2019actuel pensionnaire de Manchester City doit passer un cap avec la s\u00e9lection mais aussi avec son club. Aussi, il indique que le fait que le joueur n\u2019ait pas \u00e9t\u00e9 trop utilis\u00e9 cette saison par Pep Guardiola peut s\u2019av\u00e9rer une bonne chose pour la s\u00e9lection alg\u00e9rienne :\u00a0 \u00abIl arrivera en \u00c9gypte avec une certaine fra\u00eecheur. C\u2019est donc plut\u00f4t un avantage de ne pas avoir jou\u00e9 trop de matchs avec son club\u00bb, et d\u2019ajouter : \u00abIl a une trajectoire assez surprenante : Quimper, Le Havre, Leicester et Manchester City. C\u2019est un excellent footballeur mais il doit franchir un cap, tant en club qu\u2019en s\u00e9lection. Il peut avoir plus de temps de jeu en Angleterre, et devenir le vrai leader avec son Equipe nationale\u00bb, abonde le Breton.<\/p>\n<p><strong>\u00abFeghouli est int\u00e9ressant techniquement et a l\u2019exp\u00e9rience des grands rendez-vous\u00bb<\/strong><br \/>Plus extraverti que Mahrez, Feghouli, dont la carri\u00e8re a parfois \u00e9t\u00e9 perturb\u00e9e par les blessures, disputera en \u00c9gypte sa troisi\u00e8me CAN (il \u00e9tait absent au Gabon).\u00a0 Christian Gourcuff qui l\u2019a eu sous sa coupe en s\u00e9lection, a d\u00e9clar\u00e9 \u00e0 son propos : \u00abC\u2019est un joueur int\u00e9ressant techniquement, qui a l\u2019exp\u00e9rience des grands rendez-vous internationaux.\u00bb<\/p>\n<\/div>\n<p>Auteur:<br \/>\n<a href=\"http:\/\/www.lebuteur.com\/article\/detail?titre=gourcuff-mahrez-doit-franchir-un-cap-en-selection&#038;id=89856&#038;utm_source=feedburner&#038;utm_medium=feed&#038;utm_campaign=Feed%3A+GalerieFArtciles+%28Les+derniers+articles++-+lebuteur.com%29\">Cliquez ici pour lire l&rsquo;article depuis sa source.<\/a><\/p>\n","protected":false},"excerpt":{"rendered":"<p>Auteur : mercredi 26 juin 2019 13:08 S\u2019exprimant pour Jeune Afrique, l\u2019ancien s\u00e9lectionneur national, Christian Gourcuff a parl\u00e9 de l\u2019international alg\u00e9rien Riyad Mahrez, et de l\u2019ascension qu\u2019a connue sa carri\u00e8re jusque-l\u00e0. L\u2019ex-coach de Rennes explique que l\u2019actuel pensionnaire de Manchester City doit passer un cap avec la s\u00e9lection mais aussi avec son club. Aussi, il [&hellip;]<\/p>\n","protected":false},"author":1738,"featured_media":42725,"comment_status":"closed","ping_status":"closed","sticky":false,"template":"","format":"standard","meta":{"fifu_image_url":"","fifu_image_alt":"","footnotes":""},"categories":[53,75],"tags":[],"class_list":["post-42724","post","type-post","status-publish","format-standard","has-post-thumbnail","hentry","category-algerie","category-sport"],"_links":{"self":[{"href":"https:\/\/linitiative.ca\/International\/wp-json\/wp\/v2\/posts\/42724","targetHints":{"allow":["GET"]}}],"collection":[{"href":"https:\/\/linitiative.ca\/International\/wp-json\/wp\/v2\/posts"}],"about":[{"href":"https:\/\/linitiative.ca\/International\/wp-json\/wp\/v2\/types\/post"}],"author":[{"embeddable":true,"href":"https:\/\/linitiative.ca\/International\/wp-json\/wp\/v2\/users\/1738"}],"replies":[{"embeddable":true,"href":"https:\/\/linitiative.ca\/International\/wp-json\/wp\/v2\/comments?post=42724"}],"version-history":[{"count":0,"href":"https:\/\/linitiative.ca\/International\/wp-json\/wp\/v2\/posts\/42724\/revisions"}],"wp:featuredmedia":[{"embeddable":true,"href":"https:\/\/linitiative.ca\/International\/wp-json\/"}],"wp:attachment":[{"href":"https:\/\/linitiative.ca\/International\/wp-json\/wp\/v2\/media?parent=42724"}],"wp:term":[{"taxonomy":"category","embeddable":true,"href":"https:\/\/linitiative.ca\/International\/wp-json\/wp\/v2\/categories?post=42724"},{"taxonomy":"post_tag","embeddable":true,"href":"https:\/\/linitiative.ca\/International\/wp-json\/wp\/v2\/tags?post=42724"}],"curies":[{"name":"wp","href":"https:\/\/api.w.org\/{rel}","templated":true}]}}