{"id":42732,"date":"2019-06-26T15:14:28","date_gmt":"2019-06-26T19:14:28","guid":{"rendered":"https:\/\/linitiative.ca\/International\/ligue-1-2-jsk-iboud-sanctionner-mellal-a-deux-ans-plus-une-proposition-de-radiation-cest-de-la-provocation\/"},"modified":"2019-06-26T15:14:28","modified_gmt":"2019-06-26T19:14:28","slug":"ligue-1-2-jsk-iboud-sanctionner-mellal-a-deux-ans-plus-une-proposition-de-radiation-cest-de-la-provocation","status":"publish","type":"post","link":"https:\/\/linitiative.ca\/International\/ligue-1-2-jsk-iboud-sanctionner-mellal-a-deux-ans-plus-une-proposition-de-radiation-cest-de-la-provocation\/","title":{"rendered":"Ligue 1 &amp; 2 : JSK &#8211; Iboud: \u00abSanctionner Mellal \u00e0 deux ans plus une proposition de radiation, c\u2019est de la provocation\u00bb"},"content":{"rendered":"<div readability=\"32\">\n<p>Auteur : <span>Ly\u00e8s Aouiche<\/span> <span class=\"time\">mercredi 26 juin 2019 13:08<\/span><\/p>\n<\/div>\n<div id=\"post_core\" readability=\"95\">\n<p>A l\u2019approche de la reprise des entra\u00eenements, c\u2019est la grande mobilisation au sein de la direction afin de garantir les meilleures conditions de travail. La pr\u00e9paration estivale est scind\u00e9e en deux parties, la premi\u00e8re qui d\u00e9butera ce samedi sur les hauteurs d\u2019Azazga, plus pr\u00e9cis\u00e9ment \u00e0 Zekri, avant de s\u2019envoler \u00e0 Evian o\u00f9 l\u2019\u00e9quipe effectuera du 10 au 25 juillet son regroupement estival. Dans l\u2019apr\u00e8s-midi d\u2019hier, nous nous sommes entretenus avec le porte-parole officiel du club, Miloud Iboud, qui est revenu sur plusieurs dossiers br\u00fblants ayant marqu\u00e9 l\u2019actualit\u00e9 du club cet \u00e9t\u00e9, notamment cette lourde sanction inflig\u00e9e par la commission de discipline au pr\u00e9sident Mellal, pour deux ans fermes et une proposition de radiation \u00e0 vie. A ce sujet, Iboud a d\u00e9clar\u00e9 : \u00abAu moment o\u00f9 toute la direction est grandement mobilis\u00e9e pour pr\u00e9parer les assises du nouvel exercice, on a re\u00e7u tel un couperet la sanction inflig\u00e9e au pr\u00e9sident Cherif Mellal par la CD de la LFP. Prononcer une telle sentence, de deux ans de suspension plus une proposition de radiation \u00e0 vie de toutes les activit\u00e9s sportives contre un pr\u00e9sident qui ne fait que d\u00e9noncer la corruption depuis son arriv\u00e9e \u00e0 la t\u00eate du club, c\u2019est de la provocation pure et simple.\u00bb<\/p>\n<p><strong>\u00a0\u00abNous utiliserons toutes les voies de recours\u00bb<\/strong><br \/>Pour le porte-parole du club, la direction une fois la sanction tomb\u00e9e, a pris toutes ses dispositions pour se d\u00e9fendre. Il explique : \u00abNous consid\u00e9rons que la sanction est lourde. Nous n\u2019avons pas encore compris sur quelle base on s\u2019est appuy\u00e9e pour prendre une telle d\u00e9cision. Apr\u00e8s le match de M\u00e9d\u00e9a, on nous a demand\u00e9 des preuves, mais aujourd\u2019hui apr\u00e8s avoir pr\u00e9sent\u00e9 des preuves, on n\u2019a pas trouv\u00e9 mieux que de prononcer une telle sanction. Nous avons pris nos dispositions, et on utilisera toutes les voies de recours pour d\u00e9fendre et le pr\u00e9sident et les int\u00e9r\u00eats du club.\u00bb<\/p>\n<p><strong>\u00a0\u00abNous mettrons les joueurs \u00e0 l\u2019abri de cette affaire\u00bb<\/strong><br \/>A la question de savoir si cette affaire ne risque pas d\u2019influer sur les pr\u00e9paratifs de la nouvelle saison, notamment le mental des joueurs qui vont devoir reprendre d\u00e8s ce samedi le chemin des entra\u00eenements, Iboud rassure : \u00abNous allons tout faire pour \u00e9loigner les joueurs de cette affaire. Ils seront mis \u00e0 l\u2019\u00e9cart de tout ce qui touche \u00e0 l\u2019administration et se concentreront uniquement sur le volet technique. Nous entamerons cette semaine les entra\u00eenements pour un nouvel exercice, et la direction a tout mis en marche pour que cette pr\u00e9paration soit une totale r\u00e9ussite.\u00bb<\/p>\n<p><strong>\u00abOn attend de finaliser avec d\u2019autres nouvelles recrues pour boucler l\u2019op\u00e9ration\u00bb<\/strong><br \/>Au sujet du recrutement estival, Iboud a affirm\u00e9 que pour l\u2019instant le club a engag\u00e9 cinq nouvelles recrues et les contacts avec d\u2019autres seront bient\u00f4t conclus par la signature de nouveaux contrats : \u00abNous avons d\u00e9cid\u00e9 de renforcer l\u2019\u00e9quipe par des joueurs au profil r\u00e9clam\u00e9 par le staff technique pour la saison prochaine. Comme vous le savez, nous serons engag\u00e9s sur trois fronts et cela n\u00e9cessite du renfort de qualit\u00e9. On a fait signer cinq nouveaux joueurs et on attend de finaliser cette semaine avec deux ou trois \u00e9l\u00e9ments dont deux \u00e9trangers afin de boucler cette op\u00e9ration.\u00bb<\/p>\n<p><strong>\u00abVelud a fait ses preuves en Alg\u00e9rie, et a une id\u00e9e sur le championnat\u00bb<\/strong><br \/>A propos de la nomination d\u2019un nouvel entra\u00eeneur, en la personne d\u2019Hubert Velud, Iboud ajoute : \u00abHubert Velud est notre nouvel entra\u00eeneur. Il sera \u00e0 Tizi ce jeudi pour entamer le travail avec l\u2019\u00e9quipe d\u00e8s la premi\u00e8re semaine \u00e0 Zekri. C\u2019est driver ayant d\u00e9j\u00e0 exerc\u00e9 en Alg\u00e9rie, donc il a une id\u00e9e sur notre championnat. Ce driver a les moyens de r\u00e9aliser de bons r\u00e9sultats avec la JSK et c\u2019est notre souhait.\u00bb<\/p>\n<p><strong>\u00abLa direction a mis les moyens pour une bonne pr\u00e9paration estivale\u00bb<\/strong><br \/>Au sujet des pr\u00e9paratifs pour le regroupement estival, la JSK est sur le point de d\u00e9marrer la premi\u00e8re partie, samedi prochain. La direction donnera le coup de starter \u00e0 Zekri, avant de se d\u00e9placer \u00e0 Evian. Selon Iboud, toutes les conditions sont r\u00e9unies pour r\u00e9ussir cette \u00e9tape importante : \u00abEn pr\u00e9vision du nouvel exercice, la direction n\u2019a pas l\u00e9sin\u00e9 sur les moyens pour assurer une bonne pr\u00e9paration. On commence par un premier programme \u00e0 Zekri d\u00e8s samedi prochain, par la suite on s\u2019envolera \u00e0 Evian o\u00f9 les installations sont disponibles. Il y aura des matchs amicaux durant cette p\u00e9riode et d\u2019ici le premier match de la LDC, l\u2019\u00e9quipe sera logiquement mise sur pied.\u00bb<\/p>\n<p>\u00a0<\/p>\n<\/div>\n<p>Auteur:<br \/>\n<a href=\"http:\/\/www.lebuteur.com\/article\/detail?titre=jsk-iboud-sanctionner-mellal-a-deux-ans-plus-une-proposition-de-radiation-cest-de-la-provocation&#038;id=89852&#038;utm_source=feedburner&#038;utm_medium=feed&#038;utm_campaign=Feed%3A+GalerieFArtciles+%28Les+derniers+articles++-+lebuteur.com%29\">Cliquez ici pour lire l&rsquo;article depuis sa source.<\/a><\/p>\n","protected":false},"excerpt":{"rendered":"<p>Auteur : Ly\u00e8s Aouiche mercredi 26 juin 2019 13:08 A l\u2019approche de la reprise des entra\u00eenements, c\u2019est la grande mobilisation au sein de la direction afin de garantir les meilleures conditions de travail. La pr\u00e9paration estivale est scind\u00e9e en deux parties, la premi\u00e8re qui d\u00e9butera ce samedi sur les hauteurs d\u2019Azazga, plus pr\u00e9cis\u00e9ment \u00e0 Zekri, [&hellip;]<\/p>\n","protected":false},"author":1738,"featured_media":42733,"comment_status":"closed","ping_status":"closed","sticky":false,"template":"","format":"standard","meta":{"fifu_image_url":"","fifu_image_alt":"","footnotes":""},"categories":[53,75],"tags":[],"class_list":["post-42732","post","type-post","status-publish","format-standard","has-post-thumbnail","hentry","category-algerie","category-sport"],"_links":{"self":[{"href":"https:\/\/linitiative.ca\/International\/wp-json\/wp\/v2\/posts\/42732","targetHints":{"allow":["GET"]}}],"collection":[{"href":"https:\/\/linitiative.ca\/International\/wp-json\/wp\/v2\/posts"}],"about":[{"href":"https:\/\/linitiative.ca\/International\/wp-json\/wp\/v2\/types\/post"}],"author":[{"embeddable":true,"href":"https:\/\/linitiative.ca\/International\/wp-json\/wp\/v2\/users\/1738"}],"replies":[{"embeddable":true,"href":"https:\/\/linitiative.ca\/International\/wp-json\/wp\/v2\/comments?post=42732"}],"version-history":[{"count":0,"href":"https:\/\/linitiative.ca\/International\/wp-json\/wp\/v2\/posts\/42732\/revisions"}],"wp:featuredmedia":[{"embeddable":true,"href":"https:\/\/linitiative.ca\/International\/wp-json\/"}],"wp:attachment":[{"href":"https:\/\/linitiative.ca\/International\/wp-json\/wp\/v2\/media?parent=42732"}],"wp:term":[{"taxonomy":"category","embeddable":true,"href":"https:\/\/linitiative.ca\/International\/wp-json\/wp\/v2\/categories?post=42732"},{"taxonomy":"post_tag","embeddable":true,"href":"https:\/\/linitiative.ca\/International\/wp-json\/wp\/v2\/tags?post=42732"}],"curies":[{"name":"wp","href":"https:\/\/api.w.org\/{rel}","templated":true}]}}