{"id":42734,"date":"2019-06-26T15:14:30","date_gmt":"2019-06-26T19:14:30","guid":{"rendered":"https:\/\/linitiative.ca\/International\/ligue-1-2-jsk-walid-bencherifa-signera-demain\/"},"modified":"2019-06-26T15:14:30","modified_gmt":"2019-06-26T19:14:30","slug":"ligue-1-2-jsk-walid-bencherifa-signera-demain","status":"publish","type":"post","link":"https:\/\/linitiative.ca\/International\/ligue-1-2-jsk-walid-bencherifa-signera-demain\/","title":{"rendered":"Ligue 1 &amp; 2 : JSK: Walid Bench\u00e9rifa signera demain"},"content":{"rendered":"<div readability=\"32\">\n<p>Auteur : <span>B. T.<\/span> <span class=\"time\">mercredi 26 juin 2019 13:08<\/span><\/p>\n<\/div>\n<div id=\"post_core\" readability=\"92\">\n<p>C\u2019est presque fait, l\u2019arri\u00e8re gauche, Lyes Chetti est sur le point de quitter la JSK. Courtis\u00e9 par plusieurs formations, le natif d\u2019Annaba a tout conclu avec le club tunisien de l\u2019Esp\u00e9rance de Tunis. Il s\u2019est, selon nos sources, m\u00eame d\u00e9plac\u00e9 en Tunisie pour n\u00e9gocier son salaire. Il ne reste, par ailleurs, qu\u2019\u00e0 trouver un accord avec la direction kabyle qui, rappelons-le, a exig\u00e9 350 000 euros pour le c\u00e9der. Et comme le d\u00e9part de Chetti se pr\u00e9cise, les responsables de la JSK ont d\u2019ores et d\u00e9j\u00e0 entam\u00e9 les recherches pour lui trouver un successeur. Et celui qui int\u00e9resse \u00e9norm\u00e9ment les Canaris, n\u2019est autre que le Constantinois, Mohamed Walid Bench\u00e9rifa. L\u2019arri\u00e8re gauche de 30 ans, et apr\u00e8s de loyaux services rendus au CSC, aurait pris la d\u00e9cision de changer d\u2019air, lui qui souhaite rebondir ailleurs. Et lorsqu\u2019il a \u00e9t\u00e9 approch\u00e9 par la direction kabyle, il ne pouvait tourner le dos \u00e0 l\u2019\u00e9quipe avec laquelle il avait connu des moments inoubliables. Et d\u2019apr\u00e8s les informations qui nous sont parvenues, Bench\u00e9rifa est attendu demain apr\u00e8s-midi \u00e0 Tizi Ouzou pour parapher son nouveau contrat. On parle d\u2019un engagement de trois ans.<\/p>\n<p><strong>Il devait r\u00e9cup\u00e9rer ses papiers du CSC<\/strong><br \/>Sous contrat avec le CSC, Walid Bench\u00e9rifa, qui ne se sent plus \u00e0 l\u2019aise avec le club Cirta, a d\u00e9cid\u00e9 d\u2019entamer les proc\u00e9dures pour r\u00e9silier son contrat. La raison de cette d\u00e9cision remonte \u00e0 l\u2019information rapport\u00e9e par la presse concernant le souhait de la direction du CSC de le lib\u00e9rer. A en croire nos sources, le manager du joueur s\u2019est d\u00e9plac\u00e9 \u00e0 Constantine dimanche dernier pour finaliser avec le club et essayer de r\u00e9cup\u00e9rer la lettre de sortie. Apparemment, un accord a \u00e9t\u00e9 d\u00e9j\u00e0 trouv\u00e9 puisque l\u2019arri\u00e8re gauche, est d\u00e9sormais libre de tout engagement.<\/p>\n<p><strong>Il \u00e9tait en vacances<\/strong><br \/>En ce qui concerne le joueur, et d\u2019apr\u00e8s nos informations, ce dernier \u00e9tait en vacances. Il est rentr\u00e9 hier en fin de soir\u00e9e au pays. C\u2019est pour cette raison que la signature du contrat a \u00e9t\u00e9 programm\u00e9e pour le 27 juin, soit deux jours avant la reprise des entra\u00eenements pr\u00e9vue deux jours plus tard.<\/p>\n<p><strong>L\u2019exp\u00e9rience, la raison de ce choix<\/strong><br \/>Alors que la direction des Canaris \u00e9tait en contact avanc\u00e9 avec l\u2019arri\u00e8re gauche de Magra, Chikhi, les dirigeants se sont retourn\u00e9s vers la piste de Bench\u00e9rifa. La raison est toute simple, le coach a souhait\u00e9 engag\u00e9 un joueur d\u2019exp\u00e9rience qui pourrait apporter un plus notamment en Ligue des champions. Et comme tout le monde le sait, Bench\u00e9rifa a d\u00e9j\u00e0 particip\u00e9 \u00e0 cette comp\u00e9tition avec le CSC, ce qui pourrait constituer un v\u00e9ritable atout.<\/p>\n<p><strong>Un deuxi\u00e8me arri\u00e8re gauche dans le viseur<\/strong><br \/>En plus de Walid Bench\u00e9rifa, la direction du Djurdjura envisage d\u2019engager un deuxi\u00e8me arri\u00e8re gauche pour remplacer Samy Slama qui a \u00e9t\u00e9 officiellement lib\u00e9r\u00e9. Pour le moment, on n\u2019a pas assez de d\u00e9tails, mais nous avons appris qu\u2019il s\u2019agirait d\u2019un jeune joueur p\u00e9tri de qualit\u00e9s.<br \/>\u00a0<\/p>\n<p><strong>Publi\u00e9 dans :<\/strong> <span>JSK<\/span> <span>Walid Bencherifa<\/span><\/p>\n<\/div>\n<p>Auteur:<br \/>\n<a href=\"http:\/\/www.lebuteur.com\/article\/detail?titre=jsk-walid-bencherifa-signera-demain&#038;id=89851&#038;utm_source=feedburner&#038;utm_medium=feed&#038;utm_campaign=Feed%3A+GalerieFArtciles+%28Les+derniers+articles++-+lebuteur.com%29\">Cliquez ici pour lire l&rsquo;article depuis sa source.<\/a><\/p>\n","protected":false},"excerpt":{"rendered":"<p>Auteur : B. T. mercredi 26 juin 2019 13:08 C\u2019est presque fait, l\u2019arri\u00e8re gauche, Lyes Chetti est sur le point de quitter la JSK. Courtis\u00e9 par plusieurs formations, le natif d\u2019Annaba a tout conclu avec le club tunisien de l\u2019Esp\u00e9rance de Tunis. Il s\u2019est, selon nos sources, m\u00eame d\u00e9plac\u00e9 en Tunisie pour n\u00e9gocier son salaire. [&hellip;]<\/p>\n","protected":false},"author":1738,"featured_media":42735,"comment_status":"closed","ping_status":"closed","sticky":false,"template":"","format":"standard","meta":{"fifu_image_url":"","fifu_image_alt":"","footnotes":""},"categories":[53,75],"tags":[],"class_list":["post-42734","post","type-post","status-publish","format-standard","has-post-thumbnail","hentry","category-algerie","category-sport"],"_links":{"self":[{"href":"https:\/\/linitiative.ca\/International\/wp-json\/wp\/v2\/posts\/42734","targetHints":{"allow":["GET"]}}],"collection":[{"href":"https:\/\/linitiative.ca\/International\/wp-json\/wp\/v2\/posts"}],"about":[{"href":"https:\/\/linitiative.ca\/International\/wp-json\/wp\/v2\/types\/post"}],"author":[{"embeddable":true,"href":"https:\/\/linitiative.ca\/International\/wp-json\/wp\/v2\/users\/1738"}],"replies":[{"embeddable":true,"href":"https:\/\/linitiative.ca\/International\/wp-json\/wp\/v2\/comments?post=42734"}],"version-history":[{"count":0,"href":"https:\/\/linitiative.ca\/International\/wp-json\/wp\/v2\/posts\/42734\/revisions"}],"wp:featuredmedia":[{"embeddable":true,"href":"https:\/\/linitiative.ca\/International\/wp-json\/"}],"wp:attachment":[{"href":"https:\/\/linitiative.ca\/International\/wp-json\/wp\/v2\/media?parent=42734"}],"wp:term":[{"taxonomy":"category","embeddable":true,"href":"https:\/\/linitiative.ca\/International\/wp-json\/wp\/v2\/categories?post=42734"},{"taxonomy":"post_tag","embeddable":true,"href":"https:\/\/linitiative.ca\/International\/wp-json\/wp\/v2\/tags?post=42734"}],"curies":[{"name":"wp","href":"https:\/\/api.w.org\/{rel}","templated":true}]}}