{"id":42741,"date":"2019-06-25T19:00:00","date_gmt":"2019-06-25T23:00:00","guid":{"rendered":"https:\/\/linitiative.ca\/International\/situation-politique-surmonter-limpasse-actuelle\/"},"modified":"2019-06-25T19:00:00","modified_gmt":"2019-06-25T23:00:00","slug":"situation-politique-surmonter-limpasse-actuelle","status":"publish","type":"post","link":"https:\/\/linitiative.ca\/International\/situation-politique-surmonter-limpasse-actuelle\/","title":{"rendered":"Situation politique :  SURMONTER L\u2019IMPASSE  ACTUELLE"},"content":{"rendered":"<div class=\"TxArtcile\" readability=\"31\">\n<div class=\"ImgCapt\"><img loading=\"lazy\" decoding=\"async\" width=\"208\" height=\"208\" src=\"http:\/\/www.elmoudjahid.com\/temp\/fr\/actualite2[138544].jpg\" alt=\"\" \/><span>D.R<\/span><\/div>\n<p>Le parti du Front de lib\u00e9ration nationale a proc\u00e9d\u00e9, hier \u00e0 Alger, \u00e0 l&rsquo;installation d&rsquo;un \u00abcomit\u00e9 de Sages\u00bb et d&rsquo;un \u00abcomit\u00e9 de Jeunes et \u00e9tudiants\u00bb, en vue de faire du parti un \u00e9l\u00e9ment attractif pour les cat\u00e9gories agissantes et \u00abjeter les bases d&rsquo;un nouveau d\u00e9part fond\u00e9 sur les principes de Novembre\u00bb. Dans son allocution d&rsquo;ouverture, le secr\u00e9taire g\u00e9n\u00e9ral, Mohamed Djemai, a expliqu\u00e9 que l&rsquo;installation de ces deux comit\u00e9s s&rsquo;inscrivait dans le cadre de \u00abla nouvelle dynamique engag\u00e9e par le parti \u00e0 la lumi\u00e8re de la p\u00e9riode sensible que traverse l&rsquo;Alg\u00e9rie\u00bb, \u00e0 travers laquelle il tend \u00e0 devenir \u00abun \u00e9l\u00e9ment attractif pour les cat\u00e9gories agissantes dans la soci\u00e9t\u00e9\u00bb. A ce propos, M. Djemai a mis en avant la synergie et la coh\u00e9sion existant entre la g\u00e9n\u00e9ration de Novembre et la nouvelle, notamment lorsqu&rsquo;il s&rsquo;agit de s&rsquo;acquitter de missions. Evoquant, dans ce sens, le Hirak populaire qui se poursuit depuis plus de 4 mois, le SG du FLN a affirm\u00e9 que c&rsquo;est gr\u00e2ce \u00e0 ce mouvement que le parti \u00aba recouvr\u00e9 sa l\u00e9gitimit\u00e9 et son ind\u00e9pendance\u00bb. La jeunesse alg\u00e9rienne \u00abconsciente et instruite, traduit son amour pour la patrie par son Hirak pacifique et civilisationnel et par ses revendications l\u00e9gitimes pour la construction d&rsquo;une Alg\u00e9rie nouvelle, fid\u00e8le aux principes de Novembre\u00bb, a-t-il ajout\u00e9. Par ailleurs, il a mis en avant \u00abl&rsquo;engagement\u00bb du FLN en mati\u00e8re de \u00absagesse et clairvoyance\u00bb, et \u00abl&rsquo;attachement \u00e0 r\u00e9unir un climat accueillant pour la jeunesse afin de doter le parti de la clairvoyance des sages et l&rsquo;enthousiasme des jeunes\u00bb. D&rsquo;autre part, M. Djemai a r\u00e9it\u00e9r\u00e9 le soutien de sa formation politique \u00e0 l&rsquo;Arm\u00e9e nationale populaire, soulignant que \u00abce soutien proc\u00e8de de notre conviction qu&rsquo;elle s&rsquo;est positionn\u00e9e au c\u00f4t\u00e9 du peuple et de ses revendications l\u00e9gitimes\u00bb. Il a ajout\u00e9 que son parti et l&rsquo;ANP s&rsquo;accordent sur le fait que \u00abl&rsquo;unique solution est l&rsquo;organisation de la pr\u00e9sidentielle dans le cadre constitutionnel et dans les meilleurs d\u00e9lais\u00bb. Pour ce faire, il a appel\u00e9 une nouvelle fois \u00e0 adopter \u00abun dialogue s\u00e9rieux et r\u00e9aliste n&rsquo;excluant aucune partie\u00bb, en vue de sortir de la crise que traverse le pays.<\/p>\n<\/div>\n<div class=\"ModliArtilUne\">\n<ul>\n<li><strong>Publi\u00e9 dans :<\/strong><\/li>\n<\/ul>\n<\/div>\n<div class=\"MbComIns\" id=\"newcom\" readability=\"5.69402985075\">\n<h6>DONNEZ VOTRE AVIS<\/h6>\n<p>Il n&rsquo;y a actuellement aucune r\u00e9action \u00e0 cette information. Soyez le premier \u00e0 r\u00e9agir !<\/p>\n<p><a href=\"\" rel=\"#popup\" class=\"login resetbutton\">Identifiez-vous<\/a><a class=\"button\" href=\"http:\/\/www.elmoudjahid.com\/fr\/inscription\/\"><span>S&rsquo;inscrire<\/span><\/a><\/p>\n<\/div>\n<p>Auteur: elmoudjahid<br \/>\n<a href=\"http:\/\/www.elmoudjahid.com\/fr\/actualites\/138544\">Cliquez ici pour lire l&rsquo;article depuis sa source.<\/a><\/p>\n","protected":false},"excerpt":{"rendered":"<p>D.R Le parti du Front de lib\u00e9ration nationale a proc\u00e9d\u00e9, hier \u00e0 Alger, \u00e0 l&rsquo;installation d&rsquo;un \u00abcomit\u00e9 de Sages\u00bb et d&rsquo;un \u00abcomit\u00e9 de Jeunes et \u00e9tudiants\u00bb, en vue de faire du parti un \u00e9l\u00e9ment attractif pour les cat\u00e9gories agissantes et \u00abjeter les bases d&rsquo;un nouveau d\u00e9part fond\u00e9 sur les principes de Novembre\u00bb. Dans son allocution [&hellip;]<\/p>\n","protected":false},"author":1744,"featured_media":42742,"comment_status":"closed","ping_status":"closed","sticky":false,"template":"","format":"standard","meta":{"fifu_image_url":"","fifu_image_alt":"","footnotes":""},"categories":[73,53],"tags":[],"class_list":["post-42741","post","type-post","status-publish","format-standard","has-post-thumbnail","hentry","category-actualite","category-algerie"],"_links":{"self":[{"href":"https:\/\/linitiative.ca\/International\/wp-json\/wp\/v2\/posts\/42741","targetHints":{"allow":["GET"]}}],"collection":[{"href":"https:\/\/linitiative.ca\/International\/wp-json\/wp\/v2\/posts"}],"about":[{"href":"https:\/\/linitiative.ca\/International\/wp-json\/wp\/v2\/types\/post"}],"author":[{"embeddable":true,"href":"https:\/\/linitiative.ca\/International\/wp-json\/wp\/v2\/users\/1744"}],"replies":[{"embeddable":true,"href":"https:\/\/linitiative.ca\/International\/wp-json\/wp\/v2\/comments?post=42741"}],"version-history":[{"count":0,"href":"https:\/\/linitiative.ca\/International\/wp-json\/wp\/v2\/posts\/42741\/revisions"}],"wp:featuredmedia":[{"embeddable":true,"href":"https:\/\/linitiative.ca\/International\/wp-json\/"}],"wp:attachment":[{"href":"https:\/\/linitiative.ca\/International\/wp-json\/wp\/v2\/media?parent=42741"}],"wp:term":[{"taxonomy":"category","embeddable":true,"href":"https:\/\/linitiative.ca\/International\/wp-json\/wp\/v2\/categories?post=42741"},{"taxonomy":"post_tag","embeddable":true,"href":"https:\/\/linitiative.ca\/International\/wp-json\/wp\/v2\/tags?post=42741"}],"curies":[{"name":"wp","href":"https:\/\/api.w.org\/{rel}","templated":true}]}}