{"id":42760,"date":"2019-06-26T07:41:29","date_gmt":"2019-06-26T11:41:29","guid":{"rendered":"https:\/\/linitiative.ca\/International\/91128-can-2019-algerie-senegal-un-rendez-vous-important-mais-pas-decisif-belmadi\/"},"modified":"2019-06-26T07:41:29","modified_gmt":"2019-06-26T11:41:29","slug":"91128-can-2019-algerie-senegal-un-rendez-vous-important-mais-pas-decisif-belmadi","status":"publish","type":"post","link":"https:\/\/linitiative.ca\/International\/91128-can-2019-algerie-senegal-un-rendez-vous-important-mais-pas-decisif-belmadi\/","title":{"rendered":"CAN 2019 \/ Alg\u00e9rie &#8211; S\u00e9n\u00e9gal : Un rendez-vous important mais pas d\u00e9cisif"},"content":{"rendered":"<div>\n<div class=\"K2FeedImage\"><img decoding=\"async\" src=\"http:\/\/www.aps.dz\/media\/k2\/items\/cache\/4dfcef8f12fdab37f3c3f7309422da0e_S.jpg\" alt=\"CAN 2019 \/ Alg\u00e9rie - S\u00e9n\u00e9gal : Un rendez-vous important mais pas d\u00e9cisif\"><\/div>\n<div class=\"K2FeedIntroText\">\n<p><strong>LE CAIRE &#8211; Le s\u00e9lectionneur de l\u2019\u00e9quipe alg\u00e9rienne de football, Djamel Belmadi, a indiqu\u00e9 que le match face au S\u00e9n\u00e9gal sera \u00ab\u00a0important mais pas d\u00e9cisif\u00a0\u00bb, mercredi \u00e0 24 heures de l&rsquo;opposition pr\u00e9vue au stade 30-Juin du Caire (18h00 alg\u00e9riennes) comptant pour la 2e journ\u00e9e (Gr. C) de la Coupe d\u2019Afrique des nations CAN-2019.<\/strong><\/p>\n<\/div>\n<div class=\"K2FeedFullText\">\n<p>\u00ab\u00a0Ce match contre le S\u00e9n\u00e9gal est attendu par tout le monde, ce sera une confrontation entre deux \u00e9quipes avec un gros potentiel qui ont bien d\u00e9marr\u00e9 le tournoi. Il y aura des joueurs des deux c\u00f4t\u00e9s connus sur le plan international. Ca a \u00e9t\u00e9 toujours de belles confrontations, des oppositions de qualit\u00e9, assez \u00e9quilibr\u00e9es. On se pr\u00e9pare avec beaucoup de concentration. C\u2019est un match important mais pas d\u00e9cisif\u00a0\u00bb, a indiqu\u00e9 Belmadi en conf\u00e9rence de presse tenu au stade 30-Juin de la capitale \u00e9gyptienne.<\/p>\n<hr>\n<p><em><strong>Lire aussi:\u00a0<\/strong><\/em><a href=\"http:\/\/www.aps.dz\/sport\/91124-can-2019-de-nombreux-supporters-algeriens-prives-du-choc-algerie-senegal\">CAN 2019 : de nombreux supporters alg\u00e9riens priv\u00e9s du choc Alg\u00e9rie &#8211; S\u00e9n\u00e9gal<\/a><\/p>\n<hr>\n<p>L\u2019Alg\u00e9rie a r\u00e9ussi ses d\u00e9buts dans cette 32e \u00e9dition de CAN en battant dimanche le Kenya (2-0). Idem pour le S\u00e9n\u00e9gal, facile vainqueur de la Tanzanie (2-0) qui signe son retour \u00e0 la CAN apr\u00e8s 39 ans d\u2019absence.<\/p>\n<p>\u00ab\u00a0On sait que nous avons eu des soucis \u00e0 chaque d\u00e9but de CAN. Il fallait bien ne pas tomber dans le pi\u00e8ge du match inaugural, avec tout le respect que j\u2019ai pour le Kenya, tr\u00e8s difficile \u00e0 manoeuvrer. Il y a un travail qui a \u00e9t\u00e9 fait depuis longtemps, je suis tr\u00e8s satisfait de cette victoire, mais il n\u2019y a pas d\u2019euphorie. Il y a un gros morceau qui nous attend demain (jeudi), il va falloir \u00eatre \u00e0 200% face au S\u00e9n\u00e9gal\u00a0\u00bb.<\/p>\n<p>\u00a0<\/p>\n<p style=\"text-align: center;\"><span style=\"font-size: 14pt;\"><strong>Le S\u00e9n\u00e9gal sera \u00ab\u00a0plus motiv\u00e9\u00a0\u00bb<\/strong><\/span><\/p>\n<p>\u00a0<\/p>\n<p>Evoquant son prochain adversaire qui n\u2019a jamais r\u00e9ussi \u00e0 battre les \u00ab\u00a0Verts\u00a0\u00bb en phases finales de CAN, Belmadi s\u2019est montr\u00e9 prudent devant \u00ab\u00a0une \u00e9quipe qui sera tr\u00e8s motiv\u00e9e\u00a0\u00bb pour r\u00e9aliser son premier succ\u00e8s.<\/p>\n<p>\u00ab\u00a0Le fait que le S\u00e9n\u00e9gal n\u2019ait jamais pu s\u2019imposer contre l\u2019Alg\u00e9rie constituera une motivation suppl\u00e9mentaire pour eux. C\u2019est un match difficile. Le S\u00e9n\u00e9gal est bien renforc\u00e9 dans toutes les lignes. Je refuse de qualifier cette rencontre de finale avant la lettre, on est loin du compte\u00a0\u00bb, a-t-il soulign\u00e9.<\/p>\n<p>Avant d\u2019encha\u00eener \u00e0 propos du s\u00e9lectionneur s\u00e9n\u00e9galais Aliou Ciss\u00e9 : \u00ab\u00a0C\u2019est une veille connaissance, on est de la m\u00eame g\u00e9n\u00e9ration. Nous avons jou\u00e9 l\u2019un contre l\u2019autre en cat\u00e9gories jeunes en France. Aliou est un entra\u00eeneur \u00e0 la hauteur de son \u00e9quipe. Tr\u00e8s disciplin\u00e9, je le respecte beaucoup. Ce sera avec beaucoup de plaisir que nous abordons ce match\u00a0\u00bb.<\/p>\n<p>Belmadi a refus\u00e9 par ailleurs de se focaliser sur le reste du parcours, estimant que l\u2019urgence est de se concentrer sur ce rendez-vous face au S\u00e9n\u00e9gal.<\/p>\n<hr>\n<p><em><strong>Lire aussi:\u00a0<\/strong><\/em><a href=\"http:\/\/www.aps.dz\/sport\/91126-can-2019-les-favoris-en-rodage-le-tenant-du-trophee-assure-d-entree\">CAN-2019 : les favoris en rodage, le tenant du troph\u00e9e assure d\u2019entr\u00e9e<\/a><\/p>\n<hr>\n<p>\u00ab\u00a0Apr\u00e8s la rencontre face au S\u00e9n\u00e9gal, il y a les diff\u00e9rents classements qui auront certainement un impact sur la comp\u00e9tition. Donc, pour ne pas se perdre dans les calculs futurs, il faut se concentrer sur ce match, c\u2019est la meilleure mani\u00e8re de se pr\u00e9parer, ensuite les choses arriveront comme elles arriveront, \u00e7a ne sert \u00e0 rien de calculer\u00a0\u00bb.<\/p>\n<p>Interrog\u00e9e par une journaliste s\u00e9n\u00e9galaise sur les \u00e9ventuels changements qu\u2019il compte apporter face aux \u00ab\u00a0Lions de la Teranga\u00a0\u00bb, Belmadi a bott\u00e9 en touche : \u00ab\u00a0Je vais plut\u00f4t vous d\u00e9voiler le Onze qui sera align\u00e9 par Aliou Ciss\u00e9 (il a commenc\u00e9 \u00e0 citer les noms des joueurs et la tactique d\u2019Aliou Ciss\u00e9, ndlr). En ce qui nous concerne, vous devez attendre le match !\u00a0\u00bb.<\/p>\n<p>Enfin, le coach national a refus\u00e9 de qualifier ce choc de test r\u00e9v\u00e9lateur : \u00ab\u00a0Toutes les \u00e9quipes pratiquement ont \u00e9prouv\u00e9 des difficult\u00e9s en ce d\u00e9but de la comp\u00e9tition. Pour moi, jouer contre le Kenya ou la Tanzanie, c\u2019est la m\u00eame chose. Le S\u00e9n\u00e9gal ne sera pas un test pour moi, rien n\u2019est s\u00fbr en Afrique\u00a0\u00bb.<\/p>\n<\/div>\n<p><img loading=\"lazy\" decoding=\"async\" src=\"http:\/\/feeds.feedburner.com\/~r\/aps-sport\/~4\/-d3e23TUuOg\" height=\"1\" width=\"1\" alt=\"\"><\/div>\n<p>Auteur:<br \/>\n<a href=\"http:\/\/www.aps.dz\/sport\/91128-can-2019-algerie-senegal-un-rendez-vous-important-mais-pas-decisif-belmadi?utm_source=feedburner&#038;utm_medium=feed&#038;utm_campaign=Feed%3A+aps-sport+%28APS+-+SPORT%29\">Cliquez ici pour lire l&rsquo;article depuis sa source.<\/a><\/p>\n","protected":false},"excerpt":{"rendered":"<p>LE CAIRE &#8211; Le s\u00e9lectionneur de l\u2019\u00e9quipe alg\u00e9rienne de football, Djamel Belmadi, a indiqu\u00e9 que le match face au S\u00e9n\u00e9gal sera \u00ab\u00a0important mais pas d\u00e9cisif\u00a0\u00bb, mercredi \u00e0 24 heures de l&rsquo;opposition pr\u00e9vue au stade 30-Juin du Caire (18h00 alg\u00e9riennes) comptant pour la 2e journ\u00e9e (Gr. C) de la Coupe d\u2019Afrique des nations CAN-2019. \u00ab\u00a0Ce match [&hellip;]<\/p>\n","protected":false},"author":1790,"featured_media":42761,"comment_status":"closed","ping_status":"closed","sticky":false,"template":"","format":"standard","meta":{"fifu_image_url":"","fifu_image_alt":"","footnotes":""},"categories":[53,75],"tags":[],"class_list":["post-42760","post","type-post","status-publish","format-standard","has-post-thumbnail","hentry","category-algerie","category-sport"],"_links":{"self":[{"href":"https:\/\/linitiative.ca\/International\/wp-json\/wp\/v2\/posts\/42760","targetHints":{"allow":["GET"]}}],"collection":[{"href":"https:\/\/linitiative.ca\/International\/wp-json\/wp\/v2\/posts"}],"about":[{"href":"https:\/\/linitiative.ca\/International\/wp-json\/wp\/v2\/types\/post"}],"author":[{"embeddable":true,"href":"https:\/\/linitiative.ca\/International\/wp-json\/wp\/v2\/users\/1790"}],"replies":[{"embeddable":true,"href":"https:\/\/linitiative.ca\/International\/wp-json\/wp\/v2\/comments?post=42760"}],"version-history":[{"count":0,"href":"https:\/\/linitiative.ca\/International\/wp-json\/wp\/v2\/posts\/42760\/revisions"}],"wp:featuredmedia":[{"embeddable":true,"href":"https:\/\/linitiative.ca\/International\/wp-json\/"}],"wp:attachment":[{"href":"https:\/\/linitiative.ca\/International\/wp-json\/wp\/v2\/media?parent=42760"}],"wp:term":[{"taxonomy":"category","embeddable":true,"href":"https:\/\/linitiative.ca\/International\/wp-json\/wp\/v2\/categories?post=42760"},{"taxonomy":"post_tag","embeddable":true,"href":"https:\/\/linitiative.ca\/International\/wp-json\/wp\/v2\/tags?post=42760"}],"curies":[{"name":"wp","href":"https:\/\/api.w.org\/{rel}","templated":true}]}}