{"id":42767,"date":"2019-06-26T13:44:00","date_gmt":"2019-06-26T17:44:00","guid":{"rendered":"https:\/\/linitiative.ca\/International\/attribution-dun-marche-dun-montant-de-11-milliard-de-dollars-sonatrach-va-porter-plainte-contre-chakib-khelil\/"},"modified":"2019-06-26T13:44:00","modified_gmt":"2019-06-26T17:44:00","slug":"attribution-dun-marche-dun-montant-de-11-milliard-de-dollars-sonatrach-va-porter-plainte-contre-chakib-khelil","status":"publish","type":"post","link":"https:\/\/linitiative.ca\/International\/attribution-dun-marche-dun-montant-de-11-milliard-de-dollars-sonatrach-va-porter-plainte-contre-chakib-khelil\/","title":{"rendered":"ATTRIBUTION D\u2019UN MARCHE D\u2019UN MONTANT DE 1,1 MILLIARD DE DOLLARS : Sonatrach va porter plainte contre Chakib Khelil"},"content":{"rendered":"<p><br id=\"sep_para_1\" class=\"sep_para access\"\/><\/p>\n<div id=\"para_1\" class=\"para_31890185 resize\">\n<div class=\"photo shadow left\"><a href=\"javascript:void(0)\" rel=\"https:\/\/www.reflexiondz.net\/photo\/art\/grande\/35108576-31890185.jpg?v=1561578279&#038;ibox\" title=\"ATTRIBUTION D\u2019UN MARCHE D\u2019UN MONTANT DE 1,1 MILLIARD DE DOLLARS : Sonatrach va porter plainte contre Chakib Khelil\"><img decoding=\"async\" class=\"responsive c9\" src=\"https:\/\/www.reflexiondz.net\/photo\/art\/grande\/35108576-31890185.jpg?v=1561578279\" alt=\"ATTRIBUTION D\u2019UN MARCHE D\u2019UN MONTANT DE 1,1 MILLIARD DE DOLLARS : Sonatrach va porter plainte contre Chakib Khelil\" title=\"ATTRIBUTION D\u2019UN MARCHE D\u2019UN MONTANT DE 1,1 MILLIARD DE DOLLARS : Sonatrach va porter plainte contre Chakib Khelil\"\/><img decoding=\"async\" class=\"not-responsive\" src=\"https:\/\/www.reflexiondz.net\/photo\/art\/default\/35108576-31890185.jpg?v=1561578281\" alt=\"ATTRIBUTION D\u2019UN MARCHE D\u2019UN MONTANT DE 1,1 MILLIARD DE DOLLARS : Sonatrach va porter plainte contre Chakib Khelil\" title=\"ATTRIBUTION D\u2019UN MARCHE D\u2019UN MONTANT DE 1,1 MILLIARD DE DOLLARS : Sonatrach va porter plainte contre Chakib Khelil\"\/><\/a><\/div>\n<div class=\"texte access firstletter\">La nouvelle direction de la compagnie p\u00e9troli\u00e8re nationale Sonatrach va porter plainte contre l\u2019entreprise canadienne SNC-Lavalin afin d\u2019enqu\u00eater sur les conditions d\u2019attribution, en juin 2009, d\u2019un contrat d\u2019un montant de 1,1 milliard de dollars, a rapport\u00e9 l\u2019hebdomadaire fran\u00e7ais Jeune Afrique sur son site Internet. Cette affaire met en cause directement l\u2019ex-ministre de l\u2019Energie Chakib Khelil (1999-2010) qui a r\u00e9ussi, jusque-l\u00e0, \u00e0 \u00e9chapper aux mailles de la justice, alors qu\u2019il \u00e9tait d\u00e9j\u00e0 cit\u00e9 dans le scandale financier li\u00e9 \u00e0 la passation de march\u00e9s avec le g\u00e9ant p\u00e9trolier italien Eni et sa filiale Saipem. Cette affaire de corruption, qui avait \u00e9clabouss\u00e9 SNC-Lavalin en Alg\u00e9rie, avait \u00e9t\u00e9 exhum\u00e9e en 2016 \u00e0 travers le scandale des \u00abPanama Papers\u00bb. Selon des documents r\u00e9v\u00e9l\u00e9s par Radio Canada, SNC-Lavalin r\u00e9ussissait \u00e0 obtenir des march\u00e9s en or en Alg\u00e9rie, sans prendre la peine de se d\u00e9placer, gr\u00e2ce \u00e0 une myst\u00e9rieuse soci\u00e9t\u00e9-\u00e9cran, Cadber Investments, cr\u00e9\u00e9e \u00e0 travers un cabinet panam\u00e9en.<\/div>\n<\/div>\n<p>Auteur: R\u00e9flexion<br \/>\n<a href=\"https:\/\/www.reflexiondz.net\/ATTRIBUTION-D-UN-MARCHE-D-UN-MONTANT-DE-11-MILLIARD-DE-DOLLARS-Sonatrach-va-porter-plainte-contre-Chakib-Khelil_a56311.html\">Cliquez ici pour lire l&rsquo;article depuis sa source.<\/a><\/p>\n","protected":false},"excerpt":{"rendered":"<p>La nouvelle direction de la compagnie p\u00e9troli\u00e8re nationale Sonatrach va porter plainte contre l\u2019entreprise canadienne SNC-Lavalin afin d\u2019enqu\u00eater sur les conditions d\u2019attribution, en juin 2009, d\u2019un contrat d\u2019un montant de 1,1 milliard de dollars, a rapport\u00e9 l\u2019hebdomadaire fran\u00e7ais Jeune Afrique sur son site Internet. Cette affaire met en cause directement l\u2019ex-ministre de l\u2019Energie Chakib Khelil [&hellip;]<\/p>\n","protected":false},"author":1740,"featured_media":0,"comment_status":"closed","ping_status":"closed","sticky":false,"template":"","format":"standard","meta":{"fifu_image_url":"","fifu_image_alt":"","footnotes":""},"categories":[53,76],"tags":[],"class_list":["post-42767","post","type-post","status-publish","format-standard","hentry","category-algerie","category-regions"],"_links":{"self":[{"href":"https:\/\/linitiative.ca\/International\/wp-json\/wp\/v2\/posts\/42767","targetHints":{"allow":["GET"]}}],"collection":[{"href":"https:\/\/linitiative.ca\/International\/wp-json\/wp\/v2\/posts"}],"about":[{"href":"https:\/\/linitiative.ca\/International\/wp-json\/wp\/v2\/types\/post"}],"author":[{"embeddable":true,"href":"https:\/\/linitiative.ca\/International\/wp-json\/wp\/v2\/users\/1740"}],"replies":[{"embeddable":true,"href":"https:\/\/linitiative.ca\/International\/wp-json\/wp\/v2\/comments?post=42767"}],"version-history":[{"count":0,"href":"https:\/\/linitiative.ca\/International\/wp-json\/wp\/v2\/posts\/42767\/revisions"}],"wp:attachment":[{"href":"https:\/\/linitiative.ca\/International\/wp-json\/wp\/v2\/media?parent=42767"}],"wp:term":[{"taxonomy":"category","embeddable":true,"href":"https:\/\/linitiative.ca\/International\/wp-json\/wp\/v2\/categories?post=42767"},{"taxonomy":"post_tag","embeddable":true,"href":"https:\/\/linitiative.ca\/International\/wp-json\/wp\/v2\/tags?post=42767"}],"curies":[{"name":"wp","href":"https:\/\/api.w.org\/{rel}","templated":true}]}}