{"id":42768,"date":"2019-06-26T13:44:00","date_gmt":"2019-06-26T17:44:00","guid":{"rendered":"https:\/\/linitiative.ca\/International\/ahmed-gaid-salah-larmee-accompagnera-le-peuple-au-sens-propre-du-terme\/"},"modified":"2019-06-26T13:44:00","modified_gmt":"2019-06-26T17:44:00","slug":"ahmed-gaid-salah-larmee-accompagnera-le-peuple-au-sens-propre-du-terme","status":"publish","type":"post","link":"https:\/\/linitiative.ca\/International\/ahmed-gaid-salah-larmee-accompagnera-le-peuple-au-sens-propre-du-terme\/","title":{"rendered":"AHMED GA\u00cfD SALAH : \u2018\u2019L\u2019arm\u00e9e accompagnera le peuple au sens propre du terme\u2019\u2019"},"content":{"rendered":"<p><br id=\"sep_para_1\" class=\"sep_para access\"\/><\/p>\n<div id=\"para_1\" class=\"para_31890171 resize\">\n<div class=\"photo shadow left\"><a href=\"javascript:void(0)\" rel=\"https:\/\/www.reflexiondz.net\/photo\/art\/grande\/35108445-31890171.jpg?v=1561578273&#038;ibox\" title=\"AHMED GA\u00cfD SALAH : \u2018\u2019L\u2019arm\u00e9e accompagnera le peuple au sens propre du terme\u2019\u2019\"><img decoding=\"async\" class=\"responsive c9\" src=\"https:\/\/www.reflexiondz.net\/photo\/art\/grande\/35108445-31890171.jpg?v=1561578273\" alt=\"AHMED GA\u00cfD SALAH : \u2018\u2019L\u2019arm\u00e9e accompagnera le peuple au sens propre du terme\u2019\u2019\" title=\"AHMED GA\u00cfD SALAH : \u2018\u2019L\u2019arm\u00e9e accompagnera le peuple au sens propre du terme\u2019\u2019\"\/><img decoding=\"async\" class=\"not-responsive\" src=\"https:\/\/www.reflexiondz.net\/photo\/art\/default\/35108445-31890171.jpg?v=1561578275\" alt=\"AHMED GA\u00cfD SALAH : \u2018\u2019L\u2019arm\u00e9e accompagnera le peuple au sens propre du terme\u2019\u2019\" title=\"AHMED GA\u00cfD SALAH : \u2018\u2019L\u2019arm\u00e9e accompagnera le peuple au sens propre du terme\u2019\u2019\"\/><\/a><\/div>\n<div class=\"texte access firstletter\">En visite \u00e0 l\u2019acad\u00e9mie militaire de Cherchell,\u00a0 \u00e0 Tipaza, Ahmed Ga\u00efd Salah, vice-ministre de la D\u00e9fense, chef d\u2019Etat major, a assur\u00e9 que l\u2019arm\u00e9e ne m\u00e9nagerait pas ses forces pour accompagner le peuple jusqu\u2019au bout. \u00ab L\u2019arm\u00e9e continuera \u00e0 accompagner le peuple au sens propre du terme \u00bb, a-t-il affirm\u00e9 lors du premier jour de sa visite. Pour Ahmed Ga\u00efd Salah, l\u2019Arm\u00e9e nationale populaire (ANP) n\u2019a aucune autre ambition que celle de servir le pays et d\u2019accompagner \u00ab sinc\u00e8rement \u00bb le peuple alg\u00e9rien. \u00ab Notre ambition est un accompagnement de notre peuple authentique pour atteindre le seuil de la l\u00e9gitimit\u00e9 constitutionnelle \u00bb, a-t-il soulign\u00e9. Enfin, le vice-ministre de la D\u00e9fense a lanc\u00e9 un message direct \u00e0 la population dans lequel il l\u2019invite \u00e0 \u00eatre compr\u00e9hensive. \u00ab Nous nous attendons que le peuple nous soit compr\u00e9hensif \u00e0 l\u2019image de la confiance qui le lie \u00e0 son arm\u00e9e \u00bb, a-t-il lanc\u00e9. La visite de Ahmed Ga\u00efd Salah \u00e0 l\u2019acad\u00e9mie de Cherchell s\u2019est achev\u00e9e hier,\u00a0 mercredi 27 juin. Durant la deuxi\u00e8me journ\u00e9e, il a pr\u00e9sid\u00e9 une c\u00e9r\u00e9monie de sortie des promotions.\u00a0\u00a0\u00a0\u00a0<\/div>\n<\/div>\n<p>Auteur: Nadine<br \/>\n<a href=\"https:\/\/www.reflexiondz.net\/AHMED-GAID-SALAH-L-armee-accompagnera-le-peuple-au-sens-propre-du-terme_a56309.html\">Cliquez ici pour lire l&rsquo;article depuis sa source.<\/a><\/p>\n","protected":false},"excerpt":{"rendered":"<p>En visite \u00e0 l\u2019acad\u00e9mie militaire de Cherchell,\u00a0 \u00e0 Tipaza, Ahmed Ga\u00efd Salah, vice-ministre de la D\u00e9fense, chef d\u2019Etat major, a assur\u00e9 que l\u2019arm\u00e9e ne m\u00e9nagerait pas ses forces pour accompagner le peuple jusqu\u2019au bout. \u00ab L\u2019arm\u00e9e continuera \u00e0 accompagner le peuple au sens propre du terme \u00bb, a-t-il affirm\u00e9 lors du premier jour de sa [&hellip;]<\/p>\n","protected":false},"author":1740,"featured_media":0,"comment_status":"closed","ping_status":"closed","sticky":false,"template":"","format":"standard","meta":{"fifu_image_url":"","fifu_image_alt":"","footnotes":""},"categories":[53,76],"tags":[],"class_list":["post-42768","post","type-post","status-publish","format-standard","hentry","category-algerie","category-regions"],"_links":{"self":[{"href":"https:\/\/linitiative.ca\/International\/wp-json\/wp\/v2\/posts\/42768","targetHints":{"allow":["GET"]}}],"collection":[{"href":"https:\/\/linitiative.ca\/International\/wp-json\/wp\/v2\/posts"}],"about":[{"href":"https:\/\/linitiative.ca\/International\/wp-json\/wp\/v2\/types\/post"}],"author":[{"embeddable":true,"href":"https:\/\/linitiative.ca\/International\/wp-json\/wp\/v2\/users\/1740"}],"replies":[{"embeddable":true,"href":"https:\/\/linitiative.ca\/International\/wp-json\/wp\/v2\/comments?post=42768"}],"version-history":[{"count":0,"href":"https:\/\/linitiative.ca\/International\/wp-json\/wp\/v2\/posts\/42768\/revisions"}],"wp:attachment":[{"href":"https:\/\/linitiative.ca\/International\/wp-json\/wp\/v2\/media?parent=42768"}],"wp:term":[{"taxonomy":"category","embeddable":true,"href":"https:\/\/linitiative.ca\/International\/wp-json\/wp\/v2\/categories?post=42768"},{"taxonomy":"post_tag","embeddable":true,"href":"https:\/\/linitiative.ca\/International\/wp-json\/wp\/v2\/tags?post=42768"}],"curies":[{"name":"wp","href":"https:\/\/api.w.org\/{rel}","templated":true}]}}