{"id":42771,"date":"2019-06-26T13:44:00","date_gmt":"2019-06-26T17:44:00","guid":{"rendered":"https:\/\/linitiative.ca\/International\/tiaret-un-enfant-de-10-ans-mortellement-ecrase-par-un-camion\/"},"modified":"2019-06-26T13:44:00","modified_gmt":"2019-06-26T17:44:00","slug":"tiaret-un-enfant-de-10-ans-mortellement-ecrase-par-un-camion","status":"publish","type":"post","link":"https:\/\/linitiative.ca\/International\/tiaret-un-enfant-de-10-ans-mortellement-ecrase-par-un-camion\/","title":{"rendered":"TIARET : Un enfant de 10 ans mortellement \u00e9cras\u00e9 par un camion"},"content":{"rendered":"<p><br id=\"sep_para_1\" class=\"sep_para access\"\/><\/p>\n<div id=\"para_1\" class=\"para_31890098 resize\">\n<div class=\"texte access firstletter\">Le tron\u00e7on routier de la R.N 40,reliant la commune de Dahmouni au chef-lieu de wilaya de Tiaret, a \u00e9t\u00e9 le th\u00e9\u00e2tre d&rsquo;un tragique accident, ce mardi apprend-on aupr\u00e8s d&rsquo;une source s\u00e9curitaire qui ajoute, qu&rsquo;un enfant de 10 ans a \u00e9t\u00e9 mortellement \u00e9cras\u00e9 par un camion(poids lourds).En effet, cet enfant \u00e9tait au bord de la route et dans un moment d\u2019inattention, le pire est arriv\u00e9. Le corps de la victime a \u00e9t\u00e9 transf\u00e9r\u00e9 au service de m\u00e9decine l\u00e9gale au niveau de l\u2019h\u00f4pital \u00ab\u00a0Youssef Damerdji\u00a0\u00bb de Tiaret et une enqu\u00eate a \u00e9t\u00e9 ouverte par les services de gendarmerie nationale territorialement comp\u00e9tents, pr\u00e9cise notre source. Dans le m\u00eame contexte, l&rsquo;on apprend qu&rsquo;un jeune a trouv\u00e9 la mort dans un accident \u00e0 Sougueur et ce, suite au renversement de sa voiture de marque \u00ab\u00a0Caddi\u00a0\u00bb , laquelle roulait \u00e0 grande vitesse car elle faisait l\u2019objet d&rsquo;une poursuite par un autre v\u00e9hicule, apprend-on aupr\u00e8s d&rsquo;une source bien inform\u00e9e qui ajoute que l&rsquo;accompagnateur de la victime, a \u00e9t\u00e9 gravement bless\u00e9 et a \u00e9t\u00e9 \u00e9vacu\u00e9 en urgence vers l\u2019h\u00f4pital de Sougueur, \u00e0 quelque 26 km du chef-lieu de wilaya de Tiaret. Une enqu\u00eate est ouverte par les services de police judiciaire relevant de la s\u00fbret\u00e9 de da\u00efra de Sougueur et le corps de la victime a \u00e9t\u00e9 d\u00e9pos\u00e9 \u00e0 la morgue.\u00a0\u00a0<\/div>\n<\/div>\n<p>Auteur: Abdelkader Benrebiha<br \/>\n<a href=\"https:\/\/www.reflexiondz.net\/TIARET-Un-enfant-de-10-ans-mortellement-ecrase-par-un-camion_a56302.html\">Cliquez ici pour lire l&rsquo;article depuis sa source.<\/a><\/p>\n","protected":false},"excerpt":{"rendered":"<p>Le tron\u00e7on routier de la R.N 40,reliant la commune de Dahmouni au chef-lieu de wilaya de Tiaret, a \u00e9t\u00e9 le th\u00e9\u00e2tre d&rsquo;un tragique accident, ce mardi apprend-on aupr\u00e8s d&rsquo;une source s\u00e9curitaire qui ajoute, qu&rsquo;un enfant de 10 ans a \u00e9t\u00e9 mortellement \u00e9cras\u00e9 par un camion(poids lourds).En effet, cet enfant \u00e9tait au bord de la route [&hellip;]<\/p>\n","protected":false},"author":1740,"featured_media":0,"comment_status":"closed","ping_status":"closed","sticky":false,"template":"","format":"standard","meta":{"fifu_image_url":"","fifu_image_alt":"","footnotes":""},"categories":[53,76],"tags":[],"class_list":["post-42771","post","type-post","status-publish","format-standard","hentry","category-algerie","category-regions"],"_links":{"self":[{"href":"https:\/\/linitiative.ca\/International\/wp-json\/wp\/v2\/posts\/42771","targetHints":{"allow":["GET"]}}],"collection":[{"href":"https:\/\/linitiative.ca\/International\/wp-json\/wp\/v2\/posts"}],"about":[{"href":"https:\/\/linitiative.ca\/International\/wp-json\/wp\/v2\/types\/post"}],"author":[{"embeddable":true,"href":"https:\/\/linitiative.ca\/International\/wp-json\/wp\/v2\/users\/1740"}],"replies":[{"embeddable":true,"href":"https:\/\/linitiative.ca\/International\/wp-json\/wp\/v2\/comments?post=42771"}],"version-history":[{"count":0,"href":"https:\/\/linitiative.ca\/International\/wp-json\/wp\/v2\/posts\/42771\/revisions"}],"wp:attachment":[{"href":"https:\/\/linitiative.ca\/International\/wp-json\/wp\/v2\/media?parent=42771"}],"wp:term":[{"taxonomy":"category","embeddable":true,"href":"https:\/\/linitiative.ca\/International\/wp-json\/wp\/v2\/categories?post=42771"},{"taxonomy":"post_tag","embeddable":true,"href":"https:\/\/linitiative.ca\/International\/wp-json\/wp\/v2\/tags?post=42771"}],"curies":[{"name":"wp","href":"https:\/\/api.w.org\/{rel}","templated":true}]}}