{"id":42772,"date":"2019-06-26T14:25:00","date_gmt":"2019-06-26T18:25:00","guid":{"rendered":"https:\/\/linitiative.ca\/International\/le-maire-de-mosta-et-le-neveu-de-boutef\/"},"modified":"2019-06-26T14:25:00","modified_gmt":"2019-06-26T18:25:00","slug":"le-maire-de-mosta-et-le-neveu-de-boutef","status":"publish","type":"post","link":"https:\/\/linitiative.ca\/International\/le-maire-de-mosta-et-le-neveu-de-boutef\/","title":{"rendered":"Le maire de Mosta et  le neveu de Boutef"},"content":{"rendered":"<p><br id=\"sep_para_1\" class=\"sep_para access\"\/><\/p>\n<div id=\"para_1\" class=\"para_31890507 resize\">\n<div class=\"photo shadow left\"><img decoding=\"async\" class=\"responsive c9\" src=\"https:\/\/www.reflexiondz.net\/photo\/art\/grande\/35109242-31890507.jpg?v=1561574523\" alt=\"Le maire de Mosta et le neveu de Boutef\" title=\"Le maire de Mosta et le neveu de Boutef\"\/><img decoding=\"async\" class=\"not-responsive\" src=\"https:\/\/www.reflexiondz.net\/photo\/art\/default\/35109242-31890507.jpg?v=1561574524\" alt=\"Le maire de Mosta et le neveu de Boutef\" title=\"Le maire de Mosta et le neveu de Boutef\"\/><\/div>\n<div class=\"texte access firstletter\">Moul Firma, en col\u00e8re contre le maire de Mostaganem, d\u2019avoir servi le maire de Toulouse, candidat aux \u00e9lections fran\u00e7aises de 2020, dans sa campagne \u00e9lectorale \u00e0 Mostaganem, est offens\u00e9 par le message de f\u00e9licitations du fran\u00e7ais Jean glaude Dardelet , adjoint au maire de Toulouse qui remercie le maire arabe de Mostaganem d\u2019avoir entretenu le cimeti\u00e8re chr\u00e9tien : \u2018\u2019Bravo \u00e0 monsieur Belkhodja d\u2019avoir entretenu ces lieux uniques , c\u2019est \u00e9mouvant ! Ecrit Dardelet, sur la page Facebook de notre maire. Irrit\u00e9 contre les responsables de l\u2019h\u00f4tel de ville de n\u2019avoir pas retransmis le match des verts sur l\u2019\u00e9cran g\u00e9ant de la mairie, offert gratuitement par le prince des panneaux publicitaires, le g\u00e2t\u00e9 de \u2018\u2019Moul Stah\u2019\u2019, selon les dires de \u2018\u2019Shab El-Cachir\u2019\u2019 du FLN, Moul Firma, d\u00e9cide de bombarder le maire du parti des oligarques.<br \/>De \u2018\u2019Ala Boutef Nayaha Et Alyehi Namout\u2019\u2019 \u00e0 bonjour monsieur \u2018\u2019Glaude\u2019\u2019 votre cimeti\u00e8re est entretenu au parfum, le maire en costume moiti\u00e9 islamiste et moiti\u00e9 moderniste, tente d\u2019offrir une image d\u2019un maire mod\u00e8le !<br \/>Pour les cimeti\u00e8res musulmans de Sidi Benhaoua, et Sidi Mazouz, le parfum est \u2019\u2019haram\u2019\u2019, un bon coup de balai de la part des associations et Faceboukeurs, et les cimeti\u00e8res passeront en Selfie avec image de profil du maire pour marquer son palmar\u00e8s. Les fleurs pour vos morts monsieur Glaude, et les herbes sauvages pour nos morts, parce que les fleurs de l\u2019Epic import\u00e9es d\u2019ailleurs, sont tr\u00e8s ch\u00e8res, on ne peut les gaspiller pour quelques s\u00e9pultures, car, dans nos coutumes on les plante aux abords des voies de passage du wali !<br \/>\u00a0Moul firma, furieux contre l\u2019\u00e9tat d\u00e9gradant des cimeti\u00e8res, dira, au maire, que rien n&rsquo;est encore jou\u00e9, et les histoires secr\u00e8tes des maires et leurs relations avec la famille de Bouteflika \u00e0 Mostaganem, ne font que commencer, levant le voile sur les conventions douteuses pass\u00e9es entre la mairie et le neveu de l\u2019ancien Rais sous table et les projets pass\u00e9s en catimini en faveur des gros ventres.<br \/>Dans une commune qui se respecte, le maire reste l&rsquo;unique ordonnateur pour l&rsquo;exploitation de l&rsquo;espace publicitaire de sa commune contre un payement annuel de l&rsquo;agence de publicit\u00e9 sur la base d&rsquo;une convention qui lie les deux parties. Mais comme on \u00e9tait dans un pays esclave d\u2019un \u2018\u2019cadre\u2019\u2019 ou les affaires se g\u00e8rent \u00e0 coup de t\u00e9l\u00e9phone, et le maire est d\u00e9sign\u00e9 par Moul Cadenas, il n\u2019est pas \u00e9tonnant de voir le maire et la mairie g\u00e9r\u00e9s par le neveu de Bouteflika avec les compliments du d\u00e9put\u00e9 au papillon et la baraka de la Zaou\u00efa du kiwi !\u00a0 \u00a0<br \/>La commune de Mostaganem, est g\u00e9r\u00e9e comme une Sarl, o\u00f9 le maire est devenu propri\u00e9taire des espaces publicitaires \u00e9tatiques qu\u2019il g\u00e8re \u00e0 la mani\u00e8re du cirque Amar. Pas question d\u2019appliquer les lois , puisque la seule loi qui existe , c\u2019est servir le clan de l\u2019ancien Rais, repr\u00e9sent\u00e9 \u00e0 Mostaganem , par son beau-fr\u00e8re, le toubib Benmansour Amine, qui s\u2019est servi lui aussi des walis et a b\u00e9n\u00e9fici\u00e9 d\u2019un terrain de 7000 m2 pour r\u00e9aliser une station d\u2019essence pour assurer l\u2019avenir de ses enfants au d\u00e9triment de \u2018\u2019Ouled Mestghalim\u2019\u2019, ces pauvres na\u00effs qui ont \u00e9lu, un maire, b\u00e9ni Oui-Oui, esclave de ses int\u00e9r\u00eats au service du t\u00e9l\u00e9phone rouge !\u00a0 La question : qui a autoris\u00e9 le neveu de Said Bouteflika, le sieur Karim Benmansour d\u2019implanter ses panneaux publicitaires sur le sol de la commune et d\u2019afficher ses spots publicitaires qui lui remplissent les poches par des milliards de cts, sans convention, ni arr\u00eat\u00e9. L&rsquo;espace publicitaire rel\u00e8ve de l\u2019action \u00e9conomique de la commune, qui est payant et susceptible \u00e0 une autorisation \u00e9tudi\u00e9e selon l\u2019espace et l\u2019emplacement par la commission de l\u2019\u00e9conomie et des finances de l\u2019APC, apr\u00e8s le choix du moins disant via un avis d\u2019appel d\u2019offres national lanc\u00e9 ouvert \u00e0 l\u2019ensemble des soumissionnaires et non pas au bambin de Bouteflika en exclusivit\u00e9.<br \/>A l\u2019heure du Hirak, et le d\u00e9marrage de la bataille judiciaire \u2018\u2019anti Fassad\u2019\u2019, qu\u2019attend le maire pour annuler les conventions de publicit\u00e9 de la soci\u00e9t\u00e9 Innom\u00e9dia, appartenant au neveu de Bouteflika, le jeune Benmansour Karim, sous ISTN, actuellement en fuite \u00e0 l\u2019\u00e9tranger et qui fait l\u2019objet d\u2019enqu\u00eates pour corruption et trafic d\u2019influence et d\u00e9tournement de foncier \u00e0 Mostaganem. Cet enfant du s\u00e9rail est le fils\u00a0 de la s\u0153ur de l\u2019ancien pr\u00e9sident, qui \u00e0 travers ses relations , a pu obtenir les meilleurs emplacements de ses panneaux \u00e0 Mostaganem et dans d\u2019autres wilayas du pays\u00a0 et a b\u00e9n\u00e9fici\u00e9 d\u2019un cr\u00e9dit bancaire de 15 milliards de cts et d\u20191\/2 hectare \u00e0 Ain-Nouissy pour la r\u00e9alisation d\u2019une unit\u00e9 d\u2019emballage, r\u00e9sili\u00e9e derni\u00e8rement par le wali\u00a0 et de 3 appartements F4 \u00e0 la cit\u00e9 AADL des chemins des cr\u00eates \u2026A suivre\u00a0 !\u00a0 \u00a0<\/div>\n<\/div>\n<p>Auteur: R\u00e9flexion<br \/>\n<a href=\"https:\/\/www.reflexiondz.net\/Le-maire-de-Mosta-et-le-neveu-de-Boutef_a56312.html\">Cliquez ici pour lire l&rsquo;article depuis sa source.<\/a><\/p>\n","protected":false},"excerpt":{"rendered":"<p>Moul Firma, en col\u00e8re contre le maire de Mostaganem, d\u2019avoir servi le maire de Toulouse, candidat aux \u00e9lections fran\u00e7aises de 2020, dans sa campagne \u00e9lectorale \u00e0 Mostaganem, est offens\u00e9 par le message de f\u00e9licitations du fran\u00e7ais Jean glaude Dardelet , adjoint au maire de Toulouse qui remercie le maire arabe de Mostaganem d\u2019avoir entretenu le [&hellip;]<\/p>\n","protected":false},"author":1740,"featured_media":0,"comment_status":"closed","ping_status":"closed","sticky":false,"template":"","format":"standard","meta":{"fifu_image_url":"","fifu_image_alt":"","footnotes":""},"categories":[53,76],"tags":[],"class_list":["post-42772","post","type-post","status-publish","format-standard","hentry","category-algerie","category-regions"],"_links":{"self":[{"href":"https:\/\/linitiative.ca\/International\/wp-json\/wp\/v2\/posts\/42772","targetHints":{"allow":["GET"]}}],"collection":[{"href":"https:\/\/linitiative.ca\/International\/wp-json\/wp\/v2\/posts"}],"about":[{"href":"https:\/\/linitiative.ca\/International\/wp-json\/wp\/v2\/types\/post"}],"author":[{"embeddable":true,"href":"https:\/\/linitiative.ca\/International\/wp-json\/wp\/v2\/users\/1740"}],"replies":[{"embeddable":true,"href":"https:\/\/linitiative.ca\/International\/wp-json\/wp\/v2\/comments?post=42772"}],"version-history":[{"count":0,"href":"https:\/\/linitiative.ca\/International\/wp-json\/wp\/v2\/posts\/42772\/revisions"}],"wp:attachment":[{"href":"https:\/\/linitiative.ca\/International\/wp-json\/wp\/v2\/media?parent=42772"}],"wp:term":[{"taxonomy":"category","embeddable":true,"href":"https:\/\/linitiative.ca\/International\/wp-json\/wp\/v2\/categories?post=42772"},{"taxonomy":"post_tag","embeddable":true,"href":"https:\/\/linitiative.ca\/International\/wp-json\/wp\/v2\/tags?post=42772"}],"curies":[{"name":"wp","href":"https:\/\/api.w.org\/{rel}","templated":true}]}}