{"id":42788,"date":"2019-06-26T11:42:00","date_gmt":"2019-06-26T15:42:00","guid":{"rendered":"https:\/\/linitiative.ca\/International\/une-enquete-de-lunicef-42-des-adolescents-tunisiens-sont-fumeurs\/"},"modified":"2019-06-26T11:42:00","modified_gmt":"2019-06-26T15:42:00","slug":"une-enquete-de-lunicef-42-des-adolescents-tunisiens-sont-fumeurs","status":"publish","type":"post","link":"https:\/\/linitiative.ca\/International\/une-enquete-de-lunicef-42-des-adolescents-tunisiens-sont-fumeurs\/","title":{"rendered":"Une enqu\u00eate de l&rsquo;UNICEF: 42% des adolescents tunisiens sont fumeurs"},"content":{"rendered":"<p><span class=\"c2\">42,2% des adolescents tunisiens, \u00e2g\u00e9s entre 15 et 19 ans d\u00e9clarent avoir consomm\u00e9 du tabac. Les adolescentes de la m\u00eame tranche d\u2019\u00e2ge repr\u00e9sentent 5.3% du total.Pour ce qui est de la consommation du tabac au cours du dernier mois, ils sont 10.3% adolescents\u00a0 \u00e0 r\u00e9pondre oui et 0.3% pour la gent f\u00e9minine.<br \/>C\u2019est ce qui ressort d\u2019une enqu\u00eate par grappes \u00e0 Indicateurs Multiples (MICS), conduite \u00e0 l\u2019Institut National de la Statistique, relevant du Minist\u00e8re du D\u00e9veloppement, de l&rsquo;Investissement et de la Coop\u00e9ration Internationale, pour le compte de l\u2019Unicef, avec un concours financier de l\u2019ambassade de Grande Bretagne et de l\u2019Union europ\u00e9enne. Effectu\u00e9e en mars &#8211; mai 2018, elle a port\u00e9 sur 11 996 m\u00e9nages \u00e9chantillonn\u00e9s \u00e0 partir du Recensement G\u00e9n\u00e9ral de la Population Habitat de 2014. Nous vous en pr\u00e9sentons quelques extraits:<\/span><\/p>\n<p>Les adolescents repr\u00e9sentent 15,5% de la population totale masculine contre 14,8% de la population f\u00e9minine. La difficult\u00e9 fonctionnelle la plus courante chez les enfants de 10 \u00e0 14 ans et de 15 \u00e0 17 ans est l\u2019anxi\u00e9t\u00e9 suivie par la d\u00e9pression. Les enfants de 15 \u00e0 17 ans \u00e9taient plus anxieux (19%) et d\u00e9prim\u00e9s (5%) que les enfants de 10 \u00e0 14 ans (anxi\u00e9t\u00e9 16%, d\u00e9pression 4%). Plus de 40% des gar\u00e7ons de 15 \u00e0 19 ans ont d\u00e9j\u00e0 consomm\u00e9 du tabac et 24,8% au cours du dernier mois ; alors que les adolescentes sont 8 fois (5,3%) moins nombreuses \u00e0 en avoir d\u00e9j\u00e0 consomm\u00e9. 88,7% des enfants \u00e2g\u00e9s de 10 \u00e0 14 ans subissent une discipline violente (toutes les formes), 86.6% subissent une agression psychologique et presque 1 enfant sur 4 subit un ch\u00e2timent corporel s\u00e9v\u00e8re. Seuls 9,3% des enfants b\u00e9n\u00e9ficient d\u2019une discipline non violente.<\/p>\n<p>Selon cette m\u00eame enqu\u00eate, les adolescents tunisiens qui d\u00e9clarent avoir consomm\u00e9 de l\u2019alcool sont 24,8% pour la gent masculine et 0,7% pour la gent f\u00e9minine. Quant \u00e0 la consommation de l\u2019alcool durant le dernier mois, elle est respectivement de 4,1 % (Hommes) et 0,1% (Femmes).<\/p>\n<h2>Qelques chifres cl\u00e9s<\/h2>\n<ul>\n<li>Pr\u00e8s de 1 enfant sur 4 (23,7 %) \u00e2g\u00e9 de 5 \u00e0 17 ans a une difficult\u00e9 fonctionnelle.<\/li>\n<li>3,5 % d\u2019enfants \u00e2g\u00e9s de 2 \u00e0 4 ans ont des difficult\u00e9s fonctionnelles.<\/li>\n<li>23,9 % d\u2019enfants \u00e2g\u00e9s de 2 \u00e0 17 ans des m\u00e9nages les plus pauvres ont des difficult\u00e9s fonctionnelles contre 14,2% de ceux vivant dans les m\u00e9nages les plus riches.<\/li>\n<li>1 % d\u2019enfants de 2 \u00e0 17 ans utilisent une aide auditive. Parmi ces enfants de 2-17 ans qui utilisent une aide auditive, 8,5% ont des difficult\u00e9s \u00e0 entendre lorsqu\u2018ils utilisent cette aide.<\/li>\n<li>3,3 % utilisent un \u00e9quipement ou re\u00e7oivent de l\u2019assistance pour marcher, 6,9% de ces enfants qui utilisent un \u00e9quipement ou re\u00e7oivent de l\u2019assistance pour marcher, marchent difficilement avec cet \u00e9quipement \/ cette aide<\/li>\n<li>Aucune des femmes \u00e2g\u00e9es de 20 \u00e0 24 ans ne s\u2019est mari\u00e9e pour la premi\u00e8re fois avant l&rsquo;\u00e2ge de 15 ans.<\/li>\n<li>0,6 % de femmes \u00e2g\u00e9es de 45 \u00e0 49 ans ont \u00e9t\u00e9 mari\u00e9es avant l&rsquo;\u00e2ge de 15 ans. Un taux qui devient nul chez les femmes \u00e2g\u00e9es de 30 \u00e0 34 ans et celles encore plus jeunes.<\/li>\n<li>Seulement 3,3 % de femmes \u00e2g\u00e9es de 20-49 ans s\u2019\u00e9taient mari\u00e9es avant l\u2019\u00e2ge de 18 ans.<\/li>\n<li>8,5 % de femmes \u00e2g\u00e9es de 20-49 ans qui n&rsquo;ont aucun niveau d\u2019\u00e9ducation avaient \u00e9t\u00e9 mari\u00e9es avant l\u2019\u00e2ge de 18 ans et c\u2019est seulement 0,3 % de celles ayant un niveau d\u2019\u00e9ducation sup\u00e9rieur.<\/li>\n<li>Seulement 1,9% de femmes \u00e2g\u00e9es de 20 \u00e0 49 ans vivant dans les m\u00e9nages les plus riches avaient \u00e9t\u00e9 mari\u00e9es avant l\u2019\u00e2ge de 18 ans et<\/li>\n<li>C\u2019est respectivement 3,6 % et 4,2 % pour celles vivant dans les m\u00e9nages les plus pauvres et <strong>du deuxi\u00e8me quintile<\/strong>.<br \/>\u00a0<\/li>\n<\/ul>\n<p>Auteur:<br \/>\n<a href=\"https:\/\/www.leaders.com.tn\/article\/27378-une-enquete-de-l-unicef-42-des-adolescents-tunisiens-sont-fumeurs\">Cliquez ici pour lire l&rsquo;article depuis sa source.<\/a><\/p>\n","protected":false},"excerpt":{"rendered":"<p>42,2% des adolescents tunisiens, \u00e2g\u00e9s entre 15 et 19 ans d\u00e9clarent avoir consomm\u00e9 du tabac. Les adolescentes de la m\u00eame tranche d\u2019\u00e2ge repr\u00e9sentent 5.3% du total.Pour ce qui est de la consommation du tabac au cours du dernier mois, ils sont 10.3% adolescents\u00a0 \u00e0 r\u00e9pondre oui et 0.3% pour la gent f\u00e9minine.C\u2019est ce qui ressort [&hellip;]<\/p>\n","protected":false},"author":1772,"featured_media":0,"comment_status":"closed","ping_status":"closed","sticky":false,"template":"","format":"standard","meta":{"fifu_image_url":"","fifu_image_alt":"","footnotes":""},"categories":[73,55],"tags":[],"class_list":["post-42788","post","type-post","status-publish","format-standard","hentry","category-actualite","category-tunisie"],"_links":{"self":[{"href":"https:\/\/linitiative.ca\/International\/wp-json\/wp\/v2\/posts\/42788","targetHints":{"allow":["GET"]}}],"collection":[{"href":"https:\/\/linitiative.ca\/International\/wp-json\/wp\/v2\/posts"}],"about":[{"href":"https:\/\/linitiative.ca\/International\/wp-json\/wp\/v2\/types\/post"}],"author":[{"embeddable":true,"href":"https:\/\/linitiative.ca\/International\/wp-json\/wp\/v2\/users\/1772"}],"replies":[{"embeddable":true,"href":"https:\/\/linitiative.ca\/International\/wp-json\/wp\/v2\/comments?post=42788"}],"version-history":[{"count":0,"href":"https:\/\/linitiative.ca\/International\/wp-json\/wp\/v2\/posts\/42788\/revisions"}],"wp:attachment":[{"href":"https:\/\/linitiative.ca\/International\/wp-json\/wp\/v2\/media?parent=42788"}],"wp:term":[{"taxonomy":"category","embeddable":true,"href":"https:\/\/linitiative.ca\/International\/wp-json\/wp\/v2\/categories?post=42788"},{"taxonomy":"post_tag","embeddable":true,"href":"https:\/\/linitiative.ca\/International\/wp-json\/wp\/v2\/tags?post=42788"}],"curies":[{"name":"wp","href":"https:\/\/api.w.org\/{rel}","templated":true}]}}