{"id":42789,"date":"2019-06-26T11:53:00","date_gmt":"2019-06-26T15:53:00","guid":{"rendered":"https:\/\/linitiative.ca\/International\/habib-mellakh-prologue-de-la-mascarade-et-lobbying-des-tunisiens-3\/"},"modified":"2019-06-26T11:53:00","modified_gmt":"2019-06-26T15:53:00","slug":"habib-mellakh-prologue-de-la-mascarade-et-lobbying-des-tunisiens-3","status":"publish","type":"post","link":"https:\/\/linitiative.ca\/International\/habib-mellakh-prologue-de-la-mascarade-et-lobbying-des-tunisiens-3\/","title":{"rendered":"Habib Mellakh: Prologue de la mascarade et  lobbying des Tunisiens (3)"},"content":{"rendered":"<p>L\u2019influence grandissante des dirigeants du football marocain au sein de la CAF, compar\u00e9e \u00e0 la faiblesse du lobbying tunisien, jug\u00e9 par des journalistes sportifs tunisiens comme un lobbying\u00a0 en perte de vitesse depuis l\u2019\u00e9dition pr\u00e9c\u00e9dente de la finale de La ligue africaine des champions jou\u00e9e contre Al Ahly,\u00a0 est tellement perceptible par les temps qui courent qu\u2019un journaliste travaillant \u00e0 la radio Express FM s\u2019en est inqui\u00e9t\u00e9 aupr\u00e8s de l\u2019ancien pr\u00e9sident de l\u2019EST, Slim Chiboub invit\u00e9 d\u2019une \u00e9mission sportive.<\/p>\n<h2>L\u00e9gitimation et banalisation du lobbysme<\/h2>\n<p>Slim Chiboub a estim\u00e9 que son \u00e9quipe ne devait pas s\u2019en soucier, que son pr\u00e9sident actuel Hamdi Meddeb \u00e9tait capable de contrer ces jeux d\u2019influence et qu\u2019il \u00e9tait \u00e0 l\u2019aise \u00ab dans la guerre des coulisses \u00bb qui met aux prises les deux finalistes de l\u2019\u00e9dition 2019 de la Ligue des champions mais que l\u2019EST n\u2019avait qu\u2019\u00e0 se concentrer sur le match.\u00a0 Et recourant \u00e0 une boutade, il a estim\u00e9 que le club sang et or avait les moyens de gagner le match retour m\u00eame s\u2019il devait \u00eatre arbitr\u00e9 par le pr\u00e9sident de la F\u00e9d\u00e9ration royale marocaine,\u00a0 Faouzi Lakjaa. Il a \u00e9galement,\u00a0 \u00e0 l\u2019image de l\u2019ancien ministre marocain des sports, Sa\u00efd Belkhayat, mis en \u00e9vidence\u00a0 les dividendes engrang\u00e9s par les pays repr\u00e9sent\u00e9s au sein des instances internationales du football, \u00e0 commencer par le Maroc tout\u00a0 en rappelant tr\u00e8s maladroitement, avec une fiert\u00e9 mal plac\u00e9e pour caresser dans le sens du poil ses compatriotes int\u00e9ress\u00e9s par le football ,\u00a0 que la Tunisie avait \u00e9t\u00e9 influente au sein de ces structures: \u00ab\u00a0 Il ne fait aucun doute que\u00a0 les Marocains sont influents et qu\u2019ils ont un pouvoir \u00e0 la CAF. Nous \u00e9tions de la m\u00eame mani\u00e8re influents. Pourquoi tenons-nous \u00e0 assurer notre pr\u00e9sence et notre repr\u00e9sentation sein\u00a0 des instances internationales ? Pourquoi tenons-nous \u00e0 remporter les \u00e9lections qui nous permettent d\u2019acc\u00e9der \u00e0 ces instances ? Pour obtenir l\u2019organisation de comp\u00e9titions internationales, bien entendu ! S\u2019il y a un bon arbitre, nous \u0153uvrons pour qu\u2019il soit d\u00e9sign\u00e9. Si un arbitre est mauvais, nous faisons des pressions pour qu\u2019il ne soit pas d\u00e9sign\u00e9. Tout le travail s\u2019effectue dans\u00a0 les coulisses, c\u2019est le\u00a0 travail des lobbys \u00bb. Ces propos ont \u00e9t\u00e9 tronqu\u00e9s\u00a0\u00a0 \u00e0 la suite d\u2019un montage vid\u00e9o qui les a d\u00e9natur\u00e9s, d\u00e9form\u00e9s pour\u00a0 pr\u00e9senter les dirigeants actuels de l\u2019EST comme des combinards, opportunistes et malhonn\u00eates, pour d\u00e9noncer \u00ab l\u2019emprise des Tunisiens sur les instances de d\u00e9cision au sein de la CAF \u00bb, et pour attribuer calomnieusement \u00e0 l\u2019ancien pr\u00e9sident de l\u2019EST cette fausse id\u00e9e d\u2019une h\u00e9g\u00e9monie tunisienne actuelle sur les centres de d\u00e9cision de la CAF et d\u2019un lobbying suspect (cf <a href=\"https:\/\/ar.lesiteinfo.com\/sport\/237490.html\" target=\"_blank\" rel=\"noopener noreferrer\">https:\/\/ar.lesiteinfo.com\/sport\/237490.html<\/a>). Mais Slim Chiboub a pr\u00eat\u00e9 le flanc \u00e0 ces accusations contre les dirigeants esp\u00e9rantistes par une d\u00e9claration ambig\u00fce\u00a0 qui banalise le travail dans les coulisses et\u00a0 qui ne\u00a0\u00a0 marque pas\u00a0 la fronti\u00e8re\u00a0 entre le lobbying \u00e9thique et le lobbying suspect qui s\u2019apparente au trafic d\u2019influence. Il ne fait l\u2019ombre d\u2019aucun doute que l\u2019opposition \u00ab bon arbitre vs mauvais arbitre \u00bb est \u00e0 interpr\u00e9ter comme une variante de l\u2019opposition\u00a0 \u00ab\u00a0 arbitre comp\u00e9tent vs arbitre incomp\u00e9tent \u00bb mais dans un contexte conflictuel et tr\u00e8s tendu o\u00f9 la suspicion devient la r\u00e8gle, il \u00e9tait imp\u00e9ratif que Chiboub choisisse des formules tr\u00e8s claires d\u2019autant que ses accointances avec le Pr\u00e9sident tunisien d\u00e9chu ne le font pas passer pour un saint et que l\u2019image de marque de l\u2019Esp\u00e9rance est ternie par des m\u00e9dias arabes et africains, voire par les internautes tunisiens, fans des clubs rivaux, qui l\u2019accusent de b\u00e9n\u00e9ficier de passe-droits. Par ailleurs ne faut-il pas prendre du recul par rapport au lobbying et initier un d\u00e9bat\u00a0 pour r\u00e9pondre \u00e0 la question de savoir s\u2019il est moral ou immoral de tirer des avantages d\u2019une repr\u00e9sentation importante au sein des instances sportives internationales et quelles normes \u00e9thiques il faut respecter si l\u2019on consid\u00e8re comme licites\u00a0 ces b\u00e9n\u00e9fices ?<\/p>\n<h2>Le Lobbying de la FTF pour d\u00e9fendre les int\u00e9r\u00eats l\u00e9gitimes de l\u2019Esp\u00e9rance<\/h2>\n<p>La partie tunisienne reconna\u00eet aussi recourir \u00e0 ce travail de lobbying.\u00a0 Le pr\u00e9sident de la FTF ne cache dans l\u2019\u00e9mission Dimanche sport du 9 juin dernier avoir\u00a0 contact\u00e9 les acteurs concern\u00e9s de pr\u00e8s ou de loin par l\u2019affaire pour faire valoir les droits de l\u2019EST et plus particuli\u00e8rement le ministre des affaires \u00e9trang\u00e8res Khema\u00efes Jhinaoui pri\u00e9, le 4 juin dernier \u00e0 la veille de la r\u00e9union du comit\u00e9 ex\u00e9cutif, d\u2019intervenir aupr\u00e8s des pays repr\u00e9sent\u00e9s au sein de cette instance\u00a0 pour que leurs repr\u00e9sentants ne c\u00e8dent pas face aux pressions marocaines et celles du pr\u00e9sident de la CAF et ne confisquent pas\u00a0 la victoire de l\u2019Esp\u00e9rance. Mais cette d\u00e9marche ne semble pas avoir \u00e9t\u00e9 entreprise parce qu\u2019elle a \u00e9t\u00e9 tardivement sollicit\u00e9e. Elle n\u2019a, en tout cas, jamais abouti. La FTF, \u00e0 l\u2019image de son pr\u00e9sident, estimant que ses pratiques en mati\u00e8re de lobbying pour d\u00e9fendre la cause des \u00e9quipes tunisiennes s\u2019apparentent au plaidoyer, qu\u2019elles n\u2019ont rien \u00e0 avoir avec les pressions malsaines et qu\u2019elles sont par l\u00e0 m\u00eame conformes \u00e0 l\u2019\u00e9thique, ne s\u2019en cache pas. Elle a pris\u00a0 \u00e0 t\u00e9moin, dans un communiqu\u00e9 fortement m\u00e9diatis\u00e9, la plan\u00e8te foot\u00a0 des d\u00e9marches entreprises\u00a0 par l\u2019Esp\u00e9rance aupr\u00e8s de la CAF\u00a0 pour r\u00e9cuser\u00a0 l\u2019arbitre central , le\u00a0 gambien\u00a0 Bakary Gassama, r\u00e9put\u00e9 pour favoriser les \u00e9quipes marocaines\u00a0 et l\u2019arbitre VAR le\u00a0 zambien Janny Sikazwe,\u00a0 accus\u00e9 d\u2019avoir contribu\u00e9 par son arbitrage \u00e0 la victoire de l\u2019EST contre Primeiro di Agosto en demi-finales retour de la Ligue des champions 2018 . Lassane Camara \u00e9voque dans l\u2019\u00e9mission After Stad de la cha\u00eene Stad\u2019 Afric\u00a0 la\u00a0 contestation de la d\u00e9signation de Gassama : \u00ab\u00a0 Tout le monde sait que l\u2019arbitre qu\u2019ils ont d\u00e9sign\u00e9 est normalement\u00a0 \u00ab connect\u00e9 Maroc \u00bb et qu\u2019il a donn\u00e9 des millions de p\u00e9naltys au Widad et au Raja de Casablanca (Remarquons au passage l\u2019emploi de l\u2019hyperbole pour signifier \u00e0 quel point il est pro-marocain). Je me souviens\u00a0 d\u2019un match entre le Widad et une autre \u00e9quipe africaine o\u00f9 le public dans son ensemble chantait le nom de Gassama. C\u2019est pourquoi les dirigeants de l\u2019EST, en sachant que c\u2019est cet arbitre-l\u00e0 qui allait arbitrer le match ont \u00e9crit \u00e0 la CAF pour dire : \u00ab nous ne voulons pas de cet arbitre-l\u00e0 \u00bb. la FTF revient \u00e0 la charge apr\u00e8s avoir \u00e9chou\u00e9 dans la r\u00e9vision des d\u00e9signations\u00a0 pour informer le public sportif qu\u2019elle a invit\u00e9 Pierluigi Collina, pr\u00e9sident de la commission des arbitres de la FIFA et Massimo Busacca , directeur de l\u2019arbitrage de la m\u00eame instance \u00e0 assister \u00e0 la rencontre\u00a0 dans l\u2019espoir que leur pr\u00e9sence \u00e0 Rad\u00e9s dissuaderait\u00a0 les arbitres de la rencontre de l\u00e9ser l\u2019Esp\u00e9rance.<\/p>\n<p>La confiance ne r\u00e8gne pas comme le montre \u00ab la guerre des coulisses \u00bb qui a eu lieu avant la rencontre. Cette atmosph\u00e8re de suspicion, le sentiment lancinant du WAC d\u2019avoir \u00e9t\u00e9 la victime d\u2019une injustice arbitrale ainsi que\u00a0\u00a0 la d\u00e9termination des dirigeants marocains \u00e0 exploiter leur omnipr\u00e9sence au sein de la CAF pour gagner\u00a0 co\u00fbte que co\u00fbte la Ligue des champions ont d\u00e9teint sur l\u2019ensemble de la rencontre et expliquent pourquoi elle n\u2019est pas arriv\u00e9e \u00e0 son terme et pourquoi elle s\u2019est transform\u00e9e en une mascarade selon une formule r\u00e9currente dans de nombreux\u00a0 commentaires et\u00a0 dans les d\u00e9clarations des dirigeants sportifs et des hommes politiques comme le chef du gouvernement tunisien Youssef Chahed.<\/p>\n<p><em>(A suivre)<\/em><\/p>\n<p class=\"c2\"><strong>Habib Mellakh<\/strong><\/p>\n<p><strong>Lire aussi<\/strong><\/p>\n<p><a href=\"https:\/\/www.leaders.com.tn\/article\/27322-habib-mellakh-la-mascarade-footballistique-de-la-nuit-du-destin\" target=\"_blank\" rel=\"noopener noreferrer\">Habib Mellakh: La mascarade footballistique de la Nuit du Destin (1)<\/a><br \/><a href=\"https:\/\/www.leaders.com.tn\/article\/27340-prologue-de-la-mascarade-la-montee-en-puissance-des-dirigeants-marocains-au-sein-de-la-caf\" target=\"_blank\" rel=\"noopener noreferrer\">Prologue de la mascarade: La mont\u00e9e en puissance des dirigeants marocains au sein de la CAF (2)<\/a><\/p>\n<p>Auteur:<br \/>\n<a href=\"https:\/\/www.leaders.com.tn\/article\/27379-habib-mellakh-prologue-de-la-mascarade-et-lobbying-des-tunisiens-3\">Cliquez ici pour lire l&rsquo;article depuis sa source.<\/a><\/p>\n","protected":false},"excerpt":{"rendered":"<p>L\u2019influence grandissante des dirigeants du football marocain au sein de la CAF, compar\u00e9e \u00e0 la faiblesse du lobbying tunisien, jug\u00e9 par des journalistes sportifs tunisiens comme un lobbying\u00a0 en perte de vitesse depuis l\u2019\u00e9dition pr\u00e9c\u00e9dente de la finale de La ligue africaine des champions jou\u00e9e contre Al Ahly,\u00a0 est tellement perceptible par les temps qui [&hellip;]<\/p>\n","protected":false},"author":1772,"featured_media":0,"comment_status":"closed","ping_status":"closed","sticky":false,"template":"","format":"standard","meta":{"fifu_image_url":"","fifu_image_alt":"","footnotes":""},"categories":[73,55],"tags":[],"class_list":["post-42789","post","type-post","status-publish","format-standard","hentry","category-actualite","category-tunisie"],"_links":{"self":[{"href":"https:\/\/linitiative.ca\/International\/wp-json\/wp\/v2\/posts\/42789","targetHints":{"allow":["GET"]}}],"collection":[{"href":"https:\/\/linitiative.ca\/International\/wp-json\/wp\/v2\/posts"}],"about":[{"href":"https:\/\/linitiative.ca\/International\/wp-json\/wp\/v2\/types\/post"}],"author":[{"embeddable":true,"href":"https:\/\/linitiative.ca\/International\/wp-json\/wp\/v2\/users\/1772"}],"replies":[{"embeddable":true,"href":"https:\/\/linitiative.ca\/International\/wp-json\/wp\/v2\/comments?post=42789"}],"version-history":[{"count":0,"href":"https:\/\/linitiative.ca\/International\/wp-json\/wp\/v2\/posts\/42789\/revisions"}],"wp:attachment":[{"href":"https:\/\/linitiative.ca\/International\/wp-json\/wp\/v2\/media?parent=42789"}],"wp:term":[{"taxonomy":"category","embeddable":true,"href":"https:\/\/linitiative.ca\/International\/wp-json\/wp\/v2\/categories?post=42789"},{"taxonomy":"post_tag","embeddable":true,"href":"https:\/\/linitiative.ca\/International\/wp-json\/wp\/v2\/tags?post=42789"}],"curies":[{"name":"wp","href":"https:\/\/api.w.org\/{rel}","templated":true}]}}