{"id":42790,"date":"2019-06-26T12:32:00","date_gmt":"2019-06-26T16:32:00","guid":{"rendered":"https:\/\/linitiative.ca\/International\/naissance-du-1er-forum-parlementaire-regional-pour-la-sante-et-le-bien-etre-a-tunis\/"},"modified":"2019-06-26T12:32:00","modified_gmt":"2019-06-26T16:32:00","slug":"naissance-du-1er-forum-parlementaire-regional-pour-la-sante-et-le-bien-etre-a-tunis","status":"publish","type":"post","link":"https:\/\/linitiative.ca\/International\/naissance-du-1er-forum-parlementaire-regional-pour-la-sante-et-le-bien-etre-a-tunis\/","title":{"rendered":"Naissance du 1er Forum parlementaire r\u00e9gional pour la sant\u00e9 et le bien-\u00eatre \u00e0 Tunis"},"content":{"rendered":"<p>La premi\u00e8re r\u00e9union du Forum parlementaire pour la sant\u00e9 et le bien-\u00eatre vient de se tenir \u00e0 Tunis, \u00e0 l&rsquo;Acad\u00e9mie parlementaire affili\u00e9e \u00e0 l&rsquo;Assembl\u00e9e des Repr\u00e9sentants du Peuple. Il s&rsquo;agit de la toute premi\u00e8re r\u00e9union soutenue par l&rsquo;OMS \u00e0 se tenir au sein d\u2019un parlement, rassemblant des parlementaires de la plupart des pays de la R\u00e9gion OMS de la M\u00e9diterran\u00e9e orientale et visant \u00e0 renforcer leur engagement \u00e0 promouvoir la sant\u00e9 et le bien-\u00eatre dans la R\u00e9gion.<\/p>\n<p>Le concept de sant\u00e9 en tant que droit humain fondamental et indicateur cl\u00e9 du d\u00e9veloppement durable a pris de l\u2019importance et fait l\u2019objet d\u2019un engagement renouvel\u00e9 lorsqu&rsquo;en 2015, les dirigeants mondiaux ont adopt\u00e9 le Programme de d\u00e9veloppement durable \u00e0 l\u2019horizon 2030 et ses 17 objectifs de d\u00e9veloppement durable (ODD), dont l\u2019objectif 3, qui vise \u00e0 \u00ab donner aux individus les moyens de vivre une vie saine et promouvoir le bien-\u00eatre pour tous \u00e0 tout \u00e2ge \u00bb.C\u2019est sur ces ODD que se fonde le plan strat\u00e9gique de l&rsquo;OMS, son treizi\u00e8me Programme g\u00e9n\u00e9ral de travail pour 2019-2023. Les trois objectifs strat\u00e9giques de l\u2019Organisation \u2013faire en sorte qu&rsquo;un milliard de personnes suppl\u00e9mentaires b\u00e9n\u00e9ficient de la couverture sanitaire universelle, qu&rsquo;un milliard de personnes suppl\u00e9mentaires soient mieux prot\u00e9g\u00e9es face aux urgences sanitaires et qu&rsquo;un milliard de personnes suppl\u00e9mentaires b\u00e9n\u00e9ficient d&rsquo;une meilleure sant\u00e9 et d&rsquo;un meilleur bien-\u00eatre \u2013 int\u00e8grent chacune des cibles li\u00e9es \u00e0 la sant\u00e9 qui rel\u00e8vent de l\u2019Objectif 3.<br \/>Dans le m\u00eame contexte, la Vision 2023 de l&rsquo;OMS pour la M\u00e9diterran\u00e9e orientale appelle au partenariat, \u00e0 la solidarit\u00e9 et \u00e0 l&rsquo;action conjointe des gouvernements, du secteur priv\u00e9, des milieux universitaires, des organes l\u00e9gislatifs et de la soci\u00e9t\u00e9 civile pour r\u00e9aliser \u00ab la Sant\u00e9 pour tous et par tous \u00bb.<\/p>\n<p>\u00ab Dans notre R\u00e9gion, nous avons l\u2019habitude de travailler avec les parlementaires pour obtenir de meilleurs r\u00e9sultats en mati\u00e8re de sant\u00e9. Le Bureau r\u00e9gional de l&rsquo;OMS a \u00e9tabli des partenariats pour diverses priorit\u00e9s sanitaires, notamment la sant\u00e9 g\u00e9n\u00e9sique et infantile, la s\u00e9curit\u00e9 routi\u00e8re et la lutte antitabac\u00bb a d\u00e9clar\u00e9 le Directeur r\u00e9gional de l&rsquo;OMS pour la M\u00e9diterran\u00e9e orientale, Dr Al-Mandhari \u00ab La pr\u00e9sente r\u00e9union marque la cristallisation d&rsquo;un nouveau partenariat entre le Bureau r\u00e9gional de l&rsquo;OMS et les parlementaires de la R\u00e9gion, un partenariat qui d\u00e9passe les questions individuelles pour consid\u00e9rer la sant\u00e9 et le bien-\u00eatre de nos populations dans leur globalit\u00e9. \u00bb.<\/p>\n<p>\u00a0<\/p>\n<p>Auteur:<br \/>\n<a href=\"https:\/\/www.leaders.com.tn\/article\/27380-naissance-du-1er-forum-parlementaire-regional-pour-la-sante-et-le-bien-etre-a-tunis\">Cliquez ici pour lire l&rsquo;article depuis sa source.<\/a><\/p>\n","protected":false},"excerpt":{"rendered":"<p>La premi\u00e8re r\u00e9union du Forum parlementaire pour la sant\u00e9 et le bien-\u00eatre vient de se tenir \u00e0 Tunis, \u00e0 l&rsquo;Acad\u00e9mie parlementaire affili\u00e9e \u00e0 l&rsquo;Assembl\u00e9e des Repr\u00e9sentants du Peuple. Il s&rsquo;agit de la toute premi\u00e8re r\u00e9union soutenue par l&rsquo;OMS \u00e0 se tenir au sein d\u2019un parlement, rassemblant des parlementaires de la plupart des pays de la [&hellip;]<\/p>\n","protected":false},"author":1772,"featured_media":0,"comment_status":"closed","ping_status":"closed","sticky":false,"template":"","format":"standard","meta":{"fifu_image_url":"","fifu_image_alt":"","footnotes":""},"categories":[73,55],"tags":[],"class_list":["post-42790","post","type-post","status-publish","format-standard","hentry","category-actualite","category-tunisie"],"_links":{"self":[{"href":"https:\/\/linitiative.ca\/International\/wp-json\/wp\/v2\/posts\/42790","targetHints":{"allow":["GET"]}}],"collection":[{"href":"https:\/\/linitiative.ca\/International\/wp-json\/wp\/v2\/posts"}],"about":[{"href":"https:\/\/linitiative.ca\/International\/wp-json\/wp\/v2\/types\/post"}],"author":[{"embeddable":true,"href":"https:\/\/linitiative.ca\/International\/wp-json\/wp\/v2\/users\/1772"}],"replies":[{"embeddable":true,"href":"https:\/\/linitiative.ca\/International\/wp-json\/wp\/v2\/comments?post=42790"}],"version-history":[{"count":0,"href":"https:\/\/linitiative.ca\/International\/wp-json\/wp\/v2\/posts\/42790\/revisions"}],"wp:attachment":[{"href":"https:\/\/linitiative.ca\/International\/wp-json\/wp\/v2\/media?parent=42790"}],"wp:term":[{"taxonomy":"category","embeddable":true,"href":"https:\/\/linitiative.ca\/International\/wp-json\/wp\/v2\/categories?post=42790"},{"taxonomy":"post_tag","embeddable":true,"href":"https:\/\/linitiative.ca\/International\/wp-json\/wp\/v2\/tags?post=42790"}],"curies":[{"name":"wp","href":"https:\/\/api.w.org\/{rel}","templated":true}]}}