{"id":42792,"date":"2019-06-26T15:52:00","date_gmt":"2019-06-26T19:52:00","guid":{"rendered":"https:\/\/linitiative.ca\/International\/el-jabha-sur-les-traces-de-nidaa\/"},"modified":"2019-06-26T15:52:00","modified_gmt":"2019-06-26T19:52:00","slug":"el-jabha-sur-les-traces-de-nidaa","status":"publish","type":"post","link":"https:\/\/linitiative.ca\/International\/el-jabha-sur-les-traces-de-nidaa\/","title":{"rendered":"El Jabha sur les traces de Nidaa"},"content":{"rendered":"<p>La d\u00e9marche faite le 12 juin dernier par les 9 d\u00e9put\u00e9s d\u00e9missionnaires pour cr\u00e9er un bloc parlementaire portant le nom de Front populaire alors que ce parti s&rsquo;\u00e9tait autodissous semble poser un probl\u00e8me \u00e9pineux au bureau de l&rsquo;ARP. Malgr\u00e9 les r\u00e9unions tenues depuis par ledit bureau, il n&rsquo;a pas \u00e9t\u00e9 possible de trancher.<\/p>\n<p>A preuve, aucune d\u00e9cision officielle n&rsquo;a \u00e9t\u00e9 annonc\u00e9e \u00e0 propos de la demande des d\u00e9put\u00e9s d\u00e9missionnaires de la Jebha. Or cette affaire perturbe les travaux des commissions. Le probl\u00e8me s&rsquo;est pos\u00e9 particuli\u00e8rement pour le poste de pr\u00e9sident de la commission des Finances Mongi Rahoui et les autres d\u00e9put\u00e9s, membres des commissions.<\/p>\n<p>Au del\u00e0 de ces p\u00e9rip\u00e9ties, on ne peut que regetter la disparition d&rsquo;un parti qui a d\u00e9fendu parfois maladroitement, les laiss\u00e9s pour compte. Mais il l&rsquo;a fait avec beaucoup de conviction. Il est bien dommage que cette aventure se termine de cette fa\u00e7on une rivalit\u00e9 entre deux dirigeants \u00e0 propos d&rsquo;un poste qu&rsquo;aucun d&rsquo;eux ne pouvait d\u00e9crocher.<\/p>\n<p>\u00a0<\/p>\n<p>Auteur:<br \/>\n<a href=\"https:\/\/www.leaders.com.tn\/article\/27383-el-jabha-sur-les-traces-de-nidaa\">Cliquez ici pour lire l&rsquo;article depuis sa source.<\/a><\/p>\n","protected":false},"excerpt":{"rendered":"<p>La d\u00e9marche faite le 12 juin dernier par les 9 d\u00e9put\u00e9s d\u00e9missionnaires pour cr\u00e9er un bloc parlementaire portant le nom de Front populaire alors que ce parti s&rsquo;\u00e9tait autodissous semble poser un probl\u00e8me \u00e9pineux au bureau de l&rsquo;ARP. Malgr\u00e9 les r\u00e9unions tenues depuis par ledit bureau, il n&rsquo;a pas \u00e9t\u00e9 possible de trancher. A preuve, [&hellip;]<\/p>\n","protected":false},"author":1772,"featured_media":0,"comment_status":"closed","ping_status":"closed","sticky":false,"template":"","format":"standard","meta":{"fifu_image_url":"","fifu_image_alt":"","footnotes":""},"categories":[73,55],"tags":[],"class_list":["post-42792","post","type-post","status-publish","format-standard","hentry","category-actualite","category-tunisie"],"_links":{"self":[{"href":"https:\/\/linitiative.ca\/International\/wp-json\/wp\/v2\/posts\/42792","targetHints":{"allow":["GET"]}}],"collection":[{"href":"https:\/\/linitiative.ca\/International\/wp-json\/wp\/v2\/posts"}],"about":[{"href":"https:\/\/linitiative.ca\/International\/wp-json\/wp\/v2\/types\/post"}],"author":[{"embeddable":true,"href":"https:\/\/linitiative.ca\/International\/wp-json\/wp\/v2\/users\/1772"}],"replies":[{"embeddable":true,"href":"https:\/\/linitiative.ca\/International\/wp-json\/wp\/v2\/comments?post=42792"}],"version-history":[{"count":0,"href":"https:\/\/linitiative.ca\/International\/wp-json\/wp\/v2\/posts\/42792\/revisions"}],"wp:attachment":[{"href":"https:\/\/linitiative.ca\/International\/wp-json\/wp\/v2\/media?parent=42792"}],"wp:term":[{"taxonomy":"category","embeddable":true,"href":"https:\/\/linitiative.ca\/International\/wp-json\/wp\/v2\/categories?post=42792"},{"taxonomy":"post_tag","embeddable":true,"href":"https:\/\/linitiative.ca\/International\/wp-json\/wp\/v2\/tags?post=42792"}],"curies":[{"name":"wp","href":"https:\/\/api.w.org\/{rel}","templated":true}]}}