{"id":42793,"date":"2019-06-26T16:20:00","date_gmt":"2019-06-26T20:20:00","guid":{"rendered":"https:\/\/linitiative.ca\/International\/qui-sera-le-futur-batonnier-des-avocats-de-tunisie\/"},"modified":"2019-06-26T16:20:00","modified_gmt":"2019-06-26T20:20:00","slug":"qui-sera-le-futur-batonnier-des-avocats-de-tunisie","status":"publish","type":"post","link":"https:\/\/linitiative.ca\/International\/qui-sera-le-futur-batonnier-des-avocats-de-tunisie\/","title":{"rendered":"Qui sera le futur b\u00e2tonnier des avocats de Tunisie"},"content":{"rendered":"<div readability=\"24.5937090433\">Les 8000 avocats de Tunisie auront \u00e0 \u00e9lire samedi 6 juillet, leur nouveau b\u00e2tonnier, devant succ\u00e9der \u00e0 Me Ameur Mehrezi. <a href=\"https:\/\/www.leaders.com.tn\/article\/20113-comment-me-ameur-mehrezi-a-ete-elu-batonnier-des-avocats-de-tunisie\">Elu il y a trois ans, le 11 juillet 2016<\/a>, le b\u00e2tonnier sortant ne peut, conform\u00e9ment aux dispositions du <a href=\"http:\/\/www.e-justice.tn\/fileadmin\/fichiers_site_francais\/auxiliaires_justice\/avocat\/Decret-loi2011_79__1_.pdf\">D\u00e9cret-loi n\u00b0 2011-79<\/a> du 20 ao\u00fbt 2011 portant organisation de la profession, cumuler successivement deux mandats de suite. La voie est ainsi ouverte aux successeurs, pour le choix du 21\u00e8me b\u00e2tonnier depuis l\u2019ind\u00e9pendance, le premier \u00e9tant Me Chadly Khalladi (1958 -1961). La liste des candidats au conseil national de l\u2019Ordre des avocats de Tunisie (<a href=\"https:\/\/avocat.org.tn\/ar\/\">CNOAT<\/a>), postulant pour les 14 si\u00e8ges \u00e0 pourvoir et devant faire \u00e9merger le b\u00e2tonnier, est longue. L\u2019enjeu essentiel est la politisation ou non de cette instance.\u00a0<\/div>\n<h2>R\u00e9cup\u00e9ration ou ind\u00e9pendance<\/h2>\n<p>Entre tentatives de mise sur orbite en galaxie de certains partis, notamment Ennahdha, et ind\u00e9pendance totale pour se concentrer exclusivement sur la d\u00e9fense de la profession et sa promotion, le choix est crucial. Les luttes partisanes laissent planer leur ombre, clivant les rangs et suscitant tensions. Le r\u00f4le du b\u00e2tonnier est essentiel pour pr\u00e9server l\u2019Ordre de ces tiraillements et s\u2019attaquer aux vrais probl\u00e8mes qui, d\u2019ailleurs ne manquent pas. Avec l\u2019affluence massive de jeunes avocats, (aboutissant \u00e0 la multiplication par deux des inscrits au tableau de l\u2019Ordre, rien qu\u2019entre 2006 et 2010), sans trouver suffisamment de cabinets pour les accueillir en stagiaires, ni d\u2019affaires \u00e0 d\u00e9fendre, la limitation du champ d\u2019exercice de la profession et, au m\u00eame moment, l\u2019autorisation d\u2019autres professions \u00e0 fournir le conseil juridique et fiscal, les entraves sont de taille. La non-d\u00e9signation d\u2019office d\u2019un avocat dans toutes les affaires au titre de l\u2019assistance judiciaire prise en charge par l\u2019Etat, le r\u00e9gime fiscal impos\u00e9 aux avocats (soustraction en tant que frais professionnels uniquement de 20% au lieu de 30% de leur assiette imposable, TVA major\u00e9e \u00e0 13% au lieu de 6% pour les m\u00e9decins), et les changements profonds qu\u2019introduira l\u2019ALECA (Union europ\u00e9enne) constituent de v\u00e9ritables pr\u00e9occupations.<\/p>\n<h2>Pr\u00e9carit\u00e9<\/h2>\n<p>R\u00e9unis en assembl\u00e9e g\u00e9n\u00e9rale ordinaire d\u00e8s le vendredi 5 juillet au Palais de la Foire de la Charguia, les avocats auront \u00e0 en d\u00e9battre en profondeur. Plus particuli\u00e8rement la situation tr\u00e8s pr\u00e9caire d\u2019un grand nombre de jeunes avocats et m\u00eame de moins jeunes, sera sans doute de nouveau \u00e0 l\u2019ordre du jour. L\u2019aboutissement de ces d\u00e9lib\u00e9rations aura lieu le lendemain, apr\u00e8s adoption des rapports moral et financier, \u00e0 la faveur de l\u2019\u00e9lection tant attendue et sans doute fort anim\u00e9e, comme de tradition.<\/p>\n<h2>Mes Boubaker Ben Thabet et Brahim Bouderbala<\/h2>\n<div readability=\"30.1065502183\">La course s\u2019annonce en effet serr\u00e9e. Parmi les candidats en lice qui affichent le plus de chance pour le b\u00e2tonnat, chacun conduisant sa propre liste, se distinguent deux grandes figures du barreau, tr\u00e8s impliqu\u00e9s de longue date dans les activit\u00e9s de l\u2019Ordre. Il s\u2019agit de Me Boubaker Ben Thabet, ancien secr\u00e9taire g\u00e9n\u00e9ral du conseil national, notamment du temps du b\u00e2tonnier Abderrazak Kilani (2010 &#8211; 2012), puis du b\u00e2tonnier Mohamed Fadhel Mahfoudh ( 2013 &#8211; 2016) et de Me Brahim Bouderbala qui avait fait montre d\u2019intense implication en tant que membre du conseil, notamment lors du mandat du b\u00e2tonnier Abdelwaheb B\u00e9hi (1992 -1998). Me Ben Thabet avait \u00e9t\u00e9 par ailleurs, lors des \u00e9lections de l\u2019Assembl\u00e9e nationale constituante en 2011, <a href=\"http:\/\/www.isie.tn\/isie\/membres-isie-2011\/\">secr\u00e9taire g\u00e9n\u00e9ral de l\u2019ISIE<\/a> pr\u00e9sid\u00e9e alors par Kamel Jendoubi. Quant \u00e0 Me Bouderbala, qui s\u2019est toujours tenu \u00e0 l\u2019\u00e9cart de tout engagement politique et partisan, ni avant 2011, ni depuis, il s\u2019est consacr\u00e9 uniquement, depuis son adh\u00e9sion \u00e0 l\u2019association des Jeunes avocats, puis son accession au CNOAT, \u00e0 l\u2019action professionnelle au sein de l\u2019Ordre.\u00a0\u00a0<\/div>\n<div readability=\"15.8356713427\">Il faudrait revenir \u00e0 <a href=\"https:\/\/www.leaders.com.tn\/article\/20113-comment-me-ameur-mehrezi-a-ete-elu-batonnier-des-avocats-de-tunisie\">la derni\u00e8re assembl\u00e9e g\u00e9n\u00e9rale ordinaire de juillet 2016<\/a> et de sa s\u00e9quence \u00e9lectorale pour trouver des indices int\u00e9ressants. Parmi les cinq candidats en lice, figuraient alors : Mes Ameur Mehrezi, Boubaker Ben Thabet, Brahim Bourderbala, Imed Ben Cheikh Larbi et Hanifi Fridhi. Au total, les 3197 avocats ont pris part au vote ont \u00e9lu, d\u00e8s le premier tour, Me Mehrezi, avec 1595 voix devan\u00e7ant de plus de 500 voix Me Ben Thabet qui n\u2019a recueilli que 977 suffrages.<\/div>\n<p>Trois ans apr\u00e8s, Me Boubaker Ben Thabet a attendu ce nouveau rendez-vous avec les urnes pour solliciter le soutien effectif de ses confr\u00e8res qui partagent avec lui les m\u00eames orientations politiques et pour la gestion du CNOAT. De son c\u00f4t\u00e9, Me Brahim Bouderbala s\u2019accroche \u00e0 la ligne corporatiste dont il avait preuve, depuis sa premi\u00e8re \u00e9lection en 1987, pour un mandat de deux ans, et un deuxi\u00e8me successivement, de trois ans, en 1989. En 1992, il sera \u00e9lu pr\u00e9sident de la section de Tunis du CNOAT et y sera reconduit jusqu\u2019en 1998. Cet ancien pr\u00e9sident de l\u2019Association des Jeunes Avocats (1983 -1984), apr\u00e8s en avoir assum\u00e9 le secr\u00e9tariat g\u00e9n\u00e9ral (1981 -1983), croit lui aussi en toutes ses chances.<\/p>\n<p>Verdict des urnes dans quelques jours, le 6 juillet 2019.<\/p>\n<p>Auteur:<br \/>\n<a href=\"https:\/\/www.leaders.com.tn\/article\/27363-boubaker-ben-thabet-et-brahim-bouderbala\">Cliquez ici pour lire l&rsquo;article depuis sa source.<\/a><\/p>\n","protected":false},"excerpt":{"rendered":"<p>Les 8000 avocats de Tunisie auront \u00e0 \u00e9lire samedi 6 juillet, leur nouveau b\u00e2tonnier, devant succ\u00e9der \u00e0 Me Ameur Mehrezi. Elu il y a trois ans, le 11 juillet 2016, le b\u00e2tonnier sortant ne peut, conform\u00e9ment aux dispositions du D\u00e9cret-loi n\u00b0 2011-79 du 20 ao\u00fbt 2011 portant organisation de la profession, cumuler successivement deux mandats [&hellip;]<\/p>\n","protected":false},"author":1772,"featured_media":0,"comment_status":"closed","ping_status":"closed","sticky":false,"template":"","format":"standard","meta":{"fifu_image_url":"","fifu_image_alt":"","footnotes":""},"categories":[73,55],"tags":[],"class_list":["post-42793","post","type-post","status-publish","format-standard","hentry","category-actualite","category-tunisie"],"_links":{"self":[{"href":"https:\/\/linitiative.ca\/International\/wp-json\/wp\/v2\/posts\/42793","targetHints":{"allow":["GET"]}}],"collection":[{"href":"https:\/\/linitiative.ca\/International\/wp-json\/wp\/v2\/posts"}],"about":[{"href":"https:\/\/linitiative.ca\/International\/wp-json\/wp\/v2\/types\/post"}],"author":[{"embeddable":true,"href":"https:\/\/linitiative.ca\/International\/wp-json\/wp\/v2\/users\/1772"}],"replies":[{"embeddable":true,"href":"https:\/\/linitiative.ca\/International\/wp-json\/wp\/v2\/comments?post=42793"}],"version-history":[{"count":0,"href":"https:\/\/linitiative.ca\/International\/wp-json\/wp\/v2\/posts\/42793\/revisions"}],"wp:attachment":[{"href":"https:\/\/linitiative.ca\/International\/wp-json\/wp\/v2\/media?parent=42793"}],"wp:term":[{"taxonomy":"category","embeddable":true,"href":"https:\/\/linitiative.ca\/International\/wp-json\/wp\/v2\/categories?post=42793"},{"taxonomy":"post_tag","embeddable":true,"href":"https:\/\/linitiative.ca\/International\/wp-json\/wp\/v2\/tags?post=42793"}],"curies":[{"name":"wp","href":"https:\/\/api.w.org\/{rel}","templated":true}]}}