{"id":42797,"date":"2019-06-26T05:20:57","date_gmt":"2019-06-26T09:20:57","guid":{"rendered":"https:\/\/linitiative.ca\/International\/lespagnol-decoexsa-double-le-capital-de-sa-filiale-marocaine\/"},"modified":"2019-06-26T05:20:57","modified_gmt":"2019-06-26T09:20:57","slug":"lespagnol-decoexsa-double-le-capital-de-sa-filiale-marocaine","status":"publish","type":"post","link":"https:\/\/linitiative.ca\/International\/lespagnol-decoexsa-double-le-capital-de-sa-filiale-marocaine\/","title":{"rendered":"L\u2019espagnol Decoexsa double  le capital de sa filiale marocaine"},"content":{"rendered":"<p class=\"p1\"><strong>Le secteur marocain de la logistique attise de plus en plus les convoitises. Alors que de grands groupes japonais ou europ\u00e9ens en ont fait au cours des derni\u00e8res ann\u00e9es, voire des derniers mois, leur premi\u00e8re base avanc\u00e9e en Afrique, d\u2019autres d\u00e9j\u00e0 pr\u00e9sents depuis au moins une d\u00e9cennie cherchent \u00e0 y consolider leurs positions.<\/strong><\/p>\n<div class=\"c10\"\/>\n<p class=\"p2\"><span class=\"s1\">L\u2019espagnol <strong>Decoexsa<\/strong> (Dep\u00f3sitos de Comercio Exterior S.A) en fait partie, lui qui vient de renflouer sa filiale marocaine cr\u00e9\u00e9e il y a plus de 20 ans en doublant le capital pour le porter \u00e0 7,8 millions de dirhams. La recapitalisation de Decoexsa Maroc vise \u00e0 renforcer le parc de mat\u00e9riel roulant et les capacit\u00e9s de stockage de cette soci\u00e9t\u00e9 sp\u00e9cialis\u00e9e dans les services de groupage routier import et export entre l\u2019Europe et le Maroc, d\u2019entreposage (sous douane et libre) et de transports maritimes et a\u00e9riens.<\/span><\/p>\n<p class=\"p2\">Rappelons que le groupe Decoexsa est une soci\u00e9t\u00e9 fond\u00e9e en 1965 \u00e0 Ir\u00fan (au Pays Basque au Nord de l\u2019Espagne) par diff\u00e9rents agents externes de douane ayant pour but d\u2019offrir aux entreprises d\u2019import\/export les entrep\u00f4ts dont elles pouvaient avoir besoin. A partir des ann\u00e9es 1990, le groupe a commenc\u00e9 \u00e0 s\u2019internationaliser en prenant pied progressivement au Portugal, en France, en Chine et au Maroc o\u00f9 la filiale \u00e9ponyme vient de f\u00eater ses 20 ans d\u2019existence. Aujourd\u2019hui, Decoexsa Maroc est pr\u00e9sente aussi bien \u00e0 Casablanca (o\u00f9 elle dispose d\u2019un si\u00e8ge social et d\u2019entrep\u00f4ts au parc Atlantic Logistic \u00e0 Ain Seba\u00e2), mais \u00e9galement \u00e0 la zone logistique de <strong>Tanger-Med<\/strong>.<\/p>\n<p class=\"p2\">Au niveau mondial, le groupe a r\u00e9alis\u00e9 plus de 80 millions d\u2019euros en 2017 (pr\u00e8s de 900 millions de DH). Son objectif est de d\u00e9passer, d\u00e8s 2020, la barre de 100 millions d\u2019euros (1,1 milliard de DH), notamment \u00e0 grands coups d\u2019investissement dans l\u2019extension de ses capacit\u00e9s logistiques, \u00e0 l\u2019instar de son r\u00e9cent investissement de 4 millions d\u2019euros (44 millions de DH) dans une nouvelle plateforme \u00e0 <strong>Saragosse<\/strong> (nord-est de l\u2019Espagne).<\/p>\n<div class=\"c17\">\n<fieldset class=\"c16\">\n<legend><strong><span class=\"c11\">Challenge<\/span><span class=\"c12\">news<\/span><\/strong><\/legend>\n<div class=\"c15\">Le meilleur de la r\u00e9daction s\u00e9lectionn\u00e9 par Challenge :<\/p>\n<\/div>\n<\/fieldset>\n<\/div>\n<p>Auteur: challenge<br \/>\n<a href=\"https:\/\/www.challenge.ma\/lespagnol-decoexsa-double-le-capital-de-sa-filiale-marocaine-111340\/\">Cliquez ici pour lire l&rsquo;article depuis sa source.<\/a><\/p>\n","protected":false},"excerpt":{"rendered":"<p>Le secteur marocain de la logistique attise de plus en plus les convoitises. Alors que de grands groupes japonais ou europ\u00e9ens en ont fait au cours des derni\u00e8res ann\u00e9es, voire des derniers mois, leur premi\u00e8re base avanc\u00e9e en Afrique, d\u2019autres d\u00e9j\u00e0 pr\u00e9sents depuis au moins une d\u00e9cennie cherchent \u00e0 y consolider leurs positions. L\u2019espagnol Decoexsa [&hellip;]<\/p>\n","protected":false},"author":1787,"featured_media":0,"comment_status":"closed","ping_status":"closed","sticky":false,"template":"","format":"standard","meta":{"fifu_image_url":"","fifu_image_alt":"","footnotes":""},"categories":[78,54],"tags":[],"class_list":["post-42797","post","type-post","status-publish","format-standard","hentry","category-economie","category-maroc"],"_links":{"self":[{"href":"https:\/\/linitiative.ca\/International\/wp-json\/wp\/v2\/posts\/42797","targetHints":{"allow":["GET"]}}],"collection":[{"href":"https:\/\/linitiative.ca\/International\/wp-json\/wp\/v2\/posts"}],"about":[{"href":"https:\/\/linitiative.ca\/International\/wp-json\/wp\/v2\/types\/post"}],"author":[{"embeddable":true,"href":"https:\/\/linitiative.ca\/International\/wp-json\/wp\/v2\/users\/1787"}],"replies":[{"embeddable":true,"href":"https:\/\/linitiative.ca\/International\/wp-json\/wp\/v2\/comments?post=42797"}],"version-history":[{"count":0,"href":"https:\/\/linitiative.ca\/International\/wp-json\/wp\/v2\/posts\/42797\/revisions"}],"wp:attachment":[{"href":"https:\/\/linitiative.ca\/International\/wp-json\/wp\/v2\/media?parent=42797"}],"wp:term":[{"taxonomy":"category","embeddable":true,"href":"https:\/\/linitiative.ca\/International\/wp-json\/wp\/v2\/categories?post=42797"},{"taxonomy":"post_tag","embeddable":true,"href":"https:\/\/linitiative.ca\/International\/wp-json\/wp\/v2\/tags?post=42797"}],"curies":[{"name":"wp","href":"https:\/\/api.w.org\/{rel}","templated":true}]}}