{"id":42816,"date":"2019-06-26T14:34:36","date_gmt":"2019-06-26T18:34:36","guid":{"rendered":"https:\/\/linitiative.ca\/International\/tunisie-youssef-chahed-annonce-plusieurs-mesures-pour-promouvoir-la-consommation-du-produit-tunisien\/"},"modified":"2019-06-26T14:34:36","modified_gmt":"2019-06-26T18:34:36","slug":"tunisie-youssef-chahed-annonce-plusieurs-mesures-pour-promouvoir-la-consommation-du-produit-tunisien","status":"publish","type":"post","link":"https:\/\/linitiative.ca\/International\/tunisie-youssef-chahed-annonce-plusieurs-mesures-pour-promouvoir-la-consommation-du-produit-tunisien\/","title":{"rendered":"Tunisie \u2013 Youssef Chahed annonce plusieurs mesures pour promouvoir la consommation du produit tunisien"},"content":{"rendered":"<div class=\"post-cont-in left relative\">\n<div class=\"swp_social_panel swp_horizontal_panel swp_flat_fresh swp_default_full_color swp_individual_full_color swp_other_full_color scale-100 scale-\" data-min-width=\"1100\" data-float-color=\"#ffffff\" data-float=\"none\" data-float-mobile=\"none\" data-transition=\"slide\">\n<div class=\"nc_tweetContainer swp_share_button total_shares total_sharesalt\"><span class=\"swp_count\">37 <span class=\"swp_label\">Partages<\/span><\/span><\/div>\n<\/div>\n<p>Lors de son allocution prononc\u00e9e \u00e0 l\u2019occasion de l\u2019ouverture de la premi\u00e8re session des journ\u00e9es nationales \u00ab\u00a0consommons tunisien\u00a0\u00bb, le chef du gouvernement, Youssef Chahed a annonc\u00e9 plusieurs mesures tendant \u00e0 promouvoir la consommation des produits locaux\u00a0:<\/p>\n<ul>\n<li>Promulgation du 26 juin de chaque ann\u00e9e comme journ\u00e9e nationale de la promotion de la consommation des produits locaux.<\/li>\n<li>Promulgation de l\u2019ann\u00e9e 2020 comme \u00e9tant celle de la promotion de la consommation du produit industriel local.<\/li>\n<li>La mise en place d\u2019un codage unifi\u00e9 sur tous les emballages, permettant d\u2019identifier du premier coup d\u2019\u0153il, les produits tunisiens et les diff\u00e9rencier des produits import\u00e9s. Ce code sera le #619.<\/li>\n<li>Insertion de l\u2019int\u00e9r\u00eat de la consommation des produits locaux dans les mati\u00e8res d\u2019enseignement, \u00e0 partir de l\u2019ann\u00e9e scolaire 2020-2021.<\/li>\n<li>Elaboration de contrats de partenariat public-priv\u00e9.<\/li>\n<li>Adopter une disposition qui permet de r\u00e9ajuster les prix selon les fluctuations du dinar par rapport aux devises, notamment en mati\u00e8res des march\u00e9s publics, pour privil\u00e9gier les entreprises locales.<\/li>\n<\/ul>\n<p><img loading=\"lazy\" decoding=\"async\" class=\"aligncenter wp-image-444118\" src=\"https:\/\/www.tunisienumerique.com\/wp-content\/uploads\/2019\/06\/chah-3.jpg\" alt=\"\" width=\"850\" height=\"566\" srcset=\"https:\/\/www.tunisienumerique.com\/wp-content\/uploads\/2019\/06\/chah-3.jpg 960w, https:\/\/www.tunisienumerique.com\/wp-content\/uploads\/2019\/06\/chah-3-768x511.jpg 768w, https:\/\/www.tunisienumerique.com\/wp-content\/uploads\/2019\/06\/chah-3-600x399.jpg 600w\" sizes=\"auto, (max-width: 850px) 100vw, 850px\"\/><\/p>\n<div class=\"code-block code-block-1 c3\"><ins class=\"adsbygoogle c2\" data-ad-layout=\"in-article\" data-ad-format=\"fluid\" data-ad-client=\"ca-pub-2102118777505746\" data-ad-slot=\"7301775417\"\/> <\/div>\n<div class=\"mvp-org-wrap mvp-org-logo\" itemprop=\"publisher\" itemscope=\"\" itemtype=\"https:\/\/schema.org\/Organization\"><img decoding=\"async\" src=\"https:\/\/www.tunisienumerique.com\/wp-content\/uploads\/2017\/02\/logo_tunisie_numerique.png\"\/><\/div>\n<div class=\"swp_social_panel swp_horizontal_panel swp_flat_fresh swp_default_full_color swp_individual_full_color swp_other_full_color scale-100 scale-\" data-min-width=\"1100\" data-float-color=\"#ffffff\" data-float=\"none\" data-float-mobile=\"none\" data-transition=\"slide\">\n<div class=\"nc_tweetContainer swp_share_button total_shares total_sharesalt\"><span class=\"swp_count\">37 <span class=\"swp_label\">Partages<\/span><\/span><\/div>\n<\/div>\n<div class=\"mvp-related-posts left relative\">\n<h4 class=\"post-header\"><span class=\"post-header\">Lire aussi<\/span><\/h4>\n<\/div>\n<\/div>\n<p>Auteur: LM<br \/>\n<a href=\"https:\/\/www.tunisienumerique.com\/tunisie-youssef-chahed-annonce-plusieurs-mesures-pour-promouvoir-la-consommation-du-produit-tunisien\/\">Cliquez ici pour lire l&rsquo;article depuis sa source.<\/a><\/p>\n","protected":false},"excerpt":{"rendered":"<p>37 Partages Lors de son allocution prononc\u00e9e \u00e0 l\u2019occasion de l\u2019ouverture de la premi\u00e8re session des journ\u00e9es nationales \u00ab\u00a0consommons tunisien\u00a0\u00bb, le chef du gouvernement, Youssef Chahed a annonc\u00e9 plusieurs mesures tendant \u00e0 promouvoir la consommation des produits locaux\u00a0: Promulgation du 26 juin de chaque ann\u00e9e comme journ\u00e9e nationale de la promotion de la consommation des [&hellip;]<\/p>\n","protected":false},"author":1789,"featured_media":42817,"comment_status":"closed","ping_status":"closed","sticky":false,"template":"","format":"standard","meta":{"fifu_image_url":"","fifu_image_alt":"","footnotes":""},"categories":[73,55],"tags":[],"class_list":["post-42816","post","type-post","status-publish","format-standard","has-post-thumbnail","hentry","category-actualite","category-tunisie"],"_links":{"self":[{"href":"https:\/\/linitiative.ca\/International\/wp-json\/wp\/v2\/posts\/42816","targetHints":{"allow":["GET"]}}],"collection":[{"href":"https:\/\/linitiative.ca\/International\/wp-json\/wp\/v2\/posts"}],"about":[{"href":"https:\/\/linitiative.ca\/International\/wp-json\/wp\/v2\/types\/post"}],"author":[{"embeddable":true,"href":"https:\/\/linitiative.ca\/International\/wp-json\/wp\/v2\/users\/1789"}],"replies":[{"embeddable":true,"href":"https:\/\/linitiative.ca\/International\/wp-json\/wp\/v2\/comments?post=42816"}],"version-history":[{"count":0,"href":"https:\/\/linitiative.ca\/International\/wp-json\/wp\/v2\/posts\/42816\/revisions"}],"wp:featuredmedia":[{"embeddable":true,"href":"https:\/\/linitiative.ca\/International\/wp-json\/"}],"wp:attachment":[{"href":"https:\/\/linitiative.ca\/International\/wp-json\/wp\/v2\/media?parent=42816"}],"wp:term":[{"taxonomy":"category","embeddable":true,"href":"https:\/\/linitiative.ca\/International\/wp-json\/wp\/v2\/categories?post=42816"},{"taxonomy":"post_tag","embeddable":true,"href":"https:\/\/linitiative.ca\/International\/wp-json\/wp\/v2\/tags?post=42816"}],"curies":[{"name":"wp","href":"https:\/\/api.w.org\/{rel}","templated":true}]}}