{"id":42818,"date":"2019-06-26T14:50:19","date_gmt":"2019-06-26T18:50:19","guid":{"rendered":"https:\/\/linitiative.ca\/International\/elections-distanbul-erdogan-nous-avons-ete-poignardes-dans-le-dos\/"},"modified":"2019-06-26T14:50:19","modified_gmt":"2019-06-26T18:50:19","slug":"elections-distanbul-erdogan-nous-avons-ete-poignardes-dans-le-dos","status":"publish","type":"post","link":"https:\/\/linitiative.ca\/International\/elections-distanbul-erdogan-nous-avons-ete-poignardes-dans-le-dos\/","title":{"rendered":"Elections d\u2019Istanbul\u00a0\u2013 Erdogan\u00a0: \u00ab\u00a0Nous avons \u00e9t\u00e9 poignard\u00e9s dans le dos\u00a0\u00bb\u00a0!"},"content":{"rendered":"<div class=\"post-cont-in left relative\">\n<div class=\"swp_social_panel swp_horizontal_panel swp_flat_fresh swp_default_full_color swp_individual_full_color swp_other_full_color scale-100 scale-\" data-min-width=\"1100\" data-float-color=\"#ffffff\" data-float=\"none\" data-float-mobile=\"none\" data-transition=\"slide\">\n<div class=\"nc_tweetContainer swp_share_button total_shares total_sharesalt\"><span class=\"swp_count\">100 <span class=\"swp_label\">Partages<\/span><\/span><\/div>\n<\/div>\n<p>Commentant la d\u00e9faite de son candidat aux \u00e9lections municipales d\u2019Istanbul, malgr\u00e9 qu\u2019il ait tout fait pour les refaire, apr\u00e8s une premi\u00e8re victoire du candidat de l\u2019opposition, le pr\u00e9sident turc, Erdogan a annonc\u00e9 \u00ab\u00a0nous avons \u00e9t\u00e9 poignard\u00e9s dans le dos\u00a0\u00bb. En allusion \u00e0 une trahison de la part de ses propres fr\u00e8res du parti AKP, en l\u2019occurrence, l\u2019ancien pr\u00e9sident Abdallah G\u00fcll, et l\u2019ancien chef du gouvernement, Ahmed Daoud Ogl\u00fc.<\/p>\n<p>Erdogan suspecte, en effet, ses lieutenants de l\u2019avoir trahi lors de ces \u00e9lections, car ils seraient sur le projet de cr\u00e9ation de leur propre parti.<\/p>\n<div class=\"code-block code-block-1 c3\"><ins class=\"adsbygoogle c2\" data-ad-layout=\"in-article\" data-ad-format=\"fluid\" data-ad-client=\"ca-pub-2102118777505746\" data-ad-slot=\"7301775417\"\/> <\/div>\n<p>Erdogan a poursuivi que de perdre Istanbul ne voulait rien dire, puisque le parti est gagnant dans une majorit\u00e9 des villes, et qu\u2019il continue de travailler, contredisant ses r\u00e9centes d\u00e9clarations \u00e0 propos de l\u2019importance de la municipalit\u00e9 d\u2019Istanbul, quand il a dit \u00ab\u00a0si nous gagnons Istanbul, nous gagnons toute la Turquie, et si nous perdons Istanbul, nous perdons toute la Turquie\u00a0\u00bb\u00a0!<\/p>\n<div class=\"mvp-org-wrap mvp-org-logo\" itemprop=\"publisher\" itemscope=\"\" itemtype=\"https:\/\/schema.org\/Organization\"><img decoding=\"async\" src=\"https:\/\/www.tunisienumerique.com\/wp-content\/uploads\/2017\/02\/logo_tunisie_numerique.png\"\/><\/div>\n<div class=\"swp_social_panel swp_horizontal_panel swp_flat_fresh swp_default_full_color swp_individual_full_color swp_other_full_color scale-100 scale-\" data-min-width=\"1100\" data-float-color=\"#ffffff\" data-float=\"none\" data-float-mobile=\"none\" data-transition=\"slide\">\n<div class=\"nc_tweetContainer swp_share_button total_shares total_sharesalt\"><span class=\"swp_count\">100 <span class=\"swp_label\">Partages<\/span><\/span><\/div>\n<\/div>\n<div class=\"mvp-related-posts left relative\">\n<h4 class=\"post-header\"><span class=\"post-header\">Lire aussi<\/span><\/h4>\n<\/div>\n<\/div>\n<p>Auteur: LM<br \/>\n<a href=\"https:\/\/www.tunisienumerique.com\/elections-distanbul-erdogan-nous-avons-ete-poignardes-dans-le-dos\/\">Cliquez ici pour lire l&rsquo;article depuis sa source.<\/a><\/p>\n","protected":false},"excerpt":{"rendered":"<p>100 Partages Commentant la d\u00e9faite de son candidat aux \u00e9lections municipales d\u2019Istanbul, malgr\u00e9 qu\u2019il ait tout fait pour les refaire, apr\u00e8s une premi\u00e8re victoire du candidat de l\u2019opposition, le pr\u00e9sident turc, Erdogan a annonc\u00e9 \u00ab\u00a0nous avons \u00e9t\u00e9 poignard\u00e9s dans le dos\u00a0\u00bb. En allusion \u00e0 une trahison de la part de ses propres fr\u00e8res du parti [&hellip;]<\/p>\n","protected":false},"author":1789,"featured_media":42819,"comment_status":"closed","ping_status":"closed","sticky":false,"template":"","format":"standard","meta":{"fifu_image_url":"","fifu_image_alt":"","footnotes":""},"categories":[73,55],"tags":[],"class_list":["post-42818","post","type-post","status-publish","format-standard","has-post-thumbnail","hentry","category-actualite","category-tunisie"],"_links":{"self":[{"href":"https:\/\/linitiative.ca\/International\/wp-json\/wp\/v2\/posts\/42818","targetHints":{"allow":["GET"]}}],"collection":[{"href":"https:\/\/linitiative.ca\/International\/wp-json\/wp\/v2\/posts"}],"about":[{"href":"https:\/\/linitiative.ca\/International\/wp-json\/wp\/v2\/types\/post"}],"author":[{"embeddable":true,"href":"https:\/\/linitiative.ca\/International\/wp-json\/wp\/v2\/users\/1789"}],"replies":[{"embeddable":true,"href":"https:\/\/linitiative.ca\/International\/wp-json\/wp\/v2\/comments?post=42818"}],"version-history":[{"count":0,"href":"https:\/\/linitiative.ca\/International\/wp-json\/wp\/v2\/posts\/42818\/revisions"}],"wp:featuredmedia":[{"embeddable":true,"href":"https:\/\/linitiative.ca\/International\/wp-json\/"}],"wp:attachment":[{"href":"https:\/\/linitiative.ca\/International\/wp-json\/wp\/v2\/media?parent=42818"}],"wp:term":[{"taxonomy":"category","embeddable":true,"href":"https:\/\/linitiative.ca\/International\/wp-json\/wp\/v2\/categories?post=42818"},{"taxonomy":"post_tag","embeddable":true,"href":"https:\/\/linitiative.ca\/International\/wp-json\/wp\/v2\/tags?post=42818"}],"curies":[{"name":"wp","href":"https:\/\/api.w.org\/{rel}","templated":true}]}}