{"id":42824,"date":"2019-06-26T15:26:48","date_gmt":"2019-06-26T19:26:48","guid":{"rendered":"https:\/\/linitiative.ca\/International\/tunisie-nidaa-tounes-commence-ses-contacts-avec-les-partants-pour-les-faire-revenir-au-bercail\/"},"modified":"2019-06-26T15:26:48","modified_gmt":"2019-06-26T19:26:48","slug":"tunisie-nidaa-tounes-commence-ses-contacts-avec-les-partants-pour-les-faire-revenir-au-bercail","status":"publish","type":"post","link":"https:\/\/linitiative.ca\/International\/tunisie-nidaa-tounes-commence-ses-contacts-avec-les-partants-pour-les-faire-revenir-au-bercail\/","title":{"rendered":"Tunisie \u2013 Nidaa Tounes commence ses contacts avec les \u00ab\u00a0partants\u00a0\u00bb pour les faire revenir au bercail"},"content":{"rendered":"<div class=\"post-cont-in left relative\">\n<div class=\"swp_social_panel swp_horizontal_panel swp_flat_fresh swp_default_full_color swp_individual_full_color swp_other_full_color scale-100 scale-\" data-min-width=\"1100\" data-float-color=\"#ffffff\" data-float=\"none\" data-float-mobile=\"none\" data-transition=\"slide\">\n<div class=\"nc_tweetContainer swp_share_button total_shares total_sharesalt\"><span class=\"swp_count\">13 <span class=\"swp_label\">Partages<\/span><\/span><\/div>\n<\/div>\n<p>Le membre de la commission de r\u00e9conciliation, r\u00e9cemment cr\u00e9\u00e9e au sein du parti Nidaa Tounes, Chaker Ayadi, a annonc\u00e9 que ladite commission a commenc\u00e9, d\u00e8s aujourd\u2019hui \u00e0 contacter tous les membres de Nidaa Tounes qui avaient quitt\u00e9 la direction du parti suite au congr\u00e8s de Sousse.<\/p>\n<p>Il a annonc\u00e9 que la commission a commenc\u00e9 par des contacts t\u00e9l\u00e9phoniques, en attendant de rencontrer toutes ces personnalit\u00e9s \u00ab\u00a0f\u00e2ch\u00e9es\u00a0\u00bb afin de discuter avec elles et trouver un terrain d\u2019entente, pour leur retour, et pour reconstruire un parti fort et uni.<\/p>\n<div class=\"code-block code-block-1 c3\"><ins class=\"adsbygoogle c2\" data-ad-layout=\"in-article\" data-ad-format=\"fluid\" data-ad-client=\"ca-pub-2102118777505746\" data-ad-slot=\"7301775417\"\/> <\/div>\n<p>Ayadi a ajout\u00e9 que, jusqu\u2019\u00e0 pr\u00e9sent, tous les contacts qu\u2019il a effectu\u00e9s ont eu des \u00e9chos favorables, en attendant la suite des efforts de la commission.<\/p>\n<p>Ayadi a expliqu\u00e9, qu\u2019apr\u00e8s les membres qui ont quitt\u00e9 Nidaa suite au dernier congr\u00e8s, cet effort\u00a0 de r\u00e9conciliation et d\u2019unification va s\u2019\u00e9tendre \u00e0 toute la famille nida\u00efste, y compris, Al Machrou3, Tahya Tounes et Bani Watani.<\/p>\n<div class=\"mvp-org-wrap mvp-org-logo\" itemprop=\"publisher\" itemscope=\"\" itemtype=\"https:\/\/schema.org\/Organization\"><img decoding=\"async\" src=\"https:\/\/www.tunisienumerique.com\/wp-content\/uploads\/2017\/02\/logo_tunisie_numerique.png\"\/><\/div>\n<div class=\"swp_social_panel swp_horizontal_panel swp_flat_fresh swp_default_full_color swp_individual_full_color swp_other_full_color scale-100 scale-\" data-min-width=\"1100\" data-float-color=\"#ffffff\" data-float=\"none\" data-float-mobile=\"none\" data-transition=\"slide\">\n<div class=\"nc_tweetContainer swp_share_button total_shares total_sharesalt\"><span class=\"swp_count\">13 <span class=\"swp_label\">Partages<\/span><\/span><\/div>\n<\/div>\n<div class=\"mvp-related-posts left relative\">\n<h4 class=\"post-header\"><span class=\"post-header\">Lire aussi<\/span><\/h4>\n<\/div>\n<\/div>\n<p>Auteur: LM<br \/>\n<a href=\"https:\/\/www.tunisienumerique.com\/tunisie-nidaa-tounes-commence-ses-contacts-avec-les-partants-pour-les-faire-revenir-au-bercail\/\">Cliquez ici pour lire l&rsquo;article depuis sa source.<\/a><\/p>\n","protected":false},"excerpt":{"rendered":"<p>13 Partages Le membre de la commission de r\u00e9conciliation, r\u00e9cemment cr\u00e9\u00e9e au sein du parti Nidaa Tounes, Chaker Ayadi, a annonc\u00e9 que ladite commission a commenc\u00e9, d\u00e8s aujourd\u2019hui \u00e0 contacter tous les membres de Nidaa Tounes qui avaient quitt\u00e9 la direction du parti suite au congr\u00e8s de Sousse. Il a annonc\u00e9 que la commission a [&hellip;]<\/p>\n","protected":false},"author":1789,"featured_media":42825,"comment_status":"closed","ping_status":"closed","sticky":false,"template":"","format":"standard","meta":{"fifu_image_url":"","fifu_image_alt":"","footnotes":""},"categories":[73,55],"tags":[],"class_list":["post-42824","post","type-post","status-publish","format-standard","has-post-thumbnail","hentry","category-actualite","category-tunisie"],"_links":{"self":[{"href":"https:\/\/linitiative.ca\/International\/wp-json\/wp\/v2\/posts\/42824","targetHints":{"allow":["GET"]}}],"collection":[{"href":"https:\/\/linitiative.ca\/International\/wp-json\/wp\/v2\/posts"}],"about":[{"href":"https:\/\/linitiative.ca\/International\/wp-json\/wp\/v2\/types\/post"}],"author":[{"embeddable":true,"href":"https:\/\/linitiative.ca\/International\/wp-json\/wp\/v2\/users\/1789"}],"replies":[{"embeddable":true,"href":"https:\/\/linitiative.ca\/International\/wp-json\/wp\/v2\/comments?post=42824"}],"version-history":[{"count":0,"href":"https:\/\/linitiative.ca\/International\/wp-json\/wp\/v2\/posts\/42824\/revisions"}],"wp:featuredmedia":[{"embeddable":true,"href":"https:\/\/linitiative.ca\/International\/wp-json\/"}],"wp:attachment":[{"href":"https:\/\/linitiative.ca\/International\/wp-json\/wp\/v2\/media?parent=42824"}],"wp:term":[{"taxonomy":"category","embeddable":true,"href":"https:\/\/linitiative.ca\/International\/wp-json\/wp\/v2\/categories?post=42824"},{"taxonomy":"post_tag","embeddable":true,"href":"https:\/\/linitiative.ca\/International\/wp-json\/wp\/v2\/tags?post=42824"}],"curies":[{"name":"wp","href":"https:\/\/api.w.org\/{rel}","templated":true}]}}