{"id":42826,"date":"2019-06-26T16:14:52","date_gmt":"2019-06-26T20:14:52","guid":{"rendered":"https:\/\/linitiative.ca\/International\/tunisie-ennahdha-met-la-main-sur-lapal-et-lutilise-a-des-fins-electorales\/"},"modified":"2019-06-26T16:14:52","modified_gmt":"2019-06-26T20:14:52","slug":"tunisie-ennahdha-met-la-main-sur-lapal-et-lutilise-a-des-fins-electorales","status":"publish","type":"post","link":"https:\/\/linitiative.ca\/International\/tunisie-ennahdha-met-la-main-sur-lapal-et-lutilise-a-des-fins-electorales\/","title":{"rendered":"Tunisie \u2013 Ennahdha met la main sur l\u2019APAL et l\u2019utilise \u00e0 des fins \u00e9lectorales\u00a0?"},"content":{"rendered":"<div class=\"post-cont-in left relative\">\n<div class=\"swp_social_panel swp_horizontal_panel swp_flat_fresh swp_default_full_color swp_individual_full_color swp_other_full_color scale-100 scale-\" data-min-width=\"1100\" data-float-color=\"#ffffff\" data-float=\"none\" data-float-mobile=\"none\" data-transition=\"slide\">\n<div class=\"nc_tweetContainer swp_share_button total_shares total_sharesalt\"><span class=\"swp_count\">82 <span class=\"swp_label\">Partages<\/span><\/span><\/div>\n<\/div>\n<p>L\u2019Agence de Protection et d\u2019Am\u00e9nagement du Littoral (APAL) qui g\u00e8re le domaine public maritime, est, ces derniers jours, en pleine effervescence. En effet, la direction g\u00e9n\u00e9rale de l\u2019Agence a d\u00e9cid\u00e9 de proc\u00e9der \u00e0 une s\u00e9rie de mutations qui a int\u00e9ress\u00e9 un grand nombre de ses responsables r\u00e9gionaux. Et ce, juste \u00e0 la veille de la saison estivale, o\u00f9 l\u2019exploitation du littoral est la plus \u00ab\u00a0fructueuse\u00a0\u00bb.<\/p>\n<p>Des sources fiables au sein de l\u2019agence ont assur\u00e9 que toutes ces mutations intempestives sont l\u2019\u0153uvre de Besma Jebali, leader au sein d\u2019Ennahdha et secr\u00e9taire d\u2019Etat \u00e0 l\u2019environnement, qui se trouve \u00eatre, en m\u00eame temps, l\u2019\u00e9pouse du pr\u00e9sident du conseil municipal de Houmet Souk \u00e0 Djerba.<\/p>\n<div class=\"code-block code-block-1 c3\"><ins class=\"adsbygoogle c2\" data-ad-layout=\"in-article\" data-ad-format=\"fluid\" data-ad-client=\"ca-pub-2102118777505746\" data-ad-slot=\"7301775417\"\/> <\/div>\n<p>Le fond du probl\u00e8me est que l\u2019APAL, et sous les ordres de la secr\u00e9taire d\u2019Etat, a livr\u00e9 tout le littoral qui d\u00e9pend, normalement de sa juridiction, \u00e0 la gestion des municipalit\u00e9s et collectivit\u00e9s locales. Et, notamment, celles o\u00f9 Ennahdha a remport\u00e9 les \u00e9lections municipales.<\/p>\n<p>Les conseils municipaux, \u00e0 leur tour, ont accord\u00e9 des autorisations d\u2019exploitation du littoral \u00e0 des individus partisans de leur parti, ou int\u00e9ressants \u00e0 attirer pour gagner de nouveaux \u00e9lecteurs.<\/p>\n<p>R\u00e9sultat des courses, selon nos sources, les tunisiens vont trouver d\u2019\u00e9normes difficult\u00e9s pour acc\u00e9der \u00e0 la plage, vu que les municipalit\u00e9s ont donn\u00e9 le droit d\u2019exploitation de quasiment tout le littoral \u00e0 des priv\u00e9s, qui vont imposer des droits de passage et des droits de baignade.<\/p>\n<p>Cette affaire ayant rencontr\u00e9 de nombreuses r\u00e9ticences de la part des directeurs r\u00e9gionaux de l\u2019agence, le directeur g\u00e9n\u00e9ral n\u2019a eu aucune h\u00e9sitation \u00e0 les faire muter, et \u00e0 les remplacer par d\u2019autres cadres plus \u00ab\u00a0dociles\u00a0\u00bb, ou sympathisants du parti de Mme la secr\u00e9taire d\u2019Etat.<\/p>\n<p><img loading=\"lazy\" decoding=\"async\" class=\"aligncenter size-full wp-image-444138\" src=\"https:\/\/www.tunisienumerique.com\/wp-content\/uploads\/2019\/06\/apal1.jpg\" alt=\"\" width=\"600\" height=\"800\"\/><\/p>\n<p><img loading=\"lazy\" decoding=\"async\" class=\"aligncenter size-full wp-image-444139\" src=\"https:\/\/www.tunisienumerique.com\/wp-content\/uploads\/2019\/06\/apal2.jpg\" alt=\"\" width=\"600\" height=\"830\"\/><\/p>\n<div class=\"mvp-org-wrap mvp-org-logo\" itemprop=\"publisher\" itemscope=\"\" itemtype=\"https:\/\/schema.org\/Organization\"><img decoding=\"async\" src=\"https:\/\/www.tunisienumerique.com\/wp-content\/uploads\/2017\/02\/logo_tunisie_numerique.png\"\/><\/div>\n<div class=\"swp_social_panel swp_horizontal_panel swp_flat_fresh swp_default_full_color swp_individual_full_color swp_other_full_color scale-100 scale-\" data-min-width=\"1100\" data-float-color=\"#ffffff\" data-float=\"none\" data-float-mobile=\"none\" data-transition=\"slide\">\n<div class=\"nc_tweetContainer swp_share_button total_shares total_sharesalt\"><span class=\"swp_count\">82 <span class=\"swp_label\">Partages<\/span><\/span><\/div>\n<\/div>\n<div class=\"mvp-related-posts left relative\">\n<h4 class=\"post-header\"><span class=\"post-header\">Lire aussi<\/span><\/h4>\n<\/div>\n<\/div>\n<p>Auteur: LM<br \/>\n<a href=\"https:\/\/www.tunisienumerique.com\/tunisie-ennahdha-met-la-main-sur-lapal-et-lutilise-a-des-fins-electorales\/\">Cliquez ici pour lire l&rsquo;article depuis sa source.<\/a><\/p>\n","protected":false},"excerpt":{"rendered":"<p>82 Partages L\u2019Agence de Protection et d\u2019Am\u00e9nagement du Littoral (APAL) qui g\u00e8re le domaine public maritime, est, ces derniers jours, en pleine effervescence. En effet, la direction g\u00e9n\u00e9rale de l\u2019Agence a d\u00e9cid\u00e9 de proc\u00e9der \u00e0 une s\u00e9rie de mutations qui a int\u00e9ress\u00e9 un grand nombre de ses responsables r\u00e9gionaux. Et ce, juste \u00e0 la veille [&hellip;]<\/p>\n","protected":false},"author":1789,"featured_media":42827,"comment_status":"closed","ping_status":"closed","sticky":false,"template":"","format":"standard","meta":{"fifu_image_url":"","fifu_image_alt":"","footnotes":""},"categories":[73,55],"tags":[],"class_list":["post-42826","post","type-post","status-publish","format-standard","has-post-thumbnail","hentry","category-actualite","category-tunisie"],"_links":{"self":[{"href":"https:\/\/linitiative.ca\/International\/wp-json\/wp\/v2\/posts\/42826","targetHints":{"allow":["GET"]}}],"collection":[{"href":"https:\/\/linitiative.ca\/International\/wp-json\/wp\/v2\/posts"}],"about":[{"href":"https:\/\/linitiative.ca\/International\/wp-json\/wp\/v2\/types\/post"}],"author":[{"embeddable":true,"href":"https:\/\/linitiative.ca\/International\/wp-json\/wp\/v2\/users\/1789"}],"replies":[{"embeddable":true,"href":"https:\/\/linitiative.ca\/International\/wp-json\/wp\/v2\/comments?post=42826"}],"version-history":[{"count":0,"href":"https:\/\/linitiative.ca\/International\/wp-json\/wp\/v2\/posts\/42826\/revisions"}],"wp:featuredmedia":[{"embeddable":true,"href":"https:\/\/linitiative.ca\/International\/wp-json\/"}],"wp:attachment":[{"href":"https:\/\/linitiative.ca\/International\/wp-json\/wp\/v2\/media?parent=42826"}],"wp:term":[{"taxonomy":"category","embeddable":true,"href":"https:\/\/linitiative.ca\/International\/wp-json\/wp\/v2\/categories?post=42826"},{"taxonomy":"post_tag","embeddable":true,"href":"https:\/\/linitiative.ca\/International\/wp-json\/wp\/v2\/tags?post=42826"}],"curies":[{"name":"wp","href":"https:\/\/api.w.org\/{rel}","templated":true}]}}