{"id":42828,"date":"2019-06-26T16:31:00","date_gmt":"2019-06-26T20:31:00","guid":{"rendered":"https:\/\/linitiative.ca\/International\/tunisie-les-mesaventures-dun-citoyen-tunisien-avec-la-ctn\/"},"modified":"2019-06-26T16:31:00","modified_gmt":"2019-06-26T20:31:00","slug":"tunisie-les-mesaventures-dun-citoyen-tunisien-avec-la-ctn","status":"publish","type":"post","link":"https:\/\/linitiative.ca\/International\/tunisie-les-mesaventures-dun-citoyen-tunisien-avec-la-ctn\/","title":{"rendered":"Tunisie \u2013 Les m\u00e9saventures d\u2019un citoyen tunisien avec la CTN"},"content":{"rendered":"<div class=\"post-cont-in left relative\">\n<div class=\"swp_social_panel swp_horizontal_panel swp_flat_fresh swp_default_full_color swp_individual_full_color swp_other_full_color scale-100 scale-\" data-min-width=\"1100\" data-float-color=\"#ffffff\" data-float=\"none\" data-float-mobile=\"none\" data-transition=\"slide\">\n<div class=\"nc_tweetContainer swp_share_button total_shares total_sharesalt\"><span class=\"swp_count\">18 <span class=\"swp_label\">Partages<\/span><\/span><\/div>\n<\/div>\n<p>Un citoyen tunisien devant embarquer \u00e0 bord du ferry qui appareillait, cet apr\u00e8s midi vers Marseille, a appel\u00e9 la r\u00e9daction de TunisieNumerique pour raconter ses m\u00e9saventures avec la CTN.<\/p>\n<p>En effet, le Monsieur en question devait prendre place \u00e0 bord du Ferry, avec sa voiture qui \u00e9tait hors d\u2019\u00e9tat de circulation, ce qui l\u2019a pouss\u00e9 \u00e0 la mettre sur une remorqueuse. Et apr\u00e8s avoir enregistr\u00e9 son billet et celui de sa voiture, et accompli certaines formalit\u00e9s concernant l\u2019embarquement de la voiture sur une remorqueuse, notre ami, s\u2019est vu refuser l\u2019acc\u00e8s au bateau pour, soi-disant, avoir d\u00e9pass\u00e9 les d\u00e9lais d\u2019embarquement des v\u00e9hicules.<\/p>\n<div class=\"code-block code-block-1 c3\"><ins class=\"adsbygoogle c2\" data-ad-layout=\"in-article\" data-ad-format=\"fluid\" data-ad-client=\"ca-pub-2102118777505746\" data-ad-slot=\"7301775417\"\/> <\/div>\n<p>Il a beau insister, rien \u00e0 faire, il n\u2019a eu droit qu\u2019\u00e0 l\u2019indiff\u00e9rence totale et malveillante des agents de la compagnie, qui lui opposaient leur refus de le laisser embarquer, alors qu\u2019il avait accompli toutes les d\u00e9marches d\u2019enregistrement, et que les passagers n\u2019ont pas encore commenc\u00e9 \u00e0 embarquer.<\/p>\n<p>Le meilleur de l\u2019histoire, c\u2019est que ces messieurs de la CTN qui lui reprochaient son l\u00e9ger retard, si retard il y a, se permettent d\u2019accuser, eux, un retard de quatre heures, pour le d\u00e9part du Ferry en question, qui a appareill\u00e9 \u00e0 18H00 au lieu de 14H00, comme c\u2019\u00e9tait pr\u00e9vu.<\/p>\n<p>Et le passager en question a du rester \u00e0 quai, avec sa voiture hors service, tout en ayant, bien \u00e9videmment, perdu, \u00e0 jamais, le prix de ses billets.<\/p>\n<p>Esp\u00e9rons que cela lui servira de le\u00e7on, pour ses prochaines travers\u00e9es, pour qu\u2019il emprunte les Ferries des compagnies qui se respectent et qui respectent leurs clients.<\/p>\n<div class=\"mvp-org-wrap mvp-org-logo\" itemprop=\"publisher\" itemscope=\"\" itemtype=\"https:\/\/schema.org\/Organization\"><img decoding=\"async\" src=\"https:\/\/www.tunisienumerique.com\/wp-content\/uploads\/2017\/02\/logo_tunisie_numerique.png\"\/><\/div>\n<div class=\"swp_social_panel swp_horizontal_panel swp_flat_fresh swp_default_full_color swp_individual_full_color swp_other_full_color scale-100 scale-\" data-min-width=\"1100\" data-float-color=\"#ffffff\" data-float=\"none\" data-float-mobile=\"none\" data-transition=\"slide\">\n<div class=\"nc_tweetContainer swp_share_button total_shares total_sharesalt\"><span class=\"swp_count\">18 <span class=\"swp_label\">Partages<\/span><\/span><\/div>\n<\/div>\n<div class=\"mvp-related-posts left relative\">\n<h4 class=\"post-header\"><span class=\"post-header\">Lire aussi<\/span><\/h4>\n<\/div>\n<\/div>\n<p>Auteur: LM<br \/>\n<a href=\"https:\/\/www.tunisienumerique.com\/tunisie-les-mesaventures-dun-citoyen-tunisien-avec-la-ctn\/\">Cliquez ici pour lire l&rsquo;article depuis sa source.<\/a><\/p>\n","protected":false},"excerpt":{"rendered":"<p>18 Partages Un citoyen tunisien devant embarquer \u00e0 bord du ferry qui appareillait, cet apr\u00e8s midi vers Marseille, a appel\u00e9 la r\u00e9daction de TunisieNumerique pour raconter ses m\u00e9saventures avec la CTN. En effet, le Monsieur en question devait prendre place \u00e0 bord du Ferry, avec sa voiture qui \u00e9tait hors d\u2019\u00e9tat de circulation, ce qui [&hellip;]<\/p>\n","protected":false},"author":1789,"featured_media":42829,"comment_status":"closed","ping_status":"closed","sticky":false,"template":"","format":"standard","meta":{"fifu_image_url":"","fifu_image_alt":"","footnotes":""},"categories":[73,55],"tags":[],"class_list":["post-42828","post","type-post","status-publish","format-standard","has-post-thumbnail","hentry","category-actualite","category-tunisie"],"_links":{"self":[{"href":"https:\/\/linitiative.ca\/International\/wp-json\/wp\/v2\/posts\/42828","targetHints":{"allow":["GET"]}}],"collection":[{"href":"https:\/\/linitiative.ca\/International\/wp-json\/wp\/v2\/posts"}],"about":[{"href":"https:\/\/linitiative.ca\/International\/wp-json\/wp\/v2\/types\/post"}],"author":[{"embeddable":true,"href":"https:\/\/linitiative.ca\/International\/wp-json\/wp\/v2\/users\/1789"}],"replies":[{"embeddable":true,"href":"https:\/\/linitiative.ca\/International\/wp-json\/wp\/v2\/comments?post=42828"}],"version-history":[{"count":0,"href":"https:\/\/linitiative.ca\/International\/wp-json\/wp\/v2\/posts\/42828\/revisions"}],"wp:featuredmedia":[{"embeddable":true,"href":"https:\/\/linitiative.ca\/International\/wp-json\/"}],"wp:attachment":[{"href":"https:\/\/linitiative.ca\/International\/wp-json\/wp\/v2\/media?parent=42828"}],"wp:term":[{"taxonomy":"category","embeddable":true,"href":"https:\/\/linitiative.ca\/International\/wp-json\/wp\/v2\/categories?post=42828"},{"taxonomy":"post_tag","embeddable":true,"href":"https:\/\/linitiative.ca\/International\/wp-json\/wp\/v2\/tags?post=42828"}],"curies":[{"name":"wp","href":"https:\/\/api.w.org\/{rel}","templated":true}]}}