{"id":42830,"date":"2019-06-26T15:48:19","date_gmt":"2019-06-26T19:48:19","guid":{"rendered":"https:\/\/linitiative.ca\/International\/attaque-terroriste-en-pleine-can-en-egypte-un-pied-de-nez-a-al-sissi\/"},"modified":"2019-06-26T15:48:19","modified_gmt":"2019-06-26T19:48:19","slug":"attaque-terroriste-en-pleine-can-en-egypte-un-pied-de-nez-a-al-sissi","status":"publish","type":"post","link":"https:\/\/linitiative.ca\/International\/attaque-terroriste-en-pleine-can-en-egypte-un-pied-de-nez-a-al-sissi\/","title":{"rendered":"ATTAQUE TERRORISTE EN PLEINE CAN EN EGYPTE: Un pied de nez \u00e0 Al-Sissi"},"content":{"rendered":"<div class=\"stream-item stream-item-above-post-content\">\n<p><noscript><\/p>\n<p><a href=\"\/\/www3.smartadserver.com\/ac?jump=1&#038;nwid=2136&#038;siteid=240610&#038;pgname=rg&#038;fmtid=49046&#038;visit=m&#038;tmstp=[timestamp]&#038;out=nonrich\" target=\"_blank\" rel=\"noopener noreferrer\"><img decoding=\"async\" src=\"\/\/www3.smartadserver.com\/ac?out=nonrich&#038;nwid=2136&#038;siteid=240610&#038;pgname=rg&#038;fmtid=49046&#038;visit=m&#038;tmstp=[timestamp]\" border=\"0\" alt=\"\"\/><\/a><\/p>\n<p><\/noscript><\/div>\n<p class=\"c3\">Six policiers et un officier ont trouv\u00e9 la mort dans une attaque perp\u00e9tr\u00e9e le 25 juin dernier pr\u00e8s d\u2019Al-Arich, dans le nord du Sina\u00ef, en Egypte. Les assaillants ont vis\u00e9 un <em>\u00ab\u00a0Centre de rassemblement\u00a0\u00bb<\/em> de la Police \u00e9gyptienne, selon un communiqu\u00e9 du minist\u00e8re de l\u2019Int\u00e9rieur qui pr\u00e9cise que le Nord du Sina\u00ef est une r\u00e9gion isol\u00e9e o\u00f9 s\u00e9vit une insurrection djihadiste arm\u00e9e.<\/p>\n<p class=\"c3\">Certes, l\u2019Egypte, faut-il le rappeler, conna\u00eet des attaques terroristes meurtri\u00e8res comme par exemple, celle de novembre 2017, qui avait vis\u00e9 la grande mosqu\u00e9e du Caire, qui avait laiss\u00e9 plus de 300 cadavres sur le carreau. Mais cette nouvelle attaque a quelque chose de particulier en ce sens qu\u2019elle intervient en pleine Coupe d\u2019Afrique des nations (CAN) qui se joue au <em>pays des Pharaons<\/em>. Il est vrai que les stades o\u00f9 se jouent les matches de football sont plac\u00e9s sous tr\u00e8s haute s\u00e9curit\u00e9 et se trouvent \u00e0 bonne distance du Nord-Sina\u00ef, mais il reste que cette attaque provoquera, \u00e0 n\u2019en point douter, une psychose chez les diff\u00e9rentes d\u00e9l\u00e9gations \u00e9trang\u00e8res pr\u00e9sentes sur le sol \u00e9gyptien.<\/p>\n<p class=\"c3\">En tout cas, les terroristes voudraient troubler la f\u00eate du ballon rond, qu\u2019ils ne s\u2019y prendraient pas autrement.<\/p>\n<p class=\"c3\"><strong>Al-Sissi doit se secouer<\/strong><\/p>\n<p class=\"c3\"><strong>\u00a0<\/strong>Dans ces conditions, il ne serait pas surprenant que dans les jours \u00e0 venir, des matches se jouent avec des gradins vides, la peur s\u2019\u00e9tant empar\u00e9e des supporters. Or, ce sont ces derniers qui vont vivre les matches\u00a0; ce qui leur vaut l\u2019appellation bien connue de <em>\u00ab\u00a0douzi\u00e8me joueur\u00a0\u00bb<\/em> d\u2019une \u00e9quipe de football. En tout cas, c\u2019est un doigt d\u2019honneur que les terroristes viennent de faire au mar\u00e9chal Al-Sissi.<\/p>\n<p class=\"c3\">A lui de travailler \u00e0 relever le d\u00e9fi de la s\u00e9curit\u00e9 de sorte que la comp\u00e9tition se termine dans le calme et la s\u00e9r\u00e9nit\u00e9. Car, ce n\u2019est pas par hasard que l\u2019organisation de la CAN a \u00e9t\u00e9 confi\u00e9e \u00e0 l\u2019Egypte apr\u00e8s que les premiers responsables de la Conf\u00e9d\u00e9ration africaine de football (CAF) eurent jug\u00e9 le Cameroun incapable et cela, pour, entre autres raisons, manque d\u2019infrastructures d\u2019accueil, mais aussi et surtout, crise s\u00e9curitaire dans la r\u00e9gion anglophone.<\/p>\n<p class=\"c3\">Si, si, Al-Sissi doit se secouer d\u2019autant qu\u2019en plus de l\u2019honneur qui lui revient d\u2019abriter la CAN, il est le pr\u00e9sident en exercice de l\u2019Union africaine (UA) et cela pour une denr\u00e9e d\u2019un an. Du succ\u00e8s donc de l\u2019organisation de cette CAN, d\u00e9pendra sa renomm\u00e9e de militaire intraitable qui ne recule devant rien. On attend de voir.<\/p>\n<p class=\"c3\"><strong>\u00a0B.<\/strong><strong>O<\/strong><\/p>\n<p>Auteur: Le Pays<br \/>\n<a href=\"http:\/\/lepays.bf\/attaque-terroriste-en-pleine-can-en-egypte-un-pied-de-nez-a-al-sissi\/\">Cliquez ici pour lire l&rsquo;article depuis sa source.<\/a><\/p>\n","protected":false},"excerpt":{"rendered":"<p>Six policiers et un officier ont trouv\u00e9 la mort dans une attaque perp\u00e9tr\u00e9e le 25 juin dernier pr\u00e8s d\u2019Al-Arich, dans le nord du Sina\u00ef, en Egypte. Les assaillants ont vis\u00e9 un \u00ab\u00a0Centre de rassemblement\u00a0\u00bb de la Police \u00e9gyptienne, selon un communiqu\u00e9 du minist\u00e8re de l\u2019Int\u00e9rieur qui pr\u00e9cise que le Nord du Sina\u00ef est une r\u00e9gion [&hellip;]<\/p>\n","protected":false},"author":1813,"featured_media":0,"comment_status":"closed","ping_status":"closed","sticky":false,"template":"","format":"standard","meta":{"fifu_image_url":"","fifu_image_alt":"","footnotes":""},"categories":[73,81],"tags":[],"class_list":["post-42830","post","type-post","status-publish","format-standard","hentry","category-actualite","category-burkina-faso"],"_links":{"self":[{"href":"https:\/\/linitiative.ca\/International\/wp-json\/wp\/v2\/posts\/42830","targetHints":{"allow":["GET"]}}],"collection":[{"href":"https:\/\/linitiative.ca\/International\/wp-json\/wp\/v2\/posts"}],"about":[{"href":"https:\/\/linitiative.ca\/International\/wp-json\/wp\/v2\/types\/post"}],"author":[{"embeddable":true,"href":"https:\/\/linitiative.ca\/International\/wp-json\/wp\/v2\/users\/1813"}],"replies":[{"embeddable":true,"href":"https:\/\/linitiative.ca\/International\/wp-json\/wp\/v2\/comments?post=42830"}],"version-history":[{"count":0,"href":"https:\/\/linitiative.ca\/International\/wp-json\/wp\/v2\/posts\/42830\/revisions"}],"wp:attachment":[{"href":"https:\/\/linitiative.ca\/International\/wp-json\/wp\/v2\/media?parent=42830"}],"wp:term":[{"taxonomy":"category","embeddable":true,"href":"https:\/\/linitiative.ca\/International\/wp-json\/wp\/v2\/categories?post=42830"},{"taxonomy":"post_tag","embeddable":true,"href":"https:\/\/linitiative.ca\/International\/wp-json\/wp\/v2\/tags?post=42830"}],"curies":[{"name":"wp","href":"https:\/\/api.w.org\/{rel}","templated":true}]}}