{"id":42835,"date":"2019-06-26T13:34:45","date_gmt":"2019-06-26T17:34:45","guid":{"rendered":"https:\/\/linitiative.ca\/International\/planification-familiale-en-afrique-de-louest-des-journalistes-simpregnent-de-lapproche-du-senegal\/"},"modified":"2019-06-26T13:34:45","modified_gmt":"2019-06-26T17:34:45","slug":"planification-familiale-en-afrique-de-louest-des-journalistes-simpregnent-de-lapproche-du-senegal","status":"publish","type":"post","link":"https:\/\/linitiative.ca\/International\/planification-familiale-en-afrique-de-louest-des-journalistes-simpregnent-de-lapproche-du-senegal\/","title":{"rendered":"Planification familiale en Afrique de l\u2019Ouest:  Des journalistes s\u2019impr\u00e8gnent de l\u2019approche du S\u00e9n\u00e9gal"},"content":{"rendered":"<div class=\"td-post-featured-image\"><a href=\"https:\/\/i1.wp.com\/www.sidwaya.info\/wp-content\/uploads\/2019\/06\/4-.jpg?fit=730%2C423&#038;ssl=1\" data-caption=\"\"><img loading=\"lazy\" decoding=\"async\" width=\"696\" height=\"403\" class=\"entry-thumb td-modal-image\" src=\"https:\/\/i1.wp.com\/www.sidwaya.info\/wp-content\/uploads\/2019\/06\/4-.jpg?resize=696%2C403&#038;ssl=1\" srcset=\"https:\/\/i1.wp.com\/www.sidwaya.info\/wp-content\/uploads\/2019\/06\/4-.jpg?w=730&#038;ssl=1 730w, https:\/\/i1.wp.com\/www.sidwaya.info\/wp-content\/uploads\/2019\/06\/4-.jpg?resize=300%2C174&#038;ssl=1 300w, https:\/\/i1.wp.com\/www.sidwaya.info\/wp-content\/uploads\/2019\/06\/4-.jpg?resize=696%2C403&#038;ssl=1 696w, https:\/\/i1.wp.com\/www.sidwaya.info\/wp-content\/uploads\/2019\/06\/4-.jpg?resize=725%2C420&#038;ssl=1 725w\" sizes=\"auto, (max-width: 696px) 100vw, 696px\" alt=\"\" title=\"4-\"\/><\/a><\/div>\n<p><strong>L\u2019organisation Population r\u00e9f\u00e9rence bureau\u00a0(PRB) a organis\u00e9, du 17 au 21 juin 2019 \u00e0 Dakar au S\u00e9n\u00e9gal, un atelier de formation sur le r\u00f4le des leaders religieux dans\u00a0la promotion de la sant\u00e9 de la reproduction et du bien-\u00eatre des femmes et de la famille au profit de 12 journalistes de l\u2019Afrique de l\u2019Ouest.<\/strong><\/p>\n<p><strong>\u00a0<\/strong>L\u2019organisation Population r\u00e9f\u00e9rence Bureau\u00a0(PRB) a convi\u00e9 12 femmes journalistes pour participer\u00a0 au programme de formation d\u00e9nomm\u00e9\u00a0:\u00a0\u00ab\u00a0<em>women\u2019s edition\u00a0 2019<\/em>\u00a0\u00bb. Il\u00a0 porte sur le r\u00f4le des leaders religieux dans la promotion de la planification familiale. A cet effet, un premier atelier a \u00e9t\u00e9 organis\u00e9, du 17 au 21 juin 2019, \u00e0 Dakar au profit de ces journalistes. Venues du Burkina Faso, du Mali, du Togo, du Benin, de la Guin\u00e9e, du Niger et du S\u00e9n\u00e9gal, elles ont \u00e9t\u00e9 outill\u00e9es sur\u00a0 la probl\u00e9matique de l\u2019implication des religieux sur les questions de sant\u00e9 de la reproduction, notamment sur celles ayant trait \u00e0 l\u2019espacement des naissances pour le bien-\u00eatre \u00e9conomique et social.\u00a0Ainsi, \u00e0 travers des \u00e9changes directs avec les leaders religieux, elles ont \u00e9t\u00e9 impr\u00e9gn\u00e9es sur l\u2019approche du S\u00e9n\u00e9gal. Selon\u00a0le charg\u00e9 du suivi des partenariats \u00e0 la Direction de la sant\u00e9 de la m\u00e8re et de l\u2019enfant (DSME), Massamba Sall, les guides religieux constituent les moyens de communication les plus efficaces pour une compr\u00e9hension commune de la probl\u00e9matique de la sant\u00e9 de la reproduction. \u00ab\u00a0<em>Pour l\u2019atteinte des objectifs du minist\u00e8re de la Sant\u00e9, il \u00e9tait \u00a0n\u00e9cessaire de leur impliquer en tant que r\u00e9f\u00e9rence dans la prise de d\u00e9cision des populations\u00a0<\/em>\u00bb, a-t-il soulign\u00e9. Ainsi, au cours de ces cinq jours de formation, les participantes ont pu \u00e9changer avec le pr\u00e9sident du Cadre des religieux pour la Sant\u00e9 et le d\u00e9veloppement (CRSD), Seringne Saliou Mback\u00e9, le pasteur de l\u2019\u00e9glise luth\u00e9rienne du S\u00e9n\u00e9gal, Adama Faye et une visite terrain \u00e0 la clinique <em>\u00ab\u00a0Ya-Sin<\/em>\u00a0\u00bb, de la\u00a0 sage-femme d\u2019Etat, Rokhaya Thiam, pr\u00e9sidente d\u2019une f\u00e9d\u00e9ration d\u2019associations religieuses. Pour le pr\u00e9sident du CRSD de la\u00a0 campagne de sensibilisation, le discours est destin\u00e9 aux couples mari\u00e9s dans le respect des normes socio-culturelles. <em>\u00ab\u00a0<\/em><em>Cr\u00e9\u00e9 en\u00a0 2014, le cadre<\/em> <em>\u00a0dispose d\u2019un outil multim\u00e9dia\u00a0de plaidoyer intitul\u00e9 \u00ab\u00a0Le S\u00e9n\u00e9gal s\u2019engages, produit par les religieux et les agents de sant\u00e9 avec un argumentaire islamique ainsi que\u00a0 des donn\u00e9es techniques pour faire passer les messages en faveur de l\u2019espacement des naissances<\/em>\u00a0\u00bb, a-t-il expliqu\u00e9.<\/p>\n<p><strong>Un taux \u00e0 la hausse<\/strong><\/p>\n<p>A l\u2019entendre, des pr\u00eaches sont faits dans les mosqu\u00e9es\u00a0 en plus des causeries organis\u00e9es dans les\u00a0 quartiers et les diff\u00e9rentes localit\u00e9s. Pour mieux toucher la population, des agents communautaires appel\u00e9s\u00a0 commun\u00e9ment les\u00a0 marraines de quartier ( ou <em>baj\u00e9nou gokh en wolof<\/em>) ont \u00e9t\u00e9 form\u00e9es. Aujourd\u2019hui, \u00a0ce r\u00e9seau communautaire, de fa\u00e7on b\u00e9n\u00e9vole, est tr\u00e8s actif au S\u00e9n\u00e9gal. Selon le pr\u00e9sident du CRSD, \u00a0\u00e0 ce jour,\u00a0 205 marraines ont \u00e9t\u00e9\u00a0\u00a0 form\u00e9es.\u00a0<em>\u00ab\u00a0 Cela a permis de \u00a0toucher pr\u00e8s de 49 998 personnes\u00a0<\/em>\u00bb, a-t-il ajout\u00e9. Et M. Sall de poursuivre que cela a permis de rehausser le taux de pr\u00e9valence de l\u2019utilisation des m\u00e9thodes contraceptives qui \u00e9tait de 12% en 2012. \u00ab\u00a0<em>Il est pass\u00e9\u00a0 de\u00a0 26% en 2019<\/em>\u00a0\u00bb, a-t-il pr\u00e9cis\u00e9. \u00a0La sage-femme d\u2019Etat, Rokhaya Thiam, par ailleurs, pr\u00e9sidente d\u2019une f\u00e9d\u00e9ration d\u2019associations religieuses et responsable d\u2019une clinique priv\u00e9e, note que la demande en mati\u00e8re de planification familiale est devenue de plus en plus forte dans les centres de sant\u00e9. \u00ab <em>Auparavant, c\u2019\u00e9tait surtout les femmes chr\u00e9tiennes qui fr\u00e9quentaient les centres. Mais aujourd\u2019hui, la tendance est \u00e0 la hausse chez les femmes musulmanes. Et la m\u00e9thode la plus utilis\u00e9e est l\u2019implant qui co\u00fbte 3 000 F CFA en clinique et 1 000 au centre de sant\u00e9 public\u00a0<\/em>\u00bb, a confi\u00e9 Mme Thiam. De son avis, malgr\u00e9 ces r\u00e9sultats jug\u00e9s probants, il subsiste toujours des poches de r\u00e9sistance qui ne partagent pas toujours le message \u00a0sur le bien-fond\u00e9 de l\u2019espacement des naissances, d\u2019o\u00f9 la volont\u00e9\u00a0 de la direction d\u2019impliquer en amont les religieux dans la conception des programmes et politiques pour mieux promouvoir ces questions aupr\u00e8s de leurs pairs. S\u2019inspirant de\u00a0 l\u2019approche du S\u00e9n\u00e9gal, la formatrice Victoria Ebin a invit\u00e9 les journalistes \u00e0 faire des productions sur la th\u00e9matique dans leur pays respectif. Premi\u00e8re du genre dans les pays francophones, ce programme <em>\u00ab\u00a0women\u2019s Edition\u00a02019\u00a0<\/em>\u00bb a \u00e9t\u00e9 exp\u00e9riment\u00e9 en Afrique anglophone.<\/p>\n<p><strong>Fleur BIRBA<\/strong><\/p>\n<p><a href=\"mailto:fleurbirba@gmail.com\"><strong>fleurbirba@gmail.com<\/strong><\/a><\/p>\n<p><strong>\u00a0<\/strong><\/p>\n<div class=\"td-a-rec td-a-rec-id-content_bottom td_uid_30_5d13e729bf8e7_rand td_block_template_1\"><img loading=\"lazy\" decoding=\"async\" class=\"aligncenter size-full wp-image-9623\" src=\"https:\/\/www.sidwaya.info\/wp-content\/uploads\/2019\/06\/Projet-bannie%CC%80re-Orange-mobile.jpg\" alt=\"\" width=\"728\" height=\"81\"\/><\/div>\n<p>Auteur: BS. Sidwaya<br \/>\n<a href=\"https:\/\/www.sidwaya.info\/blog\/2019\/06\/26\/planification-familiale-en-afrique-de-louest-des-journalistes-simpregnent-de-lapproche-du-senegal\/\">Cliquez ici pour lire l&rsquo;article depuis sa source.<\/a><\/p>\n","protected":false},"excerpt":{"rendered":"<p>L\u2019organisation Population r\u00e9f\u00e9rence bureau\u00a0(PRB) a organis\u00e9, du 17 au 21 juin 2019 \u00e0 Dakar au S\u00e9n\u00e9gal, un atelier de formation sur le r\u00f4le des leaders religieux dans\u00a0la promotion de la sant\u00e9 de la reproduction et du bien-\u00eatre des femmes et de la famille au profit de 12 journalistes de l\u2019Afrique de l\u2019Ouest. \u00a0L\u2019organisation Population r\u00e9f\u00e9rence [&hellip;]<\/p>\n","protected":false},"author":1816,"featured_media":0,"comment_status":"closed","ping_status":"closed","sticky":false,"template":"","format":"standard","meta":{"fifu_image_url":"","fifu_image_alt":"","footnotes":""},"categories":[73,81],"tags":[],"class_list":["post-42835","post","type-post","status-publish","format-standard","hentry","category-actualite","category-burkina-faso"],"_links":{"self":[{"href":"https:\/\/linitiative.ca\/International\/wp-json\/wp\/v2\/posts\/42835","targetHints":{"allow":["GET"]}}],"collection":[{"href":"https:\/\/linitiative.ca\/International\/wp-json\/wp\/v2\/posts"}],"about":[{"href":"https:\/\/linitiative.ca\/International\/wp-json\/wp\/v2\/types\/post"}],"author":[{"embeddable":true,"href":"https:\/\/linitiative.ca\/International\/wp-json\/wp\/v2\/users\/1816"}],"replies":[{"embeddable":true,"href":"https:\/\/linitiative.ca\/International\/wp-json\/wp\/v2\/comments?post=42835"}],"version-history":[{"count":0,"href":"https:\/\/linitiative.ca\/International\/wp-json\/wp\/v2\/posts\/42835\/revisions"}],"wp:attachment":[{"href":"https:\/\/linitiative.ca\/International\/wp-json\/wp\/v2\/media?parent=42835"}],"wp:term":[{"taxonomy":"category","embeddable":true,"href":"https:\/\/linitiative.ca\/International\/wp-json\/wp\/v2\/categories?post=42835"},{"taxonomy":"post_tag","embeddable":true,"href":"https:\/\/linitiative.ca\/International\/wp-json\/wp\/v2\/tags?post=42835"}],"curies":[{"name":"wp","href":"https:\/\/api.w.org\/{rel}","templated":true}]}}