{"id":42838,"date":"2019-06-26T13:50:01","date_gmt":"2019-06-26T17:50:01","guid":{"rendered":"https:\/\/linitiative.ca\/International\/elizabeth-warren-en-vedette-du-premier-debat-democrate-pour-la-maison-blanche\/"},"modified":"2019-06-26T13:50:01","modified_gmt":"2019-06-26T17:50:01","slug":"elizabeth-warren-en-vedette-du-premier-debat-democrate-pour-la-maison-blanche","status":"publish","type":"post","link":"https:\/\/linitiative.ca\/International\/elizabeth-warren-en-vedette-du-premier-debat-democrate-pour-la-maison-blanche\/","title":{"rendered":"Elizabeth Warren en vedette du premier d\u00e9bat d\u00e9mocrate pour la Maison Blanche"},"content":{"rendered":"<div readability=\"32\">\n<p>Publi\u00e9 le 26.06.2019 \u00e0 18h50 par AFP<\/p>\n<\/div>\n<div readability=\"143\">\n<p>Dix candidats d\u00e9mocrates \u00e0 la Maison Blanche s\u2019affrontent mercredi soir pour le premier d\u2019une s\u00e9rie de d\u00e9bats pouvant red\u00e9finir la course, avec en t\u00eate d\u2019affiche du premier acte la s\u00e9natrice Elizabeth Warren qui voit dans son programme progressiste la meilleure fa\u00e7on de battre Donald Trump en 2020.<\/p>\n<p>Port\u00e9e par de bons sondages qui l\u2019ont propuls\u00e9e en troisi\u00e8me place des pr\u00e9tendants \u00e0 l\u2019investiture d\u00e9mocrate, la s\u00e9natrice pourfendeuse de Wall Street, \u00e2g\u00e9e de 70 ans, devance de loin les autres candidats qui partageront le plateau avec elle \u00e0 Miami, en Floride, un Etat cl\u00e9 dans les \u00e9lections am\u00e9ricaines.<\/p>\n<p>L\u2019affiche du deuxi\u00e8me d\u00e9bat, jeudi soir, sera plus relev\u00e9e avec les deux premiers dans les sondages \u2013l\u2019ancien vice-pr\u00e9sident centriste Joe Biden et le socialiste Bernie Sanders\u2013 ainsi que deux autres candidats prometteurs du peloton de t\u00eate, Kamala Harris et Pete Buttigieg.<\/p>\n<p>Le pr\u00e9sident r\u00e9publicain s\u2019est dit peu impressionn\u00e9 par cette programmation, en soulignant que le premier d\u00e9bat serait diffus\u00e9 pendant qu\u2019il volerait vers le Japon pour un sommet du G20.<\/p>\n<p>\u00ab\u00a0Je serai dans un avion, et cela me semble juste tr\u00e8s ennuyeux mais je vais le regarder parce que je suis oblig\u00e9\u00a0\u00bb, a d\u00e9clar\u00e9 mercredi Donald Trump dans un entretien avec Fox Business.<\/p>\n<p>\u00ab\u00a0C\u2019est un groupe vraiment peu enthousiasmant\u00a0\u00bb, a-t-il insist\u00e9, alors qu\u2019un sondage le donnait la semaine derni\u00e8re perdant en Floride face \u00e0 plusieurs d\u00e9mocrates engag\u00e9s dans la primaire, Joe Biden en t\u00eate.<\/p>\n<p>\u00ab\u00a0Biden est une \u00e2me perdue. Je crois qu\u2019il ne sait pas o\u00f9 il en est. Il change d\u2019opinion rapidement\u00a0\u00bb, a-t-il lanc\u00e9, en semblant balayer les sondages qui donnent l\u2019avantage \u00e0 l\u2019ancien vice-pr\u00e9sident de Barack Obama.<\/p>\n<p>Toute la journ\u00e9e \u00e0 Miami, les supporteurs des vingt candidats s\u00e9lectionn\u00e9s \u2013sur un nombre record de candidats\u2013 se retrouvent autour de d\u00e9bats et de f\u00eates populaires dans cette ville \u00e0 tr\u00e8s forte population hispanique.<\/p>\n<p>Mais alors que les Etats-Unis font face \u00e0 un fort afflux de migrants clandestins, c\u2019est le scandale autour des centres de r\u00e9tention qui est pass\u00e9 au premier plan, apr\u00e8s les r\u00e9v\u00e9lations d\u2019une ONG sur les conditions de vie sordides de 300 jeunes migrants au Texas.<\/p>\n<p>Casquette viss\u00e9e sur le t\u00eate, Elizabeth Warren est all\u00e9e visiter \u00e0 la mi-journ\u00e9e un centre priv\u00e9 de r\u00e9tention pour mineurs, \u00e0 Homestead pr\u00e8s de Miami.<\/p>\n<p>Guid\u00e9e par une fillette, devant de nombreuses cam\u00e9ras, la s\u00e9natrice est mont\u00e9e sur un escabeau pour apercevoir les tentes blanches o\u00f9 ils sont log\u00e9s.<\/p>\n<p>\u00ab\u00a0Nous vous aimons\u00a0\u00bb, ont cri\u00e9 en espagnol des militants qui veulent faire fermer le centre, en direction des mineurs \u00e0 l\u2019int\u00e9rieur que la s\u00e9natrice semblait saluer de la main.<\/p>\n<p>\u00ab\u00a0J\u2019esp\u00e8re que nous en parlerons lors du d\u00e9bat ce soir\u00a0\u00bb, a d\u00e9clar\u00e9 Mme Warren. \u00ab\u00a0Ce qui est en train de se passer \u00e0 cause du gouvernement am\u00e9ricain est intol\u00e9rable. Cela salit notre pays et nous devons le d\u00e9noncer\u00a0\u00bb.<\/p>\n<p>\u2013 Pression sur les petits candidats \u2013<\/p>\n<p>Malgr\u00e9 sa pole position, les autres candidats qui partageront avec elle le plateau \u00e0 partir de 21H00 (01H00 GMT jeudi), pour deux heures de d\u00e9bat, vont sans doute tout tenter pour se faire remarquer.<\/p>\n<p>Notamment trois noms dont les intentions de vote stagnent \u00e0 moins de 4% malgr\u00e9 les grandes attentes lorsqu\u2019ils avaient lanc\u00e9 leur candidature: l\u2019ex-\u00e9lu de la Chambre des repr\u00e9sentants Beto O\u2019Rourke, le s\u00e9nateur et excellent orateur Cory Booker ainsi que la s\u00e9natrice centriste et ex-procureure Amy Klobuchar.<\/p>\n<p>Le maire de New York Bill De Blasio, proche de z\u00e9ro dans les sondages, devrait aussi tenter de percer, tout comme l\u2019ex-ministre de Barack Obama Julian Castro, qui r\u00eave de devenir le premier pr\u00e9sident hispanique des Etats-Unis.<\/p>\n<p>Les candidats auront chacun moins de dix minutes en moyenne pour imprimer leur marque.<\/p>\n<p>Et \u00ab\u00a0la premi\u00e8re soir\u00e9e risque d\u2019\u00eatre oubli\u00e9e d\u00e8s que les grands noms arriveront\u00a0\u00bb jeudi soir, estime Kyle Kondik, politologue \u00e0 l\u2019universit\u00e9 de Virginie.<\/p>\n<p>Il est encore tr\u00e8s t\u00f4t dans cette campagne \u2013le premier vote des primaires aura lieu en f\u00e9vrier\u2013, rappelle-t-il, mais \u00ab\u00a0les petits candidats doivent se bouger\u00a0\u00bb lors de ces d\u00e9bats, sous peine de voir leurs financements s\u2019ass\u00e9cher rapidement.<\/p>\n<\/div>\n<p>Auteur: AFP<br \/>\n<a href=\"https:\/\/www.journalducameroun.com\/elizabeth-warren-en-vedette-du-premier-debat-democrate-pour-la-maison-blanche\/\">Cliquez ici pour lire l&rsquo;article depuis sa source.<\/a><\/p>\n","protected":false},"excerpt":{"rendered":"<p>Publi\u00e9 le 26.06.2019 \u00e0 18h50 par AFP Dix candidats d\u00e9mocrates \u00e0 la Maison Blanche s\u2019affrontent mercredi soir pour le premier d\u2019une s\u00e9rie de d\u00e9bats pouvant red\u00e9finir la course, avec en t\u00eate d\u2019affiche du premier acte la s\u00e9natrice Elizabeth Warren qui voit dans son programme progressiste la meilleure fa\u00e7on de battre Donald Trump en 2020. Port\u00e9e [&hellip;]<\/p>\n","protected":false},"author":1965,"featured_media":0,"comment_status":"closed","ping_status":"closed","sticky":false,"template":"","format":"standard","meta":{"fifu_image_url":"","fifu_image_alt":"","footnotes":""},"categories":[73,82],"tags":[],"class_list":["post-42838","post","type-post","status-publish","format-standard","hentry","category-actualite","category-cameroun"],"_links":{"self":[{"href":"https:\/\/linitiative.ca\/International\/wp-json\/wp\/v2\/posts\/42838","targetHints":{"allow":["GET"]}}],"collection":[{"href":"https:\/\/linitiative.ca\/International\/wp-json\/wp\/v2\/posts"}],"about":[{"href":"https:\/\/linitiative.ca\/International\/wp-json\/wp\/v2\/types\/post"}],"author":[{"embeddable":true,"href":"https:\/\/linitiative.ca\/International\/wp-json\/wp\/v2\/users\/1965"}],"replies":[{"embeddable":true,"href":"https:\/\/linitiative.ca\/International\/wp-json\/wp\/v2\/comments?post=42838"}],"version-history":[{"count":0,"href":"https:\/\/linitiative.ca\/International\/wp-json\/wp\/v2\/posts\/42838\/revisions"}],"wp:attachment":[{"href":"https:\/\/linitiative.ca\/International\/wp-json\/wp\/v2\/media?parent=42838"}],"wp:term":[{"taxonomy":"category","embeddable":true,"href":"https:\/\/linitiative.ca\/International\/wp-json\/wp\/v2\/categories?post=42838"},{"taxonomy":"post_tag","embeddable":true,"href":"https:\/\/linitiative.ca\/International\/wp-json\/wp\/v2\/tags?post=42838"}],"curies":[{"name":"wp","href":"https:\/\/api.w.org\/{rel}","templated":true}]}}