{"id":42839,"date":"2019-06-26T13:50:03","date_gmt":"2019-06-26T17:50:03","guid":{"rendered":"https:\/\/linitiative.ca\/International\/israel-lex-premier-ministre-ehud-barak-fonde-un-nouveau-parti\/"},"modified":"2019-06-26T13:50:03","modified_gmt":"2019-06-26T17:50:03","slug":"israel-lex-premier-ministre-ehud-barak-fonde-un-nouveau-parti","status":"publish","type":"post","link":"https:\/\/linitiative.ca\/International\/israel-lex-premier-ministre-ehud-barak-fonde-un-nouveau-parti\/","title":{"rendered":"Isra\u00ebl: l\u2019ex-Premier ministre Ehud Barak fonde un nouveau parti"},"content":{"rendered":"<div readability=\"32\">\n<p>Publi\u00e9 le 26.06.2019 \u00e0 18h50 par AFP<\/p>\n<\/div>\n<div readability=\"89\">\n<p>L\u2019ex-Premier ministre isra\u00e9lien Ehud Barak, a annonc\u00e9 mercredi la cr\u00e9ation d\u2019un nouveau parti qui se pr\u00e9sentera aux l\u00e9gislatives du 17 septembre afin de \u00ab\u00a0mettre fin au pouvoir de Netanyahu\u00a0\u00bb.<\/p>\n<p>Ehud Barak, 77 ans, avait succ\u00e9d\u00e9 en 1999 \u00e0 Benjamin Netanyahu avant de se retirer de la vie politique en 2013.<\/p>\n<p>\u00ab\u00a0Nous cr\u00e9ons un nouveau parti pour mettre fin au pouvoir de Netanyahu\u00a0\u00bb, a d\u00e9clar\u00e9 M. Barak lors d\u2019une conf\u00e9rence de presse \u00e0 Tel-Aviv. Le nom de cette formation sera r\u00e9v\u00e9l\u00e9e dans \u00ab\u00a0deux semaines\u00a0\u00bb lors de son lancement officiel, selon lui.<\/p>\n<p>Ancien chef d\u2019\u00e9tat-major de l\u2019arm\u00e9e isra\u00e9lienne, M. Barak a \u00e9t\u00e9 ministre de la D\u00e9fense au sein du gouvernement de Netanyahu entre 2007 et 2013.<\/p>\n<p>\u00ab\u00a0Je te connais depuis 50 ans\u2026c\u2019est la fin de la route pour toi\u00a0\u00bb, a d\u00e9clar\u00e9 M. Barak s\u2019adressant directement au Premier ministre qu\u2019il a command\u00e9 dans les ann\u00e9es 70 au sein d\u2019une unit\u00e9 d\u2019\u00e9lite de l\u2019arm\u00e9e.<\/p>\n<p>D\u00e9non\u00e7ant les pratiques \u00ab\u00a0corrompues\u00a0\u00bb de M. Netanyahu, Ehud Barak a affirm\u00e9 qu\u2019Isra\u00ebl n\u2019avait \u00ab\u00a0jamais connu de jours aussi sombres\u00a0\u00bb.<\/p>\n<p>Benjamin Netanyahu, 69 ans dont 13 ann\u00e9es au pouvoir, doit \u00eatre entendu par le procureur de l\u2019Etat pour r\u00e9pondre d\u2019accusations de \u00ab\u00a0corruption\u00a0\u00bb, \u00ab\u00a0fraude\u00a0\u00bb et \u00ab\u00a0abus de confiance\u00a0\u00bb dans trois affaires.<\/p>\n<p>Ayant \u00e9chou\u00e9 dans ses efforts pour former une coalition de gouvernement apr\u00e8s les l\u00e9gislatives anticip\u00e9es du 9 avril, il a pr\u00e9f\u00e9r\u00e9 provoquer de nouvelles \u00e9lections, fix\u00e9es au 17 septembre prochain.<\/p>\n<p>Le pr\u00e9sident de la Knesset (Parlement) Yuli Edelstein a d\u00e9clar\u00e9 mardi examiner la possibilit\u00e9 d\u2019annuler ce scrutin, une proposition salu\u00e9e par le Premier ministre.<\/p>\n<p>\u00ab\u00a0J\u2019estime les efforts de M. Edelstein pour tenter de vouloir \u00e9viter des nouvelles \u00e9lections\u00a0\u00bb, a r\u00e9agi M. Netanyahu mercredi sur sa page Facebook.<\/p>\n<p>Son principal adversaire, l\u2019ancien chef d\u2019\u00e9tat-major Benny Gantz, \u00e0 la t\u00eate de la liste centriste \u00ab\u00a0Bleu-Blanc\u00a0\u00bb (35 si\u00e8ges sur 120), a d\u00e9clar\u00e9 mercredi lors d\u2019une conf\u00e9rence de presse qu&rsquo;\u00a0\u00bbil n\u2019y avait pas de retour en arri\u00e8re\u00a0\u00bb tout en assurant que si c\u2019\u00e9tait possible, il aurait accept\u00e9 de si\u00e9ger dans un gouvernement d\u2019union nationale \u00ab\u00a0sans Netanyahu\u00a0\u00bb.<\/p>\n<\/div>\n<p>Auteur: AFP<br \/>\n<a href=\"https:\/\/www.journalducameroun.com\/israel-lex-premier-ministre-ehud-barak-fonde-un-nouveau-parti\/\">Cliquez ici pour lire l&rsquo;article depuis sa source.<\/a><\/p>\n","protected":false},"excerpt":{"rendered":"<p>Publi\u00e9 le 26.06.2019 \u00e0 18h50 par AFP L\u2019ex-Premier ministre isra\u00e9lien Ehud Barak, a annonc\u00e9 mercredi la cr\u00e9ation d\u2019un nouveau parti qui se pr\u00e9sentera aux l\u00e9gislatives du 17 septembre afin de \u00ab\u00a0mettre fin au pouvoir de Netanyahu\u00a0\u00bb. Ehud Barak, 77 ans, avait succ\u00e9d\u00e9 en 1999 \u00e0 Benjamin Netanyahu avant de se retirer de la vie politique [&hellip;]<\/p>\n","protected":false},"author":1965,"featured_media":0,"comment_status":"closed","ping_status":"closed","sticky":false,"template":"","format":"standard","meta":{"fifu_image_url":"","fifu_image_alt":"","footnotes":""},"categories":[73,82],"tags":[],"class_list":["post-42839","post","type-post","status-publish","format-standard","hentry","category-actualite","category-cameroun"],"_links":{"self":[{"href":"https:\/\/linitiative.ca\/International\/wp-json\/wp\/v2\/posts\/42839","targetHints":{"allow":["GET"]}}],"collection":[{"href":"https:\/\/linitiative.ca\/International\/wp-json\/wp\/v2\/posts"}],"about":[{"href":"https:\/\/linitiative.ca\/International\/wp-json\/wp\/v2\/types\/post"}],"author":[{"embeddable":true,"href":"https:\/\/linitiative.ca\/International\/wp-json\/wp\/v2\/users\/1965"}],"replies":[{"embeddable":true,"href":"https:\/\/linitiative.ca\/International\/wp-json\/wp\/v2\/comments?post=42839"}],"version-history":[{"count":0,"href":"https:\/\/linitiative.ca\/International\/wp-json\/wp\/v2\/posts\/42839\/revisions"}],"wp:attachment":[{"href":"https:\/\/linitiative.ca\/International\/wp-json\/wp\/v2\/media?parent=42839"}],"wp:term":[{"taxonomy":"category","embeddable":true,"href":"https:\/\/linitiative.ca\/International\/wp-json\/wp\/v2\/categories?post=42839"},{"taxonomy":"post_tag","embeddable":true,"href":"https:\/\/linitiative.ca\/International\/wp-json\/wp\/v2\/tags?post=42839"}],"curies":[{"name":"wp","href":"https:\/\/api.w.org\/{rel}","templated":true}]}}