{"id":42840,"date":"2019-06-26T14:50:01","date_gmt":"2019-06-26T18:50:01","guid":{"rendered":"https:\/\/linitiative.ca\/International\/mauritanie-lopposition-denonce-un-etat-de-siege\/"},"modified":"2019-06-26T14:50:01","modified_gmt":"2019-06-26T18:50:01","slug":"mauritanie-lopposition-denonce-un-etat-de-siege","status":"publish","type":"post","link":"https:\/\/linitiative.ca\/International\/mauritanie-lopposition-denonce-un-etat-de-siege\/","title":{"rendered":"Mauritanie: l\u2019opposition d\u00e9nonce un \u00ab\u00a0\u00e9tat de si\u00e8ge\u00a0\u00bb"},"content":{"rendered":"<div readability=\"32\">\n<p>Publi\u00e9 le 26.06.2019 \u00e0 19h50 par AFP<\/p>\n<\/div>\n<div readability=\"154\">\n<p>Les quatre candidats de l\u2019opposition contestant la victoire \u00e0 la pr\u00e9sidentielle en Mauritanie de l\u2019ancien chef d\u2019\u00e9tat-major ont accus\u00e9 mercredi le pouvoir d\u2019imposer un \u00ab\u00a0\u00e9tat de si\u00e8ge de fait\u00a0\u00bb et de dresser les communaut\u00e9s \u00ab\u00a0les unes contre les autres\u00a0\u00bb pour couvrir son \u00ab\u00a0hold-up \u00e9lectoral\u00a0\u00bb.<\/p>\n<p>Le scrutin du 22 juin doit marquer la premi\u00e8re transition entre deux pr\u00e9sidents \u00e9lus dans ce vaste pays du Sahel secou\u00e9 par de nombreux coups d\u2019Etat de 1978 \u00e0 2008, date du putsch qui a port\u00e9 Mohamed Ould Abdel Aziz au pouvoir, avant son \u00e9lection en 2009.<\/p>\n<p>Il ne pouvait se repr\u00e9senter apr\u00e8s deux mandats et le camp pr\u00e9sidentiel a pr\u00e9sent\u00e9 pour lui succ\u00e9der un autre ex-g\u00e9n\u00e9ral, Mohamed Cheikh El-Ghazouani, vainqueur au premier tour, selon les r\u00e9sultats provisoires annonc\u00e9s le 23 juin, et qui a re\u00e7u les f\u00e9licitations de la France et du Maroc.<\/p>\n<p>A Nouakchott, des militaires \u00e9taient d\u00e9ploy\u00e9s aux abords du Palais pr\u00e9sidentiel et du Conseil constitutionnel, qui doit se prononcer sur les recours de trois des candidats d\u2019opposition exigeant la tenue d\u2019une nouvelle \u00e9lection. Dans le reste de la capitale, la circulation \u00e9tait embouteill\u00e9e comme \u00e0 l\u2019accoutum\u00e9e, avec une pr\u00e9sence polici\u00e8re par endroits, a constat\u00e9 un correspondant de l\u2019AFP.<\/p>\n<p>Il \u00e9tait par ailleurs toujours impossible de se connecter \u00e0 internet, coup\u00e9 depuis mardi apr\u00e8s-midi, interdisant tout acc\u00e8s aux r\u00e9seaux sociaux ou aux courriers \u00e9lectroniques, 24 heures environ apr\u00e8s l\u2019interruption de l\u2019internet mobile.<\/p>\n<p>\u00ab\u00a0Rien ne justifie cet \u00e9tat de si\u00e8ge de fait\u00a0\u00bb, que le r\u00e9gime impose aux Mauritaniens, a d\u00e9clar\u00e9 lors d\u2019une conf\u00e9rence de presse conjointe avec les trois autres candidats de l\u2019opposition le militant anti-esclavagiste Biram Ould Dah Ould Abeid.<\/p>\n<p>Il a accus\u00e9 le r\u00e9gime de \u00ab\u00a0dresser les Mauritaniens les uns contre les autres pour couvrir son hold-up et son coup de force \u00e9lectoral\u00a0\u00bb, en r\u00e9f\u00e9rence notamment \u00e0 l\u2019arrestation de nombreux manifestants appartenant \u00e0 la communaut\u00e9 afro-mauritanienne, pr\u00e9sente essentiellement dans les zones frontali\u00e8res du S\u00e9n\u00e9gal et du Mali.<\/p>\n<p>\u2013 \u00ab\u00a0Caract\u00e8re racial\u00a0\u00bb \u2013<\/p>\n<p>Le ministre de l\u2019Int\u00e9rieur, Ahmedou Ould Abdallah, a annonc\u00e9 mardi l\u2019arrestation d\u2019une \u00ab\u00a0centaine d\u2019\u00e9trangers\u00a0\u00bb li\u00e9s \u00e0 \u00ab\u00a0certains candidats\u00a0\u00bb \u00e0 la suite des incidents qui ont \u00e9clat\u00e9 au lendemain du scrutin, \u00e9voquant un \u00ab\u00a0plan de d\u00e9stabilisation du pays\u00a0\u00bb, et une \u00ab\u00a0main \u00e9trang\u00e8re\u00a0\u00bb derri\u00e8re ces troubles.<\/p>\n<p>Le m\u00eame jour, les ambassadeurs du S\u00e9n\u00e9gal, du Mali et de la Gambie ont \u00e9t\u00e9 convoqu\u00e9s au minist\u00e8re des Affaires \u00e9trang\u00e8res pour s\u2019entendre signifier de demander \u00e0 leurs ressortissants de \u00ab\u00a0s\u2019abstenir de participer aux manifestations et \u00e0 tout ce qui perturbe l\u2019ordre public en Mauritanie\u00a0\u00bb, selon le gouvernement.<\/p>\n<p>La soci\u00e9t\u00e9 mauritanienne est marqu\u00e9e par des disparit\u00e9s persistantes entre communaut\u00e9s arabo-berb\u00e8re, haratine (descendants d\u2019esclaves de ma\u00eetres arabo-berb\u00e8res, dont ils partagent la culture) et afro-mauritanienne, g\u00e9n\u00e9ralement de langue maternelle d\u2019ethnies subsahariennes.<\/p>\n<p>\u00ab\u00a0Le r\u00e9gime a d\u00e9montr\u00e9 qu\u2019il prend pour cible une communaut\u00e9 particuli\u00e8re \u00e0 travers les arrestations arbitraires qui se comptent par centaines dans plusieurs r\u00e9gions du pays\u00a0\u00bb, a affirm\u00e9 un autre candidat de l\u2019opposition, Baba Hamidou Kane.<\/p>\n<p>Il a exig\u00e9 la \u00ab\u00a0lib\u00e9ration imm\u00e9diate\u00a0\u00bb des d\u00e9tenus, parmi lesquels un de ses soutiens \u00e0 l\u2019\u00e9lection pr\u00e9sidentielle, Samba Thiam, figure de la communaut\u00e9 afro-mauritanienne, arr\u00eat\u00e9 \u00e0 son domicile dans la nuit de mardi \u00e0 mercredi, selon sa famille.<\/p>\n<p>\u00ab\u00a0Les autorit\u00e9s donnent un caract\u00e8re racial \u00e0 une crise post-\u00e9lectorale qui doit se r\u00e9gler par le dialogue et \u00e0 travers la loi\u00a0\u00bb, a insist\u00e9 M. Kane.<\/p>\n<p>Les candidats d\u2019opposition ont r\u00e9it\u00e9r\u00e9 leur volont\u00e9 de contester les r\u00e9sultats par tous les moyens l\u00e9gaux, ainsi que leur condamnation de toute atteinte aux personnes et aux biens.<\/p>\n<p>Selon les r\u00e9sultats annonc\u00e9s le 23 juin par la Commission \u00e9lectorale nationale ind\u00e9pendante (C\u00e9ni), M. Ghazouani l\u2019emporte avec 52,01% des suffrages, devant quatre des opposants en lice, dont M. Ould Abeid (18,58%), l\u2019ex-Premier ministre Sidi Mohamed Ould Boubacar (17,87%) et M. Kane (8,71%).<\/p>\n<p>M. Ould Abdel Aziz a stabilis\u00e9 la Mauritanie, frapp\u00e9e dans les ann\u00e9es 2000 par des attentats jihadistes et des enl\u00e8vements d\u2019\u00e9trangers, en menant une politique volontariste: remise sur pied de l\u2019arm\u00e9e, surveillance accrue du territoire et d\u00e9veloppement des zones recul\u00e9es.<\/p>\n<p>Mais les critiques se focalisent sur les droits fondamentaux, notamment la persistance de profondes in\u00e9galit\u00e9s sociales, et les libert\u00e9s publiques.<\/p>\n<\/div>\n<p>Auteur: AFP<br \/>\n<a href=\"https:\/\/www.journalducameroun.com\/mauritanie-lopposition-denonce-un-etat-de-siege\/\">Cliquez ici pour lire l&rsquo;article depuis sa source.<\/a><\/p>\n","protected":false},"excerpt":{"rendered":"<p>Publi\u00e9 le 26.06.2019 \u00e0 19h50 par AFP Les quatre candidats de l\u2019opposition contestant la victoire \u00e0 la pr\u00e9sidentielle en Mauritanie de l\u2019ancien chef d\u2019\u00e9tat-major ont accus\u00e9 mercredi le pouvoir d\u2019imposer un \u00ab\u00a0\u00e9tat de si\u00e8ge de fait\u00a0\u00bb et de dresser les communaut\u00e9s \u00ab\u00a0les unes contre les autres\u00a0\u00bb pour couvrir son \u00ab\u00a0hold-up \u00e9lectoral\u00a0\u00bb. Le scrutin du 22 [&hellip;]<\/p>\n","protected":false},"author":1965,"featured_media":0,"comment_status":"closed","ping_status":"closed","sticky":false,"template":"","format":"standard","meta":{"fifu_image_url":"","fifu_image_alt":"","footnotes":""},"categories":[73,82],"tags":[],"class_list":["post-42840","post","type-post","status-publish","format-standard","hentry","category-actualite","category-cameroun"],"_links":{"self":[{"href":"https:\/\/linitiative.ca\/International\/wp-json\/wp\/v2\/posts\/42840","targetHints":{"allow":["GET"]}}],"collection":[{"href":"https:\/\/linitiative.ca\/International\/wp-json\/wp\/v2\/posts"}],"about":[{"href":"https:\/\/linitiative.ca\/International\/wp-json\/wp\/v2\/types\/post"}],"author":[{"embeddable":true,"href":"https:\/\/linitiative.ca\/International\/wp-json\/wp\/v2\/users\/1965"}],"replies":[{"embeddable":true,"href":"https:\/\/linitiative.ca\/International\/wp-json\/wp\/v2\/comments?post=42840"}],"version-history":[{"count":0,"href":"https:\/\/linitiative.ca\/International\/wp-json\/wp\/v2\/posts\/42840\/revisions"}],"wp:attachment":[{"href":"https:\/\/linitiative.ca\/International\/wp-json\/wp\/v2\/media?parent=42840"}],"wp:term":[{"taxonomy":"category","embeddable":true,"href":"https:\/\/linitiative.ca\/International\/wp-json\/wp\/v2\/categories?post=42840"},{"taxonomy":"post_tag","embeddable":true,"href":"https:\/\/linitiative.ca\/International\/wp-json\/wp\/v2\/tags?post=42840"}],"curies":[{"name":"wp","href":"https:\/\/api.w.org\/{rel}","templated":true}]}}