{"id":42841,"date":"2019-06-26T14:50:04","date_gmt":"2019-06-26T18:50:04","guid":{"rendered":"https:\/\/linitiative.ca\/International\/dans-les-couloirs-de-la-conference-a-bahrein-la-kippa-cotoie-le-keffieh\/"},"modified":"2019-06-26T14:50:04","modified_gmt":"2019-06-26T18:50:04","slug":"dans-les-couloirs-de-la-conference-a-bahrein-la-kippa-cotoie-le-keffieh","status":"publish","type":"post","link":"https:\/\/linitiative.ca\/International\/dans-les-couloirs-de-la-conference-a-bahrein-la-kippa-cotoie-le-keffieh\/","title":{"rendered":"Dans les couloirs de la conf\u00e9rence \u00e0 Bahre\u00efn, la kippa c\u00f4toie le keffieh"},"content":{"rendered":"<div readability=\"32\">\n<p>Publi\u00e9 le 26.06.2019 \u00e0 19h50 par AFP<\/p>\n<\/div>\n<div readability=\"136\">\n<p>Les cocktails sans alcool attendent sur les plateaux, les plats regorgent de t\u00eates de moutons et de loups de mer et dans cette salle de gala d\u2019un palace de Bahre\u00efn, l\u2019assistance est \u00e0 nulle autre pareille.<\/p>\n<p>Jared Kushner, le gendre et conseiller du pr\u00e9sident am\u00e9ricain Donald Trump, a pr\u00e9sent\u00e9 mardi et mercredi le volet \u00e9conomique du plan am\u00e9ricain visant \u00e0 r\u00e9soudre le conflit isra\u00e9lo-palestinien au Four Seasons \u00e0 Manama en pr\u00e9sence, pour la premi\u00e8re fois dans un pays arabe et dans un tel contexte, d\u2019une trentaine d\u2019Isra\u00e9liens.<\/p>\n<p>Dans cet h\u00f4tel donnant sur le Golfe, le chef de la diplomatie de Bahre\u00efn discute en anglais, comme avec de vieux amis, avec ses invit\u00e9s venus d\u2019Isra\u00ebl, pour lesquels des plats certifi\u00e9s cashers ont \u00e9t\u00e9 pr\u00e9vus.<\/p>\n<p>Sept journalistes isra\u00e9liens ont \u00e9t\u00e9 inclus par la Maison Blanche parmi les journalistes accr\u00e9dit\u00e9s, tandis que dans les couloirs \u00e0 la moquette \u00e9paisse se croisent rabbins en kippa et dignitaires arabes en tenues traditionnelles, keffieh sur la t\u00eate.<\/p>\n<p>\u00ab\u00a0Si tous les pays arabes pouvaient \u00eatre comme Bahre\u00efn, cela h\u00e2terait la venue du Messie\u00a0\u00bb, s\u2019exclame le rabbin Marvin Hier, fondateur du Centre Simon Wiesenthal.<\/p>\n<p>Mercredi, il a particip\u00e9, avec quinze fid\u00e8les, \u00e0 une pri\u00e8re dans la synagogue de Manama, qui s\u2019est termin\u00e9e par des chants et des danses. Le b\u00e2timent, \u00e0 l\u2019abandon, est rest\u00e9 intact apr\u00e8s la cr\u00e9ation de l\u2019Etat d\u2019Isra\u00ebl en 1948, et la fuite ou l\u2019expulsion des Juifs vers le nouvel Etat juif.<\/p>\n<p>La rabbin Abraham Cooper, directeur-adjoint du centre Simon Wiesenthal, a trouv\u00e9 la c\u00e9r\u00e9monie \u00ab\u00a0\u00e0 la fois r\u00e9jouissante et pleine d\u2019humilit\u00e9\u00a0\u00bb.<\/p>\n<p>\u00ab\u00a0Les choses se normalisent. Les gens peuvent circuler en portant la kippa. La premi\u00e8re fois que je suis venu, je devais la cacher sous ma casquette des New York Mets\u00a0\u00bb, confie-t-il.<\/p>\n<p>Bahre\u00efn et les autres Etats du Golfe partagent avec Isra\u00ebl la m\u00eame hostilit\u00e9 envers leur voisin iranien \u00e0 majorit\u00e9 chiite, qui menace r\u00e9guli\u00e8rement Isra\u00ebl de destruction.<\/p>\n<p>Les dirigeants de Bahre\u00efn sont critiqu\u00e9s par les groupes de d\u00e9fense des droits humains pour leurs campagnes de r\u00e9pression envers la majorit\u00e9 chiite de l\u2019\u00eele. Le royaume a condamn\u00e9 \u00e0 mort des activistes chiites et a priv\u00e9 d\u2019autres de leur nationalit\u00e9 apr\u00e8s une campagne de manifestations en 2011.<\/p>\n<p>\u2013 pas de politique \u2013<\/p>\n<p>Dans cette conf\u00e9rence dont le but officiel \u00e9tait de favoriser l\u2019\u00e9conomie palestinienne, les Palestiniens \u00e9taient finalement les moins visibles.<\/p>\n<p>L\u2019Autorit\u00e9 palestinienne a boycott\u00e9 la conf\u00e9rence et un seul Palestinien a pris la parole, m\u00eame si quelques autres \u00e9taient dans la salle.<\/p>\n<p>Ashraf Jabari, un homme d\u2019affaires d\u2019H\u00e9bron peu connu, a indiqu\u00e9 qu\u2019il \u00e9tait venu \u00e0 Manama dans l\u2019espoir de revitaliser l\u2019\u00e9conomie palestinienne.<\/p>\n<p>Interrog\u00e9 par Nik Gowing, un pr\u00e9sentateur de la BBC qui a anim\u00e9 la plupart des tables rondes lors de la conf\u00e9rence, il a paru embarrass\u00e9 et a refus\u00e9 de commenter la position de l\u2019Autorit\u00e9 palestinienne.<\/p>\n<p>\u00ab\u00a0Nous ne sommes pas venus ici pour parler politique\u00a0\u00bb, a-t-il dit. \u00ab\u00a0La politique, c\u2019est pour l\u2019Autorit\u00e9 palestinienne\u00a0\u00bb, a-t-il dit en arabe, avec l\u2019aide d\u2019un traducteur.<\/p>\n<p>Les conf\u00e9rences ont \u00e9galement vu la participation de riches hommes d\u2019affaires d\u2019Inde ou du Nigeria, ainsi que celle du pr\u00e9sident de la Banque inter-am\u00e9ricaine de d\u00e9veloppement qui a donn\u00e9 son avis sur les perspectives de l\u2019\u00e9conomie palestinienne.<\/p>\n<p>Tous les invit\u00e9s \u00e9taient l\u00e0 \u00ab\u00a0parce qu\u2019ils croient en cette r\u00e9gion\u00a0\u00bb, a assur\u00e9 \u00e0 des journalistes Jared Kushner.<\/p>\n<p>\u00ab\u00a0Des gars venus d\u2019Afrique m\u2019ont dit: +On aimerait bien avoir \u00e7a. Si vous voulez venir en Afrique et nous offrir \u00e7a, on aimerait bien+\u00a0\u00bb, a-t-il dit en gloussant.<\/p>\n<\/div>\n<p>Auteur: AFP<br \/>\n<a href=\"https:\/\/www.journalducameroun.com\/dans-les-couloirs-de-la-conference-a-bahrein-la-kippa-cotoie-le-keffieh\/\">Cliquez ici pour lire l&rsquo;article depuis sa source.<\/a><\/p>\n","protected":false},"excerpt":{"rendered":"<p>Publi\u00e9 le 26.06.2019 \u00e0 19h50 par AFP Les cocktails sans alcool attendent sur les plateaux, les plats regorgent de t\u00eates de moutons et de loups de mer et dans cette salle de gala d\u2019un palace de Bahre\u00efn, l\u2019assistance est \u00e0 nulle autre pareille. Jared Kushner, le gendre et conseiller du pr\u00e9sident am\u00e9ricain Donald Trump, a [&hellip;]<\/p>\n","protected":false},"author":1965,"featured_media":0,"comment_status":"closed","ping_status":"closed","sticky":false,"template":"","format":"standard","meta":{"fifu_image_url":"","fifu_image_alt":"","footnotes":""},"categories":[73,82],"tags":[],"class_list":["post-42841","post","type-post","status-publish","format-standard","hentry","category-actualite","category-cameroun"],"_links":{"self":[{"href":"https:\/\/linitiative.ca\/International\/wp-json\/wp\/v2\/posts\/42841","targetHints":{"allow":["GET"]}}],"collection":[{"href":"https:\/\/linitiative.ca\/International\/wp-json\/wp\/v2\/posts"}],"about":[{"href":"https:\/\/linitiative.ca\/International\/wp-json\/wp\/v2\/types\/post"}],"author":[{"embeddable":true,"href":"https:\/\/linitiative.ca\/International\/wp-json\/wp\/v2\/users\/1965"}],"replies":[{"embeddable":true,"href":"https:\/\/linitiative.ca\/International\/wp-json\/wp\/v2\/comments?post=42841"}],"version-history":[{"count":0,"href":"https:\/\/linitiative.ca\/International\/wp-json\/wp\/v2\/posts\/42841\/revisions"}],"wp:attachment":[{"href":"https:\/\/linitiative.ca\/International\/wp-json\/wp\/v2\/media?parent=42841"}],"wp:term":[{"taxonomy":"category","embeddable":true,"href":"https:\/\/linitiative.ca\/International\/wp-json\/wp\/v2\/categories?post=42841"},{"taxonomy":"post_tag","embeddable":true,"href":"https:\/\/linitiative.ca\/International\/wp-json\/wp\/v2\/tags?post=42841"}],"curies":[{"name":"wp","href":"https:\/\/api.w.org\/{rel}","templated":true}]}}