{"id":42843,"date":"2019-06-26T14:50:07","date_gmt":"2019-06-26T18:50:07","guid":{"rendered":"https:\/\/linitiative.ca\/International\/soudan-un-veteran-de-lopposition-rejette-un-appel-a-manifester-des-contestataires\/"},"modified":"2019-06-26T14:50:07","modified_gmt":"2019-06-26T18:50:07","slug":"soudan-un-veteran-de-lopposition-rejette-un-appel-a-manifester-des-contestataires","status":"publish","type":"post","link":"https:\/\/linitiative.ca\/International\/soudan-un-veteran-de-lopposition-rejette-un-appel-a-manifester-des-contestataires\/","title":{"rendered":"Soudan: un v\u00e9t\u00e9ran de l\u2019opposition rejette un appel \u00e0 manifester des contestataires"},"content":{"rendered":"<div readability=\"32\">\n<p>Publi\u00e9 le 26.06.2019 \u00e0 19h50 par AFP<\/p>\n<\/div>\n<div readability=\"98\">\n<p>L\u2019ancien Premier ministre et figure de l\u2019opposition au Soudan, Sadek al-Mahdi, a rejet\u00e9 mercredi un appel \u00e0 manifester contre les g\u00e9n\u00e9raux au pouvoir, lanc\u00e9 par les principales forces de la contestation.<\/p>\n<p>Apr\u00e8s des mois de manifestations qui ont pouss\u00e9 l\u2019arm\u00e9e \u00e0 destituer le pr\u00e9sident Omar el-B\u00e9chir en avril, le Soudan est le th\u00e9\u00e2tre d\u2019un bras de fer entre le Conseil militaire de transition qui dirige le pays et la contestation.<\/p>\n<p>L\u2019Alliance pour la libert\u00e9 et le changement (ALC), fer de lance de cette contestation, a r\u00e9clam\u00e9 une mobilisation de masse dimanche 30 juin, pour maintenir la pression sur les g\u00e9n\u00e9raux et r\u00e9clamer le transfert du pouvoir aux civils.<\/p>\n<p>La date co\u00efncide avec le 30\u00e8 anniversaire du coup d\u2019Etat ayant port\u00e9 au pouvoir M. B\u00e9chir qui avait renvers\u00e9 un gouvernement alors dirig\u00e9 par Sadek al-Mahdi.<\/p>\n<p>\u00ab\u00a0Notre opinion, c\u2019est d\u2019\u00e9viter les mesures d\u2019escalade des deux bords\u00a0\u00bb, a estim\u00e9 mercredi en conf\u00e9rence de presse M. Mahdi, qui dirige le parti al-Oumma.<\/p>\n<p>L\u2019octog\u00e9naire a estim\u00e9 qu\u2019il serait \u00ab\u00a0pr\u00e9matur\u00e9\u00a0\u00bb de s\u2019engager dans une escalade avant que le Conseil militaire ne se prononce sur un plan de transition pr\u00e9par\u00e9 par le m\u00e9diateur \u00e9thiopien.<\/p>\n<p>Dimanche, le Conseil militaire avait demand\u00e9 \u00e0 l\u2019Ethiopie de revoir son initiative de transition en se concertant avec l\u2019Union africaine (UA) pour un \u00ab\u00a0document commun\u00a0\u00bb.<\/p>\n<p>La proposition \u00e9thiopienne, consult\u00e9e par l\u2019AFP, pr\u00e9voit notamment une instance de transition constitu\u00e9e de huit civils et sept militaires.<\/p>\n<p>Au Soudan, la tension est mont\u00e9e d\u2019un cran depuis le 3 juin et la dispersion meurtri\u00e8re d\u2019un sit-in de manifestants devant le QG de l\u2019arm\u00e9e.<\/p>\n<p>Au moins 128 personnes ont \u00e9t\u00e9 tu\u00e9es dans l\u2019op\u00e9ration et la r\u00e9pression qui s\u2019est poursuivie les jours suivants, selon des m\u00e9decins proches de la contestation.<\/p>\n<p>Les autorit\u00e9s ont \u00e9voqu\u00e9 un bilan de 61 morts. Le Conseil militaire a affirm\u00e9 ne pas avoir ordonn\u00e9 la dispersion, assurant qu\u2019il s\u2019agissait initialement d\u2019une op\u00e9ration antidrogue dans un secteur voisin.<\/p>\n<p>Les manifestations pr\u00e9vues pour le 30 juin interviennent dans un contexte d\u00e9licat.<\/p>\n<p>Sur ordre du Conseil militaire, internet est largement bloqu\u00e9 depuis plus de trois semaines dans le pays, et la contestation peine d\u00e9sormais \u00e0 mobiliser.<\/p>\n<p>Tous les jours, des petits rassemblements sont organis\u00e9s de nuit dans la capitale. Mais le mouvement semble s\u2019essouffler face au d\u00e9ploiement des forces de s\u00e9curit\u00e9, notamment les paramilitaires des Forces de soutien rapide (RSF), stationn\u00e9s \u00e0 tous les coins de rue.<\/p>\n<\/div>\n<p>Auteur: AFP<br \/>\n<a href=\"https:\/\/www.journalducameroun.com\/soudan-un-veteran-de-lopposition-rejette-un-appel-a-manifester-des-contestataires\/\">Cliquez ici pour lire l&rsquo;article depuis sa source.<\/a><\/p>\n","protected":false},"excerpt":{"rendered":"<p>Publi\u00e9 le 26.06.2019 \u00e0 19h50 par AFP L\u2019ancien Premier ministre et figure de l\u2019opposition au Soudan, Sadek al-Mahdi, a rejet\u00e9 mercredi un appel \u00e0 manifester contre les g\u00e9n\u00e9raux au pouvoir, lanc\u00e9 par les principales forces de la contestation. Apr\u00e8s des mois de manifestations qui ont pouss\u00e9 l\u2019arm\u00e9e \u00e0 destituer le pr\u00e9sident Omar el-B\u00e9chir en avril, [&hellip;]<\/p>\n","protected":false},"author":1965,"featured_media":0,"comment_status":"closed","ping_status":"closed","sticky":false,"template":"","format":"standard","meta":{"fifu_image_url":"","fifu_image_alt":"","footnotes":""},"categories":[73,82],"tags":[],"class_list":["post-42843","post","type-post","status-publish","format-standard","hentry","category-actualite","category-cameroun"],"_links":{"self":[{"href":"https:\/\/linitiative.ca\/International\/wp-json\/wp\/v2\/posts\/42843","targetHints":{"allow":["GET"]}}],"collection":[{"href":"https:\/\/linitiative.ca\/International\/wp-json\/wp\/v2\/posts"}],"about":[{"href":"https:\/\/linitiative.ca\/International\/wp-json\/wp\/v2\/types\/post"}],"author":[{"embeddable":true,"href":"https:\/\/linitiative.ca\/International\/wp-json\/wp\/v2\/users\/1965"}],"replies":[{"embeddable":true,"href":"https:\/\/linitiative.ca\/International\/wp-json\/wp\/v2\/comments?post=42843"}],"version-history":[{"count":0,"href":"https:\/\/linitiative.ca\/International\/wp-json\/wp\/v2\/posts\/42843\/revisions"}],"wp:attachment":[{"href":"https:\/\/linitiative.ca\/International\/wp-json\/wp\/v2\/media?parent=42843"}],"wp:term":[{"taxonomy":"category","embeddable":true,"href":"https:\/\/linitiative.ca\/International\/wp-json\/wp\/v2\/categories?post=42843"},{"taxonomy":"post_tag","embeddable":true,"href":"https:\/\/linitiative.ca\/International\/wp-json\/wp\/v2\/tags?post=42843"}],"curies":[{"name":"wp","href":"https:\/\/api.w.org\/{rel}","templated":true}]}}