{"id":42844,"date":"2019-06-26T15:50:02","date_gmt":"2019-06-26T19:50:02","guid":{"rendered":"https:\/\/linitiative.ca\/International\/emoi-et-colere-aux-etats-unis-apres-la-noyade-de-deux-migrants\/"},"modified":"2019-06-26T15:50:02","modified_gmt":"2019-06-26T19:50:02","slug":"emoi-et-colere-aux-etats-unis-apres-la-noyade-de-deux-migrants","status":"publish","type":"post","link":"https:\/\/linitiative.ca\/International\/emoi-et-colere-aux-etats-unis-apres-la-noyade-de-deux-migrants\/","title":{"rendered":"Emoi et col\u00e8re aux Etats-Unis apr\u00e8s la noyade de deux migrants"},"content":{"rendered":"<div readability=\"32\">\n<p>Publi\u00e9 le 26.06.2019 \u00e0 20h50 par AFP<\/p>\n<\/div>\n<div readability=\"148\">\n<p>La photographie des corps d\u2019un p\u00e8re et de sa fille en bas \u00e2ge gisant au bord du Rio Grande a provoqu\u00e9 mercredi l\u2019\u00e9moi et la col\u00e8re aux Etats-Unis o\u00f9 des \u00e9lus d\u00e9mocrates ont d\u00e9nonc\u00e9 la politique migratoire \u00ab\u00a0inhumaine\u00a0\u00bb de Donald Trump.<\/p>\n<p>Le pr\u00e9sident am\u00e9ricain a lui exprim\u00e9 son \u00ab\u00a0horreur\u00a0\u00bb \u00e0 la vue de la photo mais il a montr\u00e9 du doigt ses adversaires d\u00e9mocrates qui veulent, selon lui, \u00ab\u00a0des fronti\u00e8res ouvertes et cela veut dire des gens qui se noient\u00a0\u00bb.<\/p>\n<p>Beto O\u2019Rourke, ancien \u00e9lu du Texas et candidat \u00e0 l\u2019investiture d\u00e9mocrate pour la pr\u00e9sidentielle de 2020, a affirm\u00e9, sur Twitter, que le milliardaire r\u00e9publicain \u00e9tait \u00ab\u00a0responsable\u00a0\u00bb de ce nouveau drame de l\u2019immigration clandestine.<\/p>\n<p>En \u00ab\u00a0emp\u00eachant\u00a0\u00bb les migrants de d\u00e9poser des demandes d\u2019asile aux postes-fronti\u00e8res, le gouvernement \u00ab\u00a0force les familles \u00e0 traverser entre ces postes, entra\u00eenant plus de souffrances et de morts\u00a0\u00bb, a-t-il ajout\u00e9.<\/p>\n<p>Les d\u00e9pouilles d\u2019Oscar Martinez Ramirez, un Salvadorien de 25 ans, et de sa fille \u00e2g\u00e9e de 23 mois, ont \u00e9t\u00e9 retrouv\u00e9es lundi sur la rive mexicaine du fleuve Rio Grande, pr\u00e8s de Matamoros, dans le nord-est du Mexique.<\/p>\n<p>Selon les m\u00e9dias am\u00e9ricains, il avait d\u00e9cid\u00e9 la veille de traverser la fronti\u00e8re \u00e0 la nage car le pont allant vers Brownsville, c\u00f4t\u00e9 am\u00e9ricain, \u00e9tait ferm\u00e9.<\/p>\n<p>La s\u00e9natrice de Californie Kamala Harris, autre candidate d\u00e9mocrate pour 2020, a d\u00e9nonc\u00e9 la politique migratoire \u00ab\u00a0inhumaine\u00a0\u00bb du milliardaire r\u00e9publicain, la qualifiant de \u00ab\u00a0tache sur notre conscience morale\u00a0\u00bb.<\/p>\n<p>\u00ab\u00a0Ces familles qui demandent l\u2019asile fuient souvent la violence extr\u00eame. Et que se passe-t-il quand elles arrivent? Trump dit +retournez d\u2019o\u00f9 vous venez+\u00a0\u00bb, a-t-elle expliqu\u00e9 sur Twitter.<\/p>\n<p>\u2013 \u00ab\u00a0Faire quelque chose\u00a0\u00bb \u2013<\/p>\n<p>Pour la parlementaire progressiste Rashida Tlaib, \u00ab\u00a0cette administration monstrueuse et sans coeur doit rendre des comptes\u00a0\u00bb.<\/p>\n<p>Les autorit\u00e9s am\u00e9ricaines font face depuis plusieurs mois \u00e0 des arriv\u00e9es massives de migrants originaires d\u2019Am\u00e9rique centrale qui fuient la mis\u00e8re et la violence dans leur pays.<\/p>\n<p>Certains d\u00e9posent des demandes d\u2019asile aux postes-fronti\u00e8res et doivent attendre au Mexique l\u2019examen de leur dossier, ce qui peut durer plusieurs mois.<\/p>\n<p>D\u2019autres choisissent de traverser ill\u00e9galement la fronti\u00e8re, au p\u00e9ril de leur vie, pour se rendre aux autorit\u00e9s une fois aux Etats-Unis.<\/p>\n<p>Le s\u00e9nateur r\u00e9publicain Ron Johnson s\u2019est dit choqu\u00e9 par la photographie des deux migrants noy\u00e9s. \u00ab\u00a0Je ne veux plus voir une photo comme celle-ci \u00e0 la fronti\u00e8re am\u00e9ricaine\u00a0\u00bb, a-t-il lanc\u00e9, visiblement \u00e9mu, esp\u00e9rant que le clich\u00e9 allait \u00ab\u00a0entra\u00eener le Congr\u00e8s (\u2026) \u00e0 faire quelque chose\u00a0\u00bb.<\/p>\n<p>L\u2019\u00e9lu d\u00e9mocrate du Texas Joaquin Castro a estim\u00e9 dans le New York Times que la photo \u00e9tait la \u00ab\u00a0version\u00a0\u00bb am\u00e9ricaine de celle montrant le corps d\u2019Aylan Kurdi, un petit Syrien de 3 ans retrouv\u00e9 mort sur une plage de Turquie et devenu le symbole tragique de la crise migratoire de 2015.<\/p>\n<p>Sa mort avait provoqu\u00e9 une onde de choc en Europe et pouss\u00e9 les gouvernements de l\u2019Union europ\u00e9enne \u00e0 ouvrir pour un temps leurs fronti\u00e8res aux r\u00e9fugi\u00e9s syriens.<\/p>\n<p>\u2013 \u00ab\u00a0Obsession d\u00e9mocrate\u00a0\u00bb \u2013<\/p>\n<p>La Chambre des repr\u00e9sentants, contr\u00f4l\u00e9e par les d\u00e9mocrates, a vot\u00e9 mardi soir une aide humanitaire d\u2019urgence de 4,5 milliards de dollars pour financer l\u2019accueil des clandestins d\u00e9tenus \u00e0 la fronti\u00e8re. Le texte doit d\u00e9sormais \u00eatre n\u00e9goci\u00e9 au S\u00e9nat, \u00e0 majorit\u00e9 r\u00e9publicaine.<\/p>\n<p>La semaine derni\u00e8re, Human Rights Watch a d\u00e9nonc\u00e9 les conditions de d\u00e9tention de 300 mineurs non accompagn\u00e9s dans un centre des autorit\u00e9s frontali\u00e8res \u00e0 Clint, au Texas. Selon l\u2019ONG, les enfants dormaient \u00e0 m\u00eame le sol dans ce centre surpeupl\u00e9 o\u00f9 le manque d\u2019hygi\u00e8ne \u00e9tait criant. La majorit\u00e9 des enfants ont depuis \u00e9t\u00e9 transf\u00e9r\u00e9s dans d\u2019autres structures.<\/p>\n<p>Mais pour Donald Trump, les d\u00e9mocrates sont coupables de contribuer \u00e0 \u00ab\u00a0la mise en danger des enfants et \u00e0 leur exploitation\u00a0\u00bb en refusant de durcir les lois migratoires ou en bloquant la construction d\u2019un mur frontalier anti-immigration.<\/p>\n<p>\u00ab\u00a0La trag\u00e9die\u00a0\u00bb \u00e0 la fronti\u00e8re est le \u00ab\u00a0r\u00e9sultat pr\u00e9visible de l\u2019obsession des d\u00e9mocrates pour des politiques ouvertes\u00a0\u00bb, a-t-il d\u00e9clar\u00e9 devant une association de d\u00e9fense des int\u00e9r\u00eats chr\u00e9tiens.<\/p>\n<p>\u00ab\u00a0Nous pouvons faire quelque chose si le pr\u00e9sident arr\u00eate son jeu politique\u00a0\u00bb en rendant les d\u00e9mocrates responsables de la crise, a pour sa part assur\u00e9 le chef des s\u00e9nateurs d\u00e9mocrates Chuck Schumer.<\/p>\n<\/div>\n<p>Auteur: AFP<br \/>\n<a href=\"https:\/\/www.journalducameroun.com\/emoi-et-colere-aux-etats-unis-apres-la-noyade-de-deux-migrants\/\">Cliquez ici pour lire l&rsquo;article depuis sa source.<\/a><\/p>\n","protected":false},"excerpt":{"rendered":"<p>Publi\u00e9 le 26.06.2019 \u00e0 20h50 par AFP La photographie des corps d\u2019un p\u00e8re et de sa fille en bas \u00e2ge gisant au bord du Rio Grande a provoqu\u00e9 mercredi l\u2019\u00e9moi et la col\u00e8re aux Etats-Unis o\u00f9 des \u00e9lus d\u00e9mocrates ont d\u00e9nonc\u00e9 la politique migratoire \u00ab\u00a0inhumaine\u00a0\u00bb de Donald Trump. Le pr\u00e9sident am\u00e9ricain a lui exprim\u00e9 son [&hellip;]<\/p>\n","protected":false},"author":1965,"featured_media":0,"comment_status":"closed","ping_status":"closed","sticky":false,"template":"","format":"standard","meta":{"fifu_image_url":"","fifu_image_alt":"","footnotes":""},"categories":[73,82],"tags":[],"class_list":["post-42844","post","type-post","status-publish","format-standard","hentry","category-actualite","category-cameroun"],"_links":{"self":[{"href":"https:\/\/linitiative.ca\/International\/wp-json\/wp\/v2\/posts\/42844","targetHints":{"allow":["GET"]}}],"collection":[{"href":"https:\/\/linitiative.ca\/International\/wp-json\/wp\/v2\/posts"}],"about":[{"href":"https:\/\/linitiative.ca\/International\/wp-json\/wp\/v2\/types\/post"}],"author":[{"embeddable":true,"href":"https:\/\/linitiative.ca\/International\/wp-json\/wp\/v2\/users\/1965"}],"replies":[{"embeddable":true,"href":"https:\/\/linitiative.ca\/International\/wp-json\/wp\/v2\/comments?post=42844"}],"version-history":[{"count":0,"href":"https:\/\/linitiative.ca\/International\/wp-json\/wp\/v2\/posts\/42844\/revisions"}],"wp:attachment":[{"href":"https:\/\/linitiative.ca\/International\/wp-json\/wp\/v2\/media?parent=42844"}],"wp:term":[{"taxonomy":"category","embeddable":true,"href":"https:\/\/linitiative.ca\/International\/wp-json\/wp\/v2\/categories?post=42844"},{"taxonomy":"post_tag","embeddable":true,"href":"https:\/\/linitiative.ca\/International\/wp-json\/wp\/v2\/tags?post=42844"}],"curies":[{"name":"wp","href":"https:\/\/api.w.org\/{rel}","templated":true}]}}