{"id":42845,"date":"2019-06-26T15:50:04","date_gmt":"2019-06-26T19:50:04","guid":{"rendered":"https:\/\/linitiative.ca\/International\/ils-avaient-ce-reve-americain-la-douleur-de-la-famille-des-noyes-du-rio-bravo\/"},"modified":"2019-06-26T15:50:04","modified_gmt":"2019-06-26T19:50:04","slug":"ils-avaient-ce-reve-americain-la-douleur-de-la-famille-des-noyes-du-rio-bravo","status":"publish","type":"post","link":"https:\/\/linitiative.ca\/International\/ils-avaient-ce-reve-americain-la-douleur-de-la-famille-des-noyes-du-rio-bravo\/","title":{"rendered":"\u00ab\u00a0Ils avaient ce r\u00eave am\u00e9ricain\u00a0\u00bb: la douleur de la famille des noy\u00e9s du Rio Bravo"},"content":{"rendered":"<div readability=\"32\">\n<p>Publi\u00e9 le 26.06.2019 \u00e0 20h50 par AFP<\/p>\n<\/div>\n<div readability=\"140\">\n<p>Accabl\u00e9s par la pauvret\u00e9, Oscar, 25 ans et Tania, 21 ans, avaient quitt\u00e9 le Salvador en avril avec leur fillette dans l\u2019espoir de gagner les Etats-Unis. Mais leur r\u00eave a tourn\u00e9 au drame quand le p\u00e8re et l\u2019enfant se sont noy\u00e9s dans un fleuve \u00e0 la fronti\u00e8re mexicaine.<\/p>\n<p>La mort d\u2019Oscar Alberto Martinez et de la petite Angie Valeria \u00e2g\u00e9e de presque deux ans a soulev\u00e9 une vague d\u2019\u00e9motion au Salvador, o\u00f9 environ 200 personnes quittent quotidiennement le pays pour tenter l\u2019aventure am\u00e9ricain.<\/p>\n<p>\u00ab\u00a0Je n\u2019arrive toujours pas \u00e0 croire que mon fils et ma petite-fille sont morts. Ils voulaient simplement aller aux Etats-Unis, ils avaient ce r\u00eave am\u00e9ricain pour avoir une vie meilleure\u00a0\u00bb, a d\u00e9clar\u00e9 \u00e0 l\u2019AFP la m\u00e8re d\u2019Oscar, Rosa Ramirez, jointe par t\u00e9l\u00e9phone.<\/p>\n<p>Le p\u00e8re et la fillette se sont noy\u00e9s dimanche dans le Rio Bravo, qui marque la fronti\u00e8re entre le Mexique et les Etats-Unis. La famille avait d\u00e9cid\u00e9 d\u2019essayer de gagner \u00e0 la nage la rive am\u00e9ricaine du fleuve \u2014 connu aux Etats-Unis sous le nom de Rio Grande \u2014 en compagnie d\u2019un ami.<\/p>\n<p>Le p\u00e8re a pris l\u2019enfant sur son dos en la calant \u00e0 l\u2019int\u00e9rieur de son T-shirt pour traverser le fleuve. Mais, emport\u00e9s par des courants violents, tous deux se sont noy\u00e9s sous les yeux de la m\u00e8re, qui a pu rejoindre la rive mexicaine. Les deux corps ont \u00e9t\u00e9 retrouv\u00e9s lundi dans les environs de Matamoros.<\/p>\n<p>La photo des deux corps flottant c\u00f4te \u00e0 c\u00f4te sur le ventre pr\u00e8s de la berge a cr\u00e9\u00e9 une onde de choc.<\/p>\n<p>Selon les proches du cuisinier de 25 ans, la famille avait quitt\u00e9 le Salvador le 3 avril. Elle \u00e9tait rest\u00e9e ensuite deux mois dans un refuge \u00e0 Tapachula, au Mexique, o\u00f9 elle avait entam\u00e9 les d\u00e9marches pour demander l\u2019asile aux Etats-Unis.<\/p>\n<p>Mais devant la longue attente, Oscar et Tania avaient perdu espoir et d\u00e9cid\u00e9 de poursuivre leur route vers le nord.<\/p>\n<p>Sans pouvoir retenir ses larmes, Rosa Ramirez se souvient avoir implor\u00e9 son fils de \u00ab\u00a0ne pas partir\u00a0\u00bb parce \u00ab\u00a0qu\u2019aller aux Etats-Unis, c\u2019est tr\u00e8s dangereux\u00a0\u00bb.<\/p>\n<p>\u2013 \u00ab\u00a0Avoir une vie meilleure\u00a0\u00bb \u2013<\/p>\n<p>Mais autant Oscar que Tania voulaient que leur fille ait un meilleur avenir et avaient d\u00e9j\u00e0 fait des projets avec l\u2019argent qu\u2019ils r\u00eavaient de gagner aux Etats-Unis.<\/p>\n<p>\u00ab\u00a0Mon fils me disait qu\u2019il r\u00eavait que ma petite Valeria grandisse aux Etats-Unis, loin de la pauvret\u00e9. Il voulait acheter une maison pour sa famillet et avoir une vie meilleure\u00a0\u00bb, raconte Rosa Ramirez qui r\u00e9side dans une banlieue pauvre de San Salvador, o\u00f9 s\u00e9vissent de nombreux gangs. La famille d\u2019Oscar y habitait \u00e9galement.<\/p>\n<p>Au Salvador, Oscar travaillait dans une pizzeria, c\u2019\u00e9tait un jeune homme \u00ab\u00a0tr\u00e8s responsable\u00a0\u00bb avec sa famille, se souvient sa m\u00e8re. \u00ab\u00a0Sa fille c\u2019\u00e9tait tout pour lui, et maintenant ils sont partis au ciel tous les deux\u00a0\u00bb, se lamente-t-elle.<\/p>\n<p>\u00ab\u00a0J\u2019ai toujours pens\u00e9 que partir aux Etats-Unis sans papiers repr\u00e9sentait un grand risque qui n\u2019en valait pas la peine. Aujourd\u2019hui, c\u2019est arriv\u00e9 \u00e0 mon fils et \u00e0 ma petite-fille, demain nous ne savons pas qui d\u2019autre va souffrir, sachant qu\u2019ils ne veulent pas de sans-papiers aux Etats-Unis\u00a0\u00bb, poursuit-elle.<\/p>\n<p>Le pr\u00e9sident salvadorien Nayib Bukele a demand\u00e9 au minist\u00e8re des Affaires \u00e9trang\u00e8res de se tenir inform\u00e9 de la situation, et que les frais de rapatriation des deux corps soient pris en charge par le gouvernement.<\/p>\n<p>De nombreux t\u00e9moignage de solidarit\u00e9 ont fleuri sur les r\u00e9seaux sociaux. Une entreprise de pompes fun\u00e8bres a propos\u00e9 de prendre en charge gratuitement les obs\u00e8ques.<\/p>\n<p>\u00ab\u00a0C\u2019est une image douloureuse de ce qu\u2019endurent nos migrants, et c\u2019est un appel aux gouvernements pour qu\u2019ils cherchent une solution \u00e0 la migration clandestine\u00a0\u00bb, a r\u00e9agi C\u00e9sar R\u00edos, directeur ex\u00e9cutif de l\u2019Institut salvadorien des migrants (Insami).<\/p>\n<p>Mercredi, le Haut-Commissariat aux r\u00e9fugi\u00e9s des Nations unies (HCR) a exprim\u00e9 sa \u00ab\u00a0profonde \u00e9motion\u00a0\u00bb devant la \u00ab\u00a0d\u00e9chirante\u00a0\u00bb photographie des corps d\u2019Oscar et de sa fille.<\/p>\n<p>\u00ab\u00a0La mort d\u2019Oscar et de Valeria repr\u00e9sente un \u00e9chec dans la r\u00e9ponse \u00e0 la violence et au d\u00e9sespoir qui poussent les gens \u00e0 entreprendre des voyages p\u00e9rilleux \u00e0 la recherche d\u2019une vie digne et s\u00fbre\u00a0\u00bb, a d\u00e9clar\u00e9 le chef du HCR, Filippo Grandi, dans un communiqu\u00e9.<\/p>\n<\/div>\n<p>Auteur: AFP<br \/>\n<a href=\"https:\/\/www.journalducameroun.com\/ils-avaient-ce-reve-americain-la-douleur-de-la-famille-des-noyes-du-rio-bravo\/\">Cliquez ici pour lire l&rsquo;article depuis sa source.<\/a><\/p>\n","protected":false},"excerpt":{"rendered":"<p>Publi\u00e9 le 26.06.2019 \u00e0 20h50 par AFP Accabl\u00e9s par la pauvret\u00e9, Oscar, 25 ans et Tania, 21 ans, avaient quitt\u00e9 le Salvador en avril avec leur fillette dans l\u2019espoir de gagner les Etats-Unis. Mais leur r\u00eave a tourn\u00e9 au drame quand le p\u00e8re et l\u2019enfant se sont noy\u00e9s dans un fleuve \u00e0 la fronti\u00e8re mexicaine. [&hellip;]<\/p>\n","protected":false},"author":1965,"featured_media":0,"comment_status":"closed","ping_status":"closed","sticky":false,"template":"","format":"standard","meta":{"fifu_image_url":"","fifu_image_alt":"","footnotes":""},"categories":[73,82],"tags":[],"class_list":["post-42845","post","type-post","status-publish","format-standard","hentry","category-actualite","category-cameroun"],"_links":{"self":[{"href":"https:\/\/linitiative.ca\/International\/wp-json\/wp\/v2\/posts\/42845","targetHints":{"allow":["GET"]}}],"collection":[{"href":"https:\/\/linitiative.ca\/International\/wp-json\/wp\/v2\/posts"}],"about":[{"href":"https:\/\/linitiative.ca\/International\/wp-json\/wp\/v2\/types\/post"}],"author":[{"embeddable":true,"href":"https:\/\/linitiative.ca\/International\/wp-json\/wp\/v2\/users\/1965"}],"replies":[{"embeddable":true,"href":"https:\/\/linitiative.ca\/International\/wp-json\/wp\/v2\/comments?post=42845"}],"version-history":[{"count":0,"href":"https:\/\/linitiative.ca\/International\/wp-json\/wp\/v2\/posts\/42845\/revisions"}],"wp:attachment":[{"href":"https:\/\/linitiative.ca\/International\/wp-json\/wp\/v2\/media?parent=42845"}],"wp:term":[{"taxonomy":"category","embeddable":true,"href":"https:\/\/linitiative.ca\/International\/wp-json\/wp\/v2\/categories?post=42845"},{"taxonomy":"post_tag","embeddable":true,"href":"https:\/\/linitiative.ca\/International\/wp-json\/wp\/v2\/tags?post=42845"}],"curies":[{"name":"wp","href":"https:\/\/api.w.org\/{rel}","templated":true}]}}