{"id":42870,"date":"2019-06-26T04:51:44","date_gmt":"2019-06-26T08:51:44","guid":{"rendered":"https:\/\/linitiative.ca\/International\/crise-anglophone-pres-de-600-000-enfants-prives-deducation-dans-le-nord-ouest-et-le-sud-ouest\/"},"modified":"2019-06-26T04:51:44","modified_gmt":"2019-06-26T08:51:44","slug":"crise-anglophone-pres-de-600-000-enfants-prives-deducation-dans-le-nord-ouest-et-le-sud-ouest","status":"publish","type":"post","link":"https:\/\/linitiative.ca\/International\/crise-anglophone-pres-de-600-000-enfants-prives-deducation-dans-le-nord-ouest-et-le-sud-ouest\/","title":{"rendered":"Crise anglophone: pr\u00e8s de 600 000 enfants priv\u00e9s d\u2019\u00e9ducation dans le Nord-Ouest et le Sud-Ouest"},"content":{"rendered":"<div class=\"featured-area featured-area-inner\"><img loading=\"lazy\" decoding=\"async\" width=\"780\" height=\"405\" src=\"https:\/\/i0.wp.com\/ecomatin.net\/wp-content\/uploads\/2019\/06\/ecomatin.net-crise-anglophone-pres-de-600-000-enfants-prives-deducation-dans-le-nord-ouest-et-le-sud-ouest-ecole-crise-anglophone.jpg?resize=780%2C405&#038;ssl=1&#038;is-pending-load=1\" class=\"attachment-jannah-image-post size-jannah-image-post wp-post-image jetpack-lazy-image\" alt=\"\" data-attachment-id=\"9327\" data-permalink=\"https:\/\/ecomatin.net\/crise-anglophone-pres-de-600-000-enfants-prives-deducation-dans-le-nord-ouest-et-le-sud-ouest\/ecole-crise-anglophone\/\" data-orig-file=\"https:\/\/i0.wp.com\/ecomatin.net\/wp-content\/uploads\/2019\/06\/ecomatin.net-crise-anglophone-pres-de-600-000-enfants-prives-deducation-dans-le-nord-ouest-et-le-sud-ouest-ecole-crise-anglophone.jpg?fit=780%2C440&#038;ssl=1\" data-orig-size=\"780,440\" data-comments-opened=\"0\" data-image-meta=\"{\"aperture\":\"0\",\"credit\":\"\",\"camera\":\"\",\"caption\":\"\",\"created_timestamp\":\"0\",\"copyright\":\"\",\"focal_length\":\"0\",\"iso\":\"0\",\"shutter_speed\":\"0\",\"title\":\"\",\"orientation\":\"0\"}\" data-image-title=\"ecole crise anglophone\" data-image-description=\"\" data-medium-file=\"https:\/\/i0.wp.com\/ecomatin.net\/wp-content\/uploads\/2019\/06\/ecomatin.net-crise-anglophone-pres-de-600-000-enfants-prives-deducation-dans-le-nord-ouest-et-le-sud-ouest-ecole-crise-anglophone.jpg?fit=300%2C169&#038;ssl=1\" data-large-file=\"https:\/\/i0.wp.com\/ecomatin.net\/wp-content\/uploads\/2019\/06\/ecomatin.net-crise-anglophone-pres-de-600-000-enfants-prives-deducation-dans-le-nord-ouest-et-le-sud-ouest-ecole-crise-anglophone.jpg?fit=780%2C440&#038;ssl=1\" srcset=\"data:image\/gif;base64,R0lGODlhAQABAIAAAAAAAP\/\/\/yH5BAEAAAAALAAAAAABAAEAAAIBRAA7\"\/><\/div>\n<div class=\"entry-content entry clearfix\" readability=\"65\">\n<p>Dans un rapport r\u00e9cemment publi\u00e9, l\u2019<strong>Unicef<\/strong> dresse un bilan n\u00e9gatif de la crise anglophone sur le plan socio-\u00e9conomique. L\u2019on apprend que depuis le d\u00e9but de la crise anglophone (depuis 3 ans d\u00e9j\u00e0), des centaines de milliers d\u2019enfants qui n\u2019ont pas franchi le seuil des \u00e9tablissements scolaires : \u00ab <em>Plus de 80% des \u00e9coles ont \u00e9t\u00e9 ferm\u00e9es, touchant plus de 600 000 enfants<\/em> \u00bb, souligne le rapport.<\/p>\n<p>Pour la m\u00eame cause, le rapport indique que plus de 70 \u00e9coles ont \u00e9t\u00e9 d\u00e9truites ; et les enseignants et \u00e9l\u00e8ves de ces structures, victimes de violences physiques : \u00ab <em>depuis 2018, plus de 300 \u00e9l\u00e8ves et enseignants ont \u00e9t\u00e9 enlev\u00e9s et rel\u00e2ch\u00e9s apr\u00e8s des exp\u00e9riences traumatisantes<\/em> \u00bb, a regrett\u00e9 <strong>Toby Fricker<\/strong>, le porte-parole de l\u2019Unicef cit\u00e9 par le rapport, qui plaide par ailleurs pour une solution rapide et un encadrement s\u00fbr des enfants. Car \u00ab <em>lorsque les enfants ne vont pas \u00e0 l\u2019\u00e9cole, ils courent un plus grand risque d\u2019\u00eatre recrut\u00e9s par des groupes arm\u00e9s et sont plus susceptibles d\u2019\u00eatre expos\u00e9s au mariage d\u2019enfants, aux grossesses pr\u00e9coces, au traumatisme et \u00e0 la d\u00e9tresse \u00e9motionnelle de longue dur\u00e9e que ces exp\u00e9riences entra\u00eenent<\/em> \u00bb.<\/p>\n<p>Rappelons que ce n\u2019est pas la premi\u00e8re sortie de l\u2019Unicef sur la question. Depuis 2018, les nations unies et bien d\u2019autres institutions internationales attirent l\u2019attention des pouvoirs publics face \u00e0 la situation humanitaire qui se d\u00e9t\u00e9riore de jours en jours. Pour m\u00e9moire, \u00e0 ce jour, l\u2019on compte plus d\u2019un million de personnes dans le besoin et pr\u00e8s de 500 000 d\u00e9plac\u00e9s interne selon les estimations de l\u2019ONG Internationale <strong>Crisis Group<\/strong>. Pour cette ann\u00e9e, l\u2019Unicef d\u00e9clare avoir besoin de <strong>20 millions de dollars<\/strong>, soit environ <strong>11,5 milliards de Fcfa<\/strong>, pour r\u00e9pondre efficacement \u00e0 l\u2019urgence humanitaire dans les r\u00e9gions du Nord-Ouest et du Sud-Ouest.<\/p>\n<div class=\"about-author about-author-box container-wrapper\">\n<div class=\"author-avatar\">\n<p><img decoding=\"async\" src=\"http:\/\/\" alt=\"\"\/><\/p>\n<\/div>\n<p><h4>La R\u00e9daction EcoMatin<\/h4>\n<\/p>\n<\/div>\n<div class=\"awac-wrapper awac widget blog_subscription-2\">\n<h4 class=\"widget-title\">Abonnez-vous \u00e0 notre lettre d&rsquo;information<\/h4>\n<\/div>\n<\/div>\n<div class=\"toggle-post-content clearfix\"><a id=\"toggle-post-button\" class=\"button\" href=\"#\">Afficher plus <\/a><\/div>\n<p>Auteur: EcoMatin<br \/>\n<a href=\"https:\/\/ecomatin.net\/crise-anglophone-pres-de-600-000-enfants-prives-deducation-dans-le-nord-ouest-et-le-sud-ouest\/\">Cliquez ici pour lire l&rsquo;article depuis sa source.<\/a><\/p>\n","protected":false},"excerpt":{"rendered":"<p>Dans un rapport r\u00e9cemment publi\u00e9, l\u2019Unicef dresse un bilan n\u00e9gatif de la crise anglophone sur le plan socio-\u00e9conomique. L\u2019on apprend que depuis le d\u00e9but de la crise anglophone (depuis 3 ans d\u00e9j\u00e0), des centaines de milliers d\u2019enfants qui n\u2019ont pas franchi le seuil des \u00e9tablissements scolaires : \u00ab Plus de 80% des \u00e9coles ont \u00e9t\u00e9 [&hellip;]<\/p>\n","protected":false},"author":1969,"featured_media":0,"comment_status":"closed","ping_status":"closed","sticky":false,"template":"","format":"standard","meta":{"fifu_image_url":"","fifu_image_alt":"","footnotes":""},"categories":[82,78],"tags":[],"class_list":["post-42870","post","type-post","status-publish","format-standard","hentry","category-cameroun","category-economie"],"_links":{"self":[{"href":"https:\/\/linitiative.ca\/International\/wp-json\/wp\/v2\/posts\/42870","targetHints":{"allow":["GET"]}}],"collection":[{"href":"https:\/\/linitiative.ca\/International\/wp-json\/wp\/v2\/posts"}],"about":[{"href":"https:\/\/linitiative.ca\/International\/wp-json\/wp\/v2\/types\/post"}],"author":[{"embeddable":true,"href":"https:\/\/linitiative.ca\/International\/wp-json\/wp\/v2\/users\/1969"}],"replies":[{"embeddable":true,"href":"https:\/\/linitiative.ca\/International\/wp-json\/wp\/v2\/comments?post=42870"}],"version-history":[{"count":0,"href":"https:\/\/linitiative.ca\/International\/wp-json\/wp\/v2\/posts\/42870\/revisions"}],"wp:attachment":[{"href":"https:\/\/linitiative.ca\/International\/wp-json\/wp\/v2\/media?parent=42870"}],"wp:term":[{"taxonomy":"category","embeddable":true,"href":"https:\/\/linitiative.ca\/International\/wp-json\/wp\/v2\/categories?post=42870"},{"taxonomy":"post_tag","embeddable":true,"href":"https:\/\/linitiative.ca\/International\/wp-json\/wp\/v2\/tags?post=42870"}],"curies":[{"name":"wp","href":"https:\/\/api.w.org\/{rel}","templated":true}]}}