{"id":42871,"date":"2019-06-26T05:30:10","date_gmt":"2019-06-26T09:30:10","guid":{"rendered":"https:\/\/linitiative.ca\/International\/privatisation-camtel-peut-etre-dans-les-griffes-du-chinois-huawei\/"},"modified":"2019-06-26T05:30:10","modified_gmt":"2019-06-26T09:30:10","slug":"privatisation-camtel-peut-etre-dans-les-griffes-du-chinois-huawei","status":"publish","type":"post","link":"https:\/\/linitiative.ca\/International\/privatisation-camtel-peut-etre-dans-les-griffes-du-chinois-huawei\/","title":{"rendered":"Privatisation : Camtel peut-\u00eatre dans les griffes du chinois Huawei ?"},"content":{"rendered":"<p>Des indices tendent aujourd\u2019hui \u00e0 d\u00e9montrer que <strong>Huawei<\/strong> pourrait se d\u00e9ployer dans un domaine plus op\u00e9rationnel au Cameroun. Le premier indice remonte au d\u00e9but du mois de septembre 2018. Dans la suite du pr\u00e9sident de la R\u00e9publique <strong>Paul Biya<\/strong> qui participait au <strong>sommet Chine-Afrique<\/strong>, <strong>Alamine Ousmane Mey<\/strong>, alors patron du minist\u00e8re des Finances, l\u2019entit\u00e9 tutelle financi\u00e8re de <strong>Camtel<\/strong> sur le plan financier et capitalistique, a eu une audience avec <strong>Cao Jibin<\/strong>, le vice-pr\u00e9sident du groupe de t\u00e9l\u00e9communication chinois. Dans la version officielle de cette rencontre, il a \u00e9t\u00e9 rapport\u00e9, que les deux hommes ont parl\u00e9 du futur des t\u00e9l\u00e9communications au Cameroun. A l\u2019issue de la rencontre, les deux responsables ont sign\u00e9 \u00ab <em>l\u2019accord de partenariat strat\u00e9gique dans le domaine des technologies de l\u2019information et de la communication<\/em> \u00bb. En vertu de cet accord, Huawei est devenu le partenaire strat\u00e9gique \u00ab <em>prioritaire<\/em> \u00bb du Cameroun dans le processus de transition num\u00e9rique, la construction des infrastructures de t\u00e9l\u00e9communications telles que le <strong>backbone<\/strong> de transmission par fibre optique, le r\u00e9seau \u00e0 large bande nationale de Camtel, l\u2019application int\u00e9grale de \u00ab <em>Smart City<\/em> \u00bb et tous les autres projets en cours. Des experts proches du secteur des t\u00e9l\u00e9communications, pensent que de tels projets, auraient d\u00fb faire l\u2019objet de discussion, avec la ministre en charge des Postes et des T\u00e9l\u00e9communications, dont l\u2019administration est la tutelle technique de Camtel. Leur hypoth\u00e8se est que si c\u2019est le minist\u00e8re des Finances qui a pilot\u00e9 la rencontre, c\u2019est parce que derri\u00e8re se cachaient d\u2019autres probl\u00e8mes.<\/p>\n<hr\/>\n<h4><strong>>> Lire aussi \u2013 <a title=\"L\u2019Etat ouvre le Capital de Camtel aux priv\u00e9s\" href=\"https:\/\/ecomatin.net\/letat-ouvre-le-capital-de-camtel-aux-prives\/\" target=\"_blank\" rel=\"noopener noreferrer\">L\u2019Etat ouvre le Capital de Camtel aux priv\u00e9s<\/a><br \/><\/strong><\/h4>\n<hr\/>\n<p>Huawei est en effet partenaire de l\u2019entreprise Camtel qui, depuis de longues ann\u00e9es, est aussi expos\u00e9e \u00e0 une dette qui bien que b\u00e9n\u00e9ficiant de l\u2019appui de l\u2019Etat, n\u2019en est pas moins importante. L\u2019un des engagements cl\u00e9s de ce partenariat est la construction de la fibre optique qui relie le Cameroun au Br\u00e9sil. Le projet ne manque pas d\u2019ambition. Faire de Camtel un important distributeur de services de t\u00e9l\u00e9communications en Afrique. Son co\u00fbt global est estim\u00e9 \u00e0 <strong>280 milliards de FCFA<\/strong>. L\u2019entreprise chinoise y a jou\u00e9 un r\u00f4le important. Cette conclusion ram\u00e8ne au deuxi\u00e8me indice. Fin mai 2019 dernier, le pr\u00e9sident de la R\u00e9publique a sign\u00e9 un accord donnant la possibilit\u00e9 d\u2019ouvrir le capital de Camtel selon les modalit\u00e9s pr\u00e9vues dans son statut. Pour les experts proches de l\u2019entreprise camerounaise, cela ouvre la voie \u00e0 une possible entr\u00e9e de Huawei dans son capital par le jeu de la compensation de la dette avec des titres participation. Il est aujourd\u2019hui \u00e9vident que Camtel peine \u00e0 \u00eatre rentable. Pour l\u2019instant, le c\u00e2ble br\u00e9silien n\u2019a encore aucun client, or bient\u00f4t, il faudra commencer \u00e0 rembourser la dette qui \u00e0 servir \u00e0 le construire.<\/p>\n<hr\/>\n<h4><strong>>> Lire aussi \u2013 <a title=\"Les entreprises camerounaises boudent la fibre optique SAIL de Camtel\" href=\"https:\/\/ecomatin.net\/les-entreprises-camerounaises-boudent-la-fibre-optique-sail-de-camtel\/\" target=\"_blank\" rel=\"noopener noreferrer\">Les entreprises camerounaises boudent la fibre optique SAIL de Camtel<\/a><br \/><\/strong><\/h4>\n<hr\/>\n<p>Tout r\u00e9cemment, enfin, l\u2019actualit\u00e9 a \u00e9t\u00e9 bouscul\u00e9e par la remise de dette sign\u00e9e par le gouvernement chinois \u00e0 la faveur du Cameroun. Le public n\u2019a pas \u00e9t\u00e9 inform\u00e9 des conditions derri\u00e8re cette g\u00e9n\u00e9rosit\u00e9. La question que se posent aujourd\u2019hui certaines personnes avis\u00e9es, est celle de savoir si Camtel n\u2019a pas \u00e9t\u00e9 la cerise sur le g\u00e2teau de cette lune de miel. Pour le groupe chinois, tout serait b\u00e9n\u00e9fique. Il s\u2019assurerait que son engagement est finalement pay\u00e9, ainsi que la dette due \u00e0 <strong>Exim bank<\/strong>, le principal financier de sa coop\u00e9ration. Mais il prendrait aussi position, sur un point n\u00e9vralgique des services de t\u00e9l\u00e9communication dans le monde, l\u2019Afrique centrale \u00e9tant le point central de plusieurs r\u00e9seaux de c\u00e2bles sous-marins.<\/p>\n<div class=\"about-author about-author-box container-wrapper\">\n<div class=\"author-avatar\">\n<p><img decoding=\"async\" src=\"http:\/\/\" alt=\"\"\/><\/p>\n<\/div>\n<p><h4>La R\u00e9daction EcoMatin<\/h4>\n<\/p>\n<\/div>\n<div class=\"awac-wrapper awac widget blog_subscription-2\">\n<h4 class=\"widget-title\">Abonnez-vous \u00e0 notre lettre d&rsquo;information<\/h4>\n<\/div>\n<p>Auteur: EcoMatin<br \/>\n<a href=\"https:\/\/ecomatin.net\/privatisation-camtel-peut-etre-dans-les-griffes-du-chinois-huawei\/\">Cliquez ici pour lire l&rsquo;article depuis sa source.<\/a><\/p>\n","protected":false},"excerpt":{"rendered":"<p>Des indices tendent aujourd\u2019hui \u00e0 d\u00e9montrer que Huawei pourrait se d\u00e9ployer dans un domaine plus op\u00e9rationnel au Cameroun. Le premier indice remonte au d\u00e9but du mois de septembre 2018. Dans la suite du pr\u00e9sident de la R\u00e9publique Paul Biya qui participait au sommet Chine-Afrique, Alamine Ousmane Mey, alors patron du minist\u00e8re des Finances, l\u2019entit\u00e9 tutelle [&hellip;]<\/p>\n","protected":false},"author":1969,"featured_media":0,"comment_status":"closed","ping_status":"closed","sticky":false,"template":"","format":"standard","meta":{"fifu_image_url":"","fifu_image_alt":"","footnotes":""},"categories":[82,78],"tags":[],"class_list":["post-42871","post","type-post","status-publish","format-standard","hentry","category-cameroun","category-economie"],"_links":{"self":[{"href":"https:\/\/linitiative.ca\/International\/wp-json\/wp\/v2\/posts\/42871","targetHints":{"allow":["GET"]}}],"collection":[{"href":"https:\/\/linitiative.ca\/International\/wp-json\/wp\/v2\/posts"}],"about":[{"href":"https:\/\/linitiative.ca\/International\/wp-json\/wp\/v2\/types\/post"}],"author":[{"embeddable":true,"href":"https:\/\/linitiative.ca\/International\/wp-json\/wp\/v2\/users\/1969"}],"replies":[{"embeddable":true,"href":"https:\/\/linitiative.ca\/International\/wp-json\/wp\/v2\/comments?post=42871"}],"version-history":[{"count":0,"href":"https:\/\/linitiative.ca\/International\/wp-json\/wp\/v2\/posts\/42871\/revisions"}],"wp:attachment":[{"href":"https:\/\/linitiative.ca\/International\/wp-json\/wp\/v2\/media?parent=42871"}],"wp:term":[{"taxonomy":"category","embeddable":true,"href":"https:\/\/linitiative.ca\/International\/wp-json\/wp\/v2\/categories?post=42871"},{"taxonomy":"post_tag","embeddable":true,"href":"https:\/\/linitiative.ca\/International\/wp-json\/wp\/v2\/tags?post=42871"}],"curies":[{"name":"wp","href":"https:\/\/api.w.org\/{rel}","templated":true}]}}