{"id":42874,"date":"2019-06-26T07:02:43","date_gmt":"2019-06-26T11:02:43","guid":{"rendered":"https:\/\/linitiative.ca\/International\/besong-ntui-ogork-nouveau-general-de-soweda\/"},"modified":"2019-06-26T07:02:43","modified_gmt":"2019-06-26T11:02:43","slug":"besong-ntui-ogork-nouveau-general-de-soweda","status":"publish","type":"post","link":"https:\/\/linitiative.ca\/International\/besong-ntui-ogork-nouveau-general-de-soweda\/","title":{"rendered":"Besong Ntui Ogork : nouveau g\u00e9n\u00e9ral de SOWEDA"},"content":{"rendered":"<div class=\"entry-content entry clearfix\" readability=\"63\">\n<p><a href=\"https:\/\/i2.wp.com\/ecomatin.net\/wp-content\/uploads\/2019\/06\/ecomatin.net-besong-ntui-ogork-nouveau-general-de-soweda-rumpi-ogork.jpg?ssl=1\"><\/p>\n<p><img loading=\"lazy\" decoding=\"async\" data-attachment-id=\"9350\" data-permalink=\"https:\/\/ecomatin.net\/besong-ntui-ogork-nouveau-general-de-soweda\/rumpi-ogork\/\" data-orig-file=\"https:\/\/i2.wp.com\/ecomatin.net\/wp-content\/uploads\/2019\/06\/ecomatin.net-besong-ntui-ogork-nouveau-general-de-soweda-rumpi-ogork.jpg?fit=400%2C300&#038;ssl=1\" data-orig-size=\"400,300\" data-comments-opened=\"0\" data-image-meta=\"{\"aperture\":\"0\",\"credit\":\"\",\"camera\":\"\",\"caption\":\"\",\"created_timestamp\":\"0\",\"copyright\":\"\",\"focal_length\":\"0\",\"iso\":\"0\",\"shutter_speed\":\"0\",\"title\":\"\",\"orientation\":\"0\"}\" data-image-title=\"Rumpi Ogork\" data-image-description=\"\" data-medium-file=\"https:\/\/i2.wp.com\/ecomatin.net\/wp-content\/uploads\/2019\/06\/ecomatin.net-besong-ntui-ogork-nouveau-general-de-soweda-rumpi-ogork.jpg?fit=300%2C225&#038;ssl=1\" data-large-file=\"https:\/\/i2.wp.com\/ecomatin.net\/wp-content\/uploads\/2019\/06\/ecomatin.net-besong-ntui-ogork-nouveau-general-de-soweda-rumpi-ogork.jpg?fit=400%2C300&#038;ssl=1\" class=\" wp-image-9350 alignleft\" src=\"https:\/\/i2.wp.com\/ecomatin.net\/wp-content\/uploads\/2019\/06\/ecomatin.net-besong-ntui-ogork-nouveau-general-de-soweda-rumpi-ogork.jpg?resize=238%2C178&#038;ssl=1\" alt=\"\" width=\"238\" height=\"178\" srcset=\"https:\/\/i2.wp.com\/ecomatin.net\/wp-content\/uploads\/2019\/06\/ecomatin.net-besong-ntui-ogork-nouveau-general-de-soweda-rumpi-ogork.jpg?w=400&#038;ssl=1 400w, https:\/\/i2.wp.com\/ecomatin.net\/wp-content\/uploads\/2019\/06\/ecomatin.net-besong-ntui-ogork-nouveau-general-de-soweda-rumpi-ogork.jpg?resize=300%2C225&#038;ssl=1 300w\" sizes=\"auto, (max-width: 238px) 100vw, 238px\" data-recalc-dims=\"1\"\/><\/p>\n<p><\/a>Il remplace <strong>Andrew Ename<\/strong> qui aura pass\u00e9 plusieurs ann\u00e9es \u00e0 la t\u00eate de cette institution. Originaire de cette m\u00eame r\u00e9gion, plus pr\u00e9cis\u00e9ment du d\u00e9partement de Manyu, le nouveau DG de la <strong>Soweda<\/strong> s\u2019identifie par une grande exp\u00e9rience dans le d\u00e9veloppement rural. En effet, c\u2019est un gestionnaire moderne et professionnel du d\u00e9veloppement rural qui cumule vingt-deux ann\u00e9es d\u2019exp\u00e9rience \u00e0 des postes de direction dans de nombreuses institutions, pour une carri\u00e8re de vingt-cinq ans au Cameroun. Son expertise et ses comp\u00e9tences couvrent un large \u00e9ventail de domaines, notamment l\u2019agriculture, la gestion et l\u2019administration de projets, la planification, le suivi et l\u2019\u00e9valuation de projets.<\/p>\n<p>Titulaire d\u2019une ma\u00eetrise en D\u00e9veloppement agricole tropical, option Production v\u00e9g\u00e9tale \u00e0 l\u2019University of Reading, au Royaume-Uni, il a fait ses premiers pas dans un programme agricole \u00e0 l\u2019universit\u00e9 de Dschang, o\u00f9 il a d\u2019ailleurs obtenu sa licence avec distinction dans la m\u00eame sp\u00e9cialit\u00e9.<br \/>Par la suite, il a su faire valoir ses performances dans le projet Rumpi, le plus important projet de d\u00e9veloppement rural de la province du Sud-Ouest du Cameroun en juillet 2012. D\u2019un co\u00fbt global de d\u2019environ 1<strong>8 milliards de FCFA<\/strong> et support\u00e9 \u00e0 75 % par la Banque Africaine de D\u00e9veloppement (BAD), il avait r\u00e9ussi \u00e0 inverser les perspectives de ce projet, en le faisant passer du statut de \u00ab <em>projet probl\u00e9matique<\/em> \u00bb avec moins de 10% de r\u00e9alisation physique \u00e0 moyen terme, \u00e0 un taux de r\u00e9alisation physique de <strong>90%<\/strong> et une note globale satisfaisante de 3,13 sur une \u00e9chelle de 4, \u00e0 la fin du financement de la BAD au projet.Ces performances salu\u00e9es l\u2019ont conduit \u00e0 une forte ma\u00eetrise des syst\u00e8mes de culture tropicale et de la plantation de petites cultures, telles que le palmier \u00e0 huile, le cacao et le caoutchouc, ainsi que la plupart des cultures vivri\u00e8res de la zone agro-\u00e9cologique de la for\u00eat humide. M\u00eame s\u2019il arrive \u00e0 la t\u00eate de la SOWEDA au moment o\u00f9 la r\u00e9gion du Sud-Ouest est en proie \u00e0 la crise anglophone qui perdure, l\u2019on esp\u00e8re qu\u2019il saura mener \u00e0 bien la lourde mission qui est la sienne.<\/p>\n<div class=\"about-author about-author-box container-wrapper\">\n<div class=\"author-avatar\">\n<p><img decoding=\"async\" src=\"http:\/\/\" alt=\"\"\/><\/p>\n<\/div>\n<p><h4>La R\u00e9daction EcoMatin<\/h4>\n<\/p>\n<\/div>\n<div class=\"awac-wrapper awac widget blog_subscription-2\">\n<h4 class=\"widget-title\">Abonnez-vous \u00e0 notre lettre d&rsquo;information<\/h4>\n<\/div>\n<\/div>\n<div class=\"toggle-post-content clearfix\"><a id=\"toggle-post-button\" class=\"button\" href=\"#\">Afficher plus <\/a><\/div>\n<p>Auteur: EcoMatin<br \/>\n<a href=\"https:\/\/ecomatin.net\/besong-ntui-ogork-nouveau-general-de-soweda\/\">Cliquez ici pour lire l&rsquo;article depuis sa source.<\/a><\/p>\n","protected":false},"excerpt":{"rendered":"<p>Il remplace Andrew Ename qui aura pass\u00e9 plusieurs ann\u00e9es \u00e0 la t\u00eate de cette institution. Originaire de cette m\u00eame r\u00e9gion, plus pr\u00e9cis\u00e9ment du d\u00e9partement de Manyu, le nouveau DG de la Soweda s\u2019identifie par une grande exp\u00e9rience dans le d\u00e9veloppement rural. En effet, c\u2019est un gestionnaire moderne et professionnel du d\u00e9veloppement rural qui cumule vingt-deux [&hellip;]<\/p>\n","protected":false},"author":1969,"featured_media":0,"comment_status":"closed","ping_status":"closed","sticky":false,"template":"","format":"standard","meta":{"fifu_image_url":"","fifu_image_alt":"","footnotes":""},"categories":[82,78],"tags":[],"class_list":["post-42874","post","type-post","status-publish","format-standard","hentry","category-cameroun","category-economie"],"_links":{"self":[{"href":"https:\/\/linitiative.ca\/International\/wp-json\/wp\/v2\/posts\/42874","targetHints":{"allow":["GET"]}}],"collection":[{"href":"https:\/\/linitiative.ca\/International\/wp-json\/wp\/v2\/posts"}],"about":[{"href":"https:\/\/linitiative.ca\/International\/wp-json\/wp\/v2\/types\/post"}],"author":[{"embeddable":true,"href":"https:\/\/linitiative.ca\/International\/wp-json\/wp\/v2\/users\/1969"}],"replies":[{"embeddable":true,"href":"https:\/\/linitiative.ca\/International\/wp-json\/wp\/v2\/comments?post=42874"}],"version-history":[{"count":0,"href":"https:\/\/linitiative.ca\/International\/wp-json\/wp\/v2\/posts\/42874\/revisions"}],"wp:attachment":[{"href":"https:\/\/linitiative.ca\/International\/wp-json\/wp\/v2\/media?parent=42874"}],"wp:term":[{"taxonomy":"category","embeddable":true,"href":"https:\/\/linitiative.ca\/International\/wp-json\/wp\/v2\/categories?post=42874"},{"taxonomy":"post_tag","embeddable":true,"href":"https:\/\/linitiative.ca\/International\/wp-json\/wp\/v2\/tags?post=42874"}],"curies":[{"name":"wp","href":"https:\/\/api.w.org\/{rel}","templated":true}]}}