{"id":42891,"date":"2019-06-27T05:56:55","date_gmt":"2019-06-27T09:56:55","guid":{"rendered":"https:\/\/linitiative.ca\/International\/usa-iran-washington-sanctionne-le-guide-supreme\/"},"modified":"2019-06-27T05:56:55","modified_gmt":"2019-06-27T09:56:55","slug":"usa-iran-washington-sanctionne-le-guide-supreme","status":"publish","type":"post","link":"https:\/\/linitiative.ca\/International\/usa-iran-washington-sanctionne-le-guide-supreme\/","title":{"rendered":"USA-Iran: Washington sanctionne le Guide supr\u00eame"},"content":{"rendered":"<p class=\"c4\"><span class=\"c3\"><strong><span class=\"c2\">V<\/span>oulant, par tous moyens, emp\u00eacher la R\u00e9publique islamique iranienne, qu\u2019il \u00e9rige en \u00abparrain du terrorisme\u00bb, de se doter de l\u2019arme nucl\u00e9aire, Donald Trump a sign\u00e9, ce lundi, un d\u00e9cret emp\u00eachant \u00able Guide supr\u00eame, son \u00e9quipe et d\u2019autres qui lui sont \u00e9troitement li\u00e9s d\u2019avoir acc\u00e8s \u00e0 des ressources financi\u00e8res essentielles\u00bb.<\/strong><\/span><\/p>\n<p class=\"c4\">Les personnes vis\u00e9es, dont les avoirs sont estim\u00e9s \u00e0 \u00abdes milliards de dollars d\u2019actifs\u00bb selon Steven Mnuchin, le Secr\u00e9taire au Tr\u00e9sor, sont Ali Khamenei, le Guide Supr\u00eame de la R\u00e9publique islamique, huit g\u00e9n\u00e9raux relevant du Commandement des Gardiens de la R\u00e9volution ainsi que Mohammad Javad Zarif, le ministre iranien des Affaires \u00e9trang\u00e8res alors m\u00eame que ce dernier, r\u00e9put\u00e9 \u00abmod\u00e9r\u00e9\u00bb, a toujours cherch\u00e9 la d\u00e9tente avec l\u2019Occident.<\/p>\n<p class=\"c4\">Ces sanctions ont \u00e9t\u00e9 annonc\u00e9es quatre jours apr\u00e8s que l\u2019Iran ait affirm\u00e9 avoir d\u00e9truit un drone am\u00e9ricain qui se trouvait dans son espace a\u00e9rien et juste apr\u00e8s que Donald Trump ait d\u00e9clar\u00e9 avoir annul\u00e9, au dernier moment, les frappes qu\u2019il entendait effectuer en direction de cibles iraniennes \u00e0 titre de repr\u00e9sailles. Or, si l\u2019on en croit certains m\u00e9dias am\u00e9ricains, le pr\u00e9sident US aurait ordonn\u00e9, en revanche, l\u2019ex\u00e9cution de cyber-attaques contre des syst\u00e8mes de lancement de missiles; ce que T\u00e9h\u00e9ran d\u00e9ment formellement en assurant n\u2019avoir subi aucun d\u00e9g\u00e2t.<\/p>\n<p class=\"c4\">A l\u2019emportement intempestif du locataire de la Maison Blanche, Abbas Moussavi, le porte-parole du minist\u00e8re iranien des Affaires \u00e9trang\u00e8res a r\u00e9pondu qu\u2019\u00abimposer des sanctions st\u00e9riles contre le guide supr\u00eame de l\u2019Iran et le chef de la diplomatie iranienne, c\u2019est fermer de fa\u00e7on permanente la voie de la diplomatie\u00bb.<\/p>\n<p class=\"c4\">Intervenant \u00e0 l\u2019occasion du lancement, ce mardi \u00e0 T\u00e9h\u00e9ran, des travaux d\u2019un colloque m\u00e9dical, le pr\u00e9sident Hassan Rohani a point\u00e9 du doigt les \u00abmensonges\u00bb et l\u2019ambig\u00fcit\u00e9 de la position de Washington qui, tout en appelant \u00e0 \u00abdes n\u00e9gociations\u00bb avec l\u2019Iran, cherche \u00ab\u00e0 sanctionner (son) ministre des Affaires \u00e9trang\u00e8res\u00bb.<\/p>\n<p class=\"c4\">D\u00e9sireux de mettre un terme aux tensions qui pourraient plonger la r\u00e9gion sous un d\u00e9luge de feu, le Conseil de S\u00e9curit\u00e9 qui devait tenir ce mercredi une r\u00e9union portant sur l\u2019application de l\u2019accord de Vienne sur le nucl\u00e9aire iranien duquel les Etats-Unis se sont retir\u00e9s, a appel\u00e9 ce lundi au cours d\u2019une r\u00e9union tenue \u00e0 huis-clos, les deux parties \u00abau dialogue\u00bb et \u00e0 la retenue.<\/p>\n<p class=\"c4\">A l\u2019issue de cette s\u00e9ance de travail, la France, l\u2019Allemagne et le Royaume-Uni, signataires dudit accord, \u00abgravement pr\u00e9occup\u00e9s par les tensions croissantes dans le Golfe\u00bb ont r\u00e9affirm\u00e9 \u00ableur engagement \u00e0 (sa) mise en \u0153uvre int\u00e9grale\u00bb et appel\u00e9 \u00ab\u00e0 la d\u00e9sescalade\u00bb alors que, de son c\u00f4t\u00e9, l\u2019ambassadeur iranien aupr\u00e8s des Nations-Unies a d\u00e9clar\u00e9 que \u00abpour att\u00e9nuer les tensions dans l\u2019ensemble de la r\u00e9gion du Golfe, les Etats-Unis doivent arr\u00eater leur aventurisme militaire, comme leur guerre \u00e9conomique et le terrorisme contre le peuple iranien\u00bb.<\/p>\n<p class=\"c4\">Enfin, lors d\u2019une conf\u00e9rence de presse donn\u00e9e par un porte-parole de son minist\u00e8re des Affaires \u00e9trang\u00e8res, la Chine, autre signataire de l\u2019accord de Vienne,\u00a0 estimant que le fait de \u00abpersister \u00e0 appliquer une pression maximale (contre l\u2019Iran) n\u2019aide(ra) pas \u00e0 r\u00e9soudre le probl\u00e8me\u00bb, a appel\u00e9 Washington \u00e0 faire preuve de \u00absang-froid\u00bb et de \u00abretenue\u00bb.<\/p>\n<p class=\"c4\">Le bon sens et la mod\u00e9ration finiront-ils par l\u2019emporter ? Osons l\u2019esp\u00e9rer et attendons pour voir\u2026<\/p>\n<p class=\"c5\"><strong>Nabil El Bousaadi<\/strong><\/p>\n<p>Auteur: rahal mehamed<br \/>\n<a href=\"http:\/\/albayane.press.ma\/usa-iran-washington-sanctionne-le-guide-supreme.html\">Cliquez ici pour lire l&rsquo;article depuis sa source.<\/a><\/p>\n","protected":false},"excerpt":{"rendered":"<p>Voulant, par tous moyens, emp\u00eacher la R\u00e9publique islamique iranienne, qu\u2019il \u00e9rige en \u00abparrain du terrorisme\u00bb, de se doter de l\u2019arme nucl\u00e9aire, Donald Trump a sign\u00e9, ce lundi, un d\u00e9cret emp\u00eachant \u00able Guide supr\u00eame, son \u00e9quipe et d\u2019autres qui lui sont \u00e9troitement li\u00e9s d\u2019avoir acc\u00e8s \u00e0 des ressources financi\u00e8res essentielles\u00bb. Les personnes vis\u00e9es, dont les avoirs [&hellip;]<\/p>\n","protected":false},"author":1760,"featured_media":0,"comment_status":"closed","ping_status":"closed","sticky":false,"template":"","format":"standard","meta":{"fifu_image_url":"","fifu_image_alt":"","footnotes":""},"categories":[73,54],"tags":[],"class_list":["post-42891","post","type-post","status-publish","format-standard","hentry","category-actualite","category-maroc"],"_links":{"self":[{"href":"https:\/\/linitiative.ca\/International\/wp-json\/wp\/v2\/posts\/42891","targetHints":{"allow":["GET"]}}],"collection":[{"href":"https:\/\/linitiative.ca\/International\/wp-json\/wp\/v2\/posts"}],"about":[{"href":"https:\/\/linitiative.ca\/International\/wp-json\/wp\/v2\/types\/post"}],"author":[{"embeddable":true,"href":"https:\/\/linitiative.ca\/International\/wp-json\/wp\/v2\/users\/1760"}],"replies":[{"embeddable":true,"href":"https:\/\/linitiative.ca\/International\/wp-json\/wp\/v2\/comments?post=42891"}],"version-history":[{"count":0,"href":"https:\/\/linitiative.ca\/International\/wp-json\/wp\/v2\/posts\/42891\/revisions"}],"wp:attachment":[{"href":"https:\/\/linitiative.ca\/International\/wp-json\/wp\/v2\/media?parent=42891"}],"wp:term":[{"taxonomy":"category","embeddable":true,"href":"https:\/\/linitiative.ca\/International\/wp-json\/wp\/v2\/categories?post=42891"},{"taxonomy":"post_tag","embeddable":true,"href":"https:\/\/linitiative.ca\/International\/wp-json\/wp\/v2\/tags?post=42891"}],"curies":[{"name":"wp","href":"https:\/\/api.w.org\/{rel}","templated":true}]}}