{"id":42897,"date":"2019-06-27T05:46:06","date_gmt":"2019-06-27T09:46:06","guid":{"rendered":"https:\/\/linitiative.ca\/International\/participation-au-salon-summer-fancy-food-show-les-potentialites-tunisiennes-exposees-a-new-york\/"},"modified":"2019-06-27T05:46:06","modified_gmt":"2019-06-27T09:46:06","slug":"participation-au-salon-summer-fancy-food-show-les-potentialites-tunisiennes-exposees-a-new-york","status":"publish","type":"post","link":"https:\/\/linitiative.ca\/International\/participation-au-salon-summer-fancy-food-show-les-potentialites-tunisiennes-exposees-a-new-york\/","title":{"rendered":"Participation au salon \u2018\u2019Summer Fancy Food Show\u2019\u2019  Les potentialit\u00e9s tunisiennes expos\u00e9es \u00e0 New York"},"content":{"rendered":"<p><strong>La Tunisie a particip\u00e9, du 23 au 25 juin, \u00e0 la 65\u00e8me \u00e9dition du salon \u00ab Fancy Food Show \u00bb, organis\u00e9 \u00e0 New York (USA).<\/strong> Le Cepex a indiqu\u00e9, dans un communiqu\u00e9, publi\u00e9 mardi, que la participation tunisienne \u00e0 ce salon, d\u00e9di\u00e9 aux professionnels de l\u2019agroalimentaire en Am\u00e9rique du Nord, \u00ab a permis de mettre en valeur une offre assez exhaustive des potentialit\u00e9s de la Tunisie dans ce secteur et de promouvoir les atouts de la Tunisie sur un march\u00e9 qui pr\u00e9sente de r\u00e9elles opportunit\u00e9s d\u2019exportation surtout au niveau du march\u00e9 ethnique, dont la client\u00e8le appartient \u00e0 la communaut\u00e9 arabo-musulmane assez cons\u00e9quente dans le continent nord-am\u00e9ricain \u00bb.<\/p>\n<p><img decoding=\"async\" src=\"http:\/\/lexpertjournal.net\/fr\/wp-content\/uploads\/sites\/2\/2019\/06\/SFFS-exhibiting.jpg.370x370_q85.jpg\" alt=\"\" class=\"wp-image-8457\" srcset=\"http:\/\/lexpertjournal.net\/fr\/wp-content\/uploads\/sites\/2\/2019\/06\/SFFS-exhibiting.jpg.370x370_q85.jpg 370w, http:\/\/lexpertjournal.net\/fr\/wp-content\/uploads\/sites\/2\/2019\/06\/SFFS-exhibiting.jpg.370x370_q85-150x150.jpg 150w, http:\/\/lexpertjournal.net\/fr\/wp-content\/uploads\/sites\/2\/2019\/06\/SFFS-exhibiting.jpg.370x370_q85-300x300.jpg 300w\" sizes=\"(max-width: 370px) 100vw, 370px\"\/><strong>salon \u00ab fancy food show \u00bb a la 65 \u00e9me \u00e9dition<\/strong><\/p>\n<p>\u00bb Les cooking shows organis\u00e9s au sein du pavillon de la Tunisie tout au long des 3 jours d\u2019exposition, ont constitu\u00e9 des moments forts de la participation tunisienne et ont permis aux visiteurs, aux professionnels et aux m\u00e9dias de d\u00e9couvrir les saveurs authentiques des produits tunisiens \u00e0 travers de multiples recettes de mets et plats cuisin\u00e9s sur place \u00e0 partir de produits agroalimentaires tunisiens \u00ab , a encore soulign\u00e9 la Cepex.<\/p>\n<p>Et d\u2019ajouter que \u00bb les exposants Tunisiens ont pu effectuer des contacts prometteurs avec des visiteurs professionnels venus de plus de 55 pays \u00e9trangers, notamment d\u2019Afrique, d\u2019Europe, d\u2019Am\u00e9rique d\u2019Asie et du Moyen-Orient \u00ab .<\/p>\n<p>Le salon \u2018\u2019 Fancy Food Show\u2019\u2019 regroupe plus de 2500 exposants en provenance de 55 pays et pr\u00e8s de 25.000 visiteurs professionnels.<\/p>\n<p>(+ Photo)<\/p>\n<p class=\"dpsp-share-text\">Partager c&rsquo;est aimer!<\/p>\n<div class=\"wp-post-author-wrap wp-post-author-shortcode left\">\n<h3 class=\"awpa-title\"\/>\n<div class=\"wp-post-author\">\n<div class=\"awpa-img awpa-author-block square\"><a href=\"http:\/\/lexpertjournal.net\/fr\/author\/expert\/\"><img loading=\"lazy\" decoding=\"async\" alt=\"\" src=\"http:\/\/2.gravatar.com\/avatar\/56d99be2a6f97af88ccb49fada637fcd?s=150&#038;d=mm&#038;r=g\" srcset=\"http:\/\/2.gravatar.com\/avatar\/56d99be2a6f97af88ccb49fada637fcd?s=300&#038;d=mm&#038;r=g 2x\" class=\"avatar avatar-150 photo\" height=\"150\" width=\"150\"\/><\/a><\/div>\n<\/div>\n<\/div>\n<p>Auteur: L&rsquo;expert<br \/>\n<a href=\"http:\/\/lexpertjournal.net\/fr\/2019\/06\/27\/participation-au-salon-summer-fancy-food-show-les-potentialites-tunisiennes-exposees-a-new-york\/\">Cliquez ici pour lire l&rsquo;article depuis sa source.<\/a><\/p>\n","protected":false},"excerpt":{"rendered":"<p>La Tunisie a particip\u00e9, du 23 au 25 juin, \u00e0 la 65\u00e8me \u00e9dition du salon \u00ab Fancy Food Show \u00bb, organis\u00e9 \u00e0 New York (USA). Le Cepex a indiqu\u00e9, dans un communiqu\u00e9, publi\u00e9 mardi, que la participation tunisienne \u00e0 ce salon, d\u00e9di\u00e9 aux professionnels de l\u2019agroalimentaire en Am\u00e9rique du Nord, \u00ab a permis de mettre [&hellip;]<\/p>\n","protected":false},"author":1775,"featured_media":42898,"comment_status":"closed","ping_status":"closed","sticky":false,"template":"","format":"standard","meta":{"fifu_image_url":"","fifu_image_alt":"","footnotes":""},"categories":[78,55],"tags":[],"class_list":["post-42897","post","type-post","status-publish","format-standard","has-post-thumbnail","hentry","category-economie","category-tunisie"],"_links":{"self":[{"href":"https:\/\/linitiative.ca\/International\/wp-json\/wp\/v2\/posts\/42897","targetHints":{"allow":["GET"]}}],"collection":[{"href":"https:\/\/linitiative.ca\/International\/wp-json\/wp\/v2\/posts"}],"about":[{"href":"https:\/\/linitiative.ca\/International\/wp-json\/wp\/v2\/types\/post"}],"author":[{"embeddable":true,"href":"https:\/\/linitiative.ca\/International\/wp-json\/wp\/v2\/users\/1775"}],"replies":[{"embeddable":true,"href":"https:\/\/linitiative.ca\/International\/wp-json\/wp\/v2\/comments?post=42897"}],"version-history":[{"count":0,"href":"https:\/\/linitiative.ca\/International\/wp-json\/wp\/v2\/posts\/42897\/revisions"}],"wp:featuredmedia":[{"embeddable":true,"href":"https:\/\/linitiative.ca\/International\/wp-json\/"}],"wp:attachment":[{"href":"https:\/\/linitiative.ca\/International\/wp-json\/wp\/v2\/media?parent=42897"}],"wp:term":[{"taxonomy":"category","embeddable":true,"href":"https:\/\/linitiative.ca\/International\/wp-json\/wp\/v2\/categories?post=42897"},{"taxonomy":"post_tag","embeddable":true,"href":"https:\/\/linitiative.ca\/International\/wp-json\/wp\/v2\/tags?post=42897"}],"curies":[{"name":"wp","href":"https:\/\/api.w.org\/{rel}","templated":true}]}}