{"id":42899,"date":"2019-06-27T05:53:44","date_gmt":"2019-06-27T09:53:44","guid":{"rendered":"https:\/\/linitiative.ca\/International\/gouvernorat-de-monastir-des-financements-supplementaires-pour-booster-le-tourisme\/"},"modified":"2019-06-27T05:53:44","modified_gmt":"2019-06-27T09:53:44","slug":"gouvernorat-de-monastir-des-financements-supplementaires-pour-booster-le-tourisme","status":"publish","type":"post","link":"https:\/\/linitiative.ca\/International\/gouvernorat-de-monastir-des-financements-supplementaires-pour-booster-le-tourisme\/","title":{"rendered":"Gouvernorat de Monastir : Des financements suppl\u00e9mentaires pour booster le tourisme"},"content":{"rendered":"<p><strong>Tous les moyens sont mis en \u0153uvre pour booster le tourisme, pr\u00e9parer des plages o\u00f9 on peut se baigner et pr\u00e9senter un environnement sain, en vue d\u2019attirer les estivants. Le gouvernorat de Monastir n\u2019a pas b\u00e9n\u00e9fici\u00e9 de l\u2019attention des pouvoirs publics et il a fallu mettre de l\u2019ordre.<\/strong><\/p>\n<p>Une enveloppe exceptionnelle sera consacr\u00e9e au gouvernorat de Monastir par le minist\u00e8re du Tourisme et de l\u2019Artisanat, a annonc\u00e9 le ministre Ren\u00e9 Trabelsi, lors d\u2019une r\u00e9union extraordinaire du conseil r\u00e9gional du tourisme tenue hier, dans la r\u00e9gion.<\/p>\n<p>Il a \u00e9t\u00e9 ainsi d\u00e9cid\u00e9, de doubler la prime annuelle allou\u00e9e au gouvernorat de Monastir et de consacrer une enveloppe de 200 mille dinars \u00e0 la r\u00e9habilitation et l\u2019\u00e9clairage de la route n\u00b03 situ\u00e9e dans la zone touristique. Une autre enveloppe de100 mille dinars sera \u00e9galement allou\u00e9e au paiement du promoteur charg\u00e9 de l\u2019entretien dans cette zone.<\/p>\n<p>La prime allou\u00e9e aux municipalit\u00e9s de Sidi Ameur, Mesjed Issa et de Sahline Mo\u00f4tmar sera \u00e9galement, augment\u00e9e de 30 mille dinars \u00e0 100 mille dinars, a affirm\u00e9 Trabelsi soulignant qu\u2019une enveloppe exceptionnelle de 100 mille dinars sera consacr\u00e9e au nettoyage des plages de Bekalta.<\/p>\n<p>D\u2019autre part, le ministre a fait savoir que de grandes agences de voyage europ\u00e9ennes feront leur entr\u00e9e sur le march\u00e9 tunisien, et ce, dans le cadre de l\u2019open sky, notant que cette donne est de nature \u00e0 attirer une nouvelle cat\u00e9gorie de touristes \u00e9trangers vers la Tunisie alors que le taux d\u2019occupation dans les h\u00f4tels de la r\u00e9gion est de 100%.<\/p>\n<p>Trabelsi a soulign\u00e9 la n\u00e9cessit\u00e9 de valoriser davantage les monuments de la r\u00e9gion, \u00e0 l\u2019Instar du Mausol\u00e9e Habib Bourguiba.<\/p>\n<p>En ce qui concerne les h\u00f4tels ferm\u00e9s, le minist\u00e8re du Tourisme et de l\u2019Artisanat oeuvre \u00e0 identifier des solutions dans ce domaine d\u2019autant que cet \u00e9tat de fait est de nature \u00e0 cr\u00e9er des probl\u00e8mes s\u00e9curitaire et environnemental et d\u2019entacher l\u2019image du tourisme, en Tunisie, selon le responsable gouvernemental.<\/p>\n<p>A cet \u00e9gard, le tourisme thermal b\u00e9n\u00e9ficie d\u2019importants investissements pouvant \u00eatre exploit\u00e9s dans la transformation des h\u00f4tels ferm\u00e9s en des centres de soin, \u00e0 condition de garantir le transfert de leurs b\u00e9n\u00e9fices en devises vers les banques tunisiennes, a-t-il pr\u00e9cis\u00e9.<\/p>\n<p>Dans sa r\u00e9ponse aux questions des intervenants, le ministre a exprim\u00e9 le souhait de voir les plages placer sous la tutelle de son d\u00e9partement, relevant que les autorisations attribu\u00e9es par l\u2019Agence de la Protection du Littoral pour l\u2019exploitation provisoire des plages devaient r\u00e9pondre \u00e0 des crit\u00e8res clairs lors de l\u2019augmentation des tarifs de location.<\/p>\n<p>De son c\u00f4t\u00e9, le pr\u00e9sident de la F\u00e9d\u00e9ration r\u00e9gionale de l\u2019H\u00f4tellerie de Monastir, Slim Dimassi, a recommand\u00e9 d\u2019identifier des solutions aux probl\u00e8mes qui se posent dans ce domaine, dont le d\u00e9versement de l\u2019eau de l\u2019assainissement et des eaux us\u00e9es \u00e0 Oued Hamdoun, qui se trouve dans le voisinage de la zone touristique.<\/p>\n<p>Il a \u00e9galement appel\u00e9 \u00e0 renouveler le r\u00e9seau d\u2019\u00e9clairage public dans cette zone notamment au niveau de la route n\u00b03 et le r\u00e9seau de canalisation ainsi qu\u2019\u00e0 soutenir les efforts de la municipalit\u00e9 de Monastir en mati\u00e8re de lutte contre les insectes.<\/p>\n<p>Selon les donn\u00e9es pr\u00e9sent\u00e9es lors de la r\u00e9union, le secteur du tourisme \u00e0 Monastir a enregistr\u00e9 une \u00e9volution de 17,5% en termes de nuit\u00e9es pendant la p\u00e9riode entre 1er janvier 2019 et 20 juin 2019, et ce par rapport \u00e0 la m\u00eame p\u00e9riode de l\u2019ann\u00e9e 2018.<\/p>\n<p class=\"dpsp-share-text\">Partager c&rsquo;est aimer!<\/p>\n<div class=\"wp-post-author-wrap wp-post-author-shortcode left\">\n<h3 class=\"awpa-title\"\/>\n<div class=\"wp-post-author\">\n<div class=\"awpa-img awpa-author-block square\"><a href=\"http:\/\/lexpertjournal.net\/fr\/author\/expert\/\"><img loading=\"lazy\" decoding=\"async\" alt=\"\" src=\"http:\/\/2.gravatar.com\/avatar\/56d99be2a6f97af88ccb49fada637fcd?s=150&#038;d=mm&#038;r=g\" srcset=\"http:\/\/2.gravatar.com\/avatar\/56d99be2a6f97af88ccb49fada637fcd?s=300&#038;d=mm&#038;r=g 2x\" class=\"avatar avatar-150 photo\" height=\"150\" width=\"150\"\/><\/a><\/div>\n<\/div>\n<\/div>\n<p>Auteur: L&rsquo;expert<br \/>\n<a href=\"http:\/\/lexpertjournal.net\/fr\/2019\/06\/27\/gouvernorat-de-monastir-des-financements-supplementaires-pour-booster-le-tourisme\/\">Cliquez ici pour lire l&rsquo;article depuis sa source.<\/a><\/p>\n","protected":false},"excerpt":{"rendered":"<p>Tous les moyens sont mis en \u0153uvre pour booster le tourisme, pr\u00e9parer des plages o\u00f9 on peut se baigner et pr\u00e9senter un environnement sain, en vue d\u2019attirer les estivants. Le gouvernorat de Monastir n\u2019a pas b\u00e9n\u00e9fici\u00e9 de l\u2019attention des pouvoirs publics et il a fallu mettre de l\u2019ordre. Une enveloppe exceptionnelle sera consacr\u00e9e au gouvernorat [&hellip;]<\/p>\n","protected":false},"author":1775,"featured_media":0,"comment_status":"closed","ping_status":"closed","sticky":false,"template":"","format":"standard","meta":{"fifu_image_url":"","fifu_image_alt":"","footnotes":""},"categories":[78,55],"tags":[],"class_list":["post-42899","post","type-post","status-publish","format-standard","hentry","category-economie","category-tunisie"],"_links":{"self":[{"href":"https:\/\/linitiative.ca\/International\/wp-json\/wp\/v2\/posts\/42899","targetHints":{"allow":["GET"]}}],"collection":[{"href":"https:\/\/linitiative.ca\/International\/wp-json\/wp\/v2\/posts"}],"about":[{"href":"https:\/\/linitiative.ca\/International\/wp-json\/wp\/v2\/types\/post"}],"author":[{"embeddable":true,"href":"https:\/\/linitiative.ca\/International\/wp-json\/wp\/v2\/users\/1775"}],"replies":[{"embeddable":true,"href":"https:\/\/linitiative.ca\/International\/wp-json\/wp\/v2\/comments?post=42899"}],"version-history":[{"count":0,"href":"https:\/\/linitiative.ca\/International\/wp-json\/wp\/v2\/posts\/42899\/revisions"}],"wp:attachment":[{"href":"https:\/\/linitiative.ca\/International\/wp-json\/wp\/v2\/media?parent=42899"}],"wp:term":[{"taxonomy":"category","embeddable":true,"href":"https:\/\/linitiative.ca\/International\/wp-json\/wp\/v2\/categories?post=42899"},{"taxonomy":"post_tag","embeddable":true,"href":"https:\/\/linitiative.ca\/International\/wp-json\/wp\/v2\/tags?post=42899"}],"curies":[{"name":"wp","href":"https:\/\/api.w.org\/{rel}","templated":true}]}}