{"id":42900,"date":"2019-06-27T06:02:15","date_gmt":"2019-06-27T10:02:15","guid":{"rendered":"https:\/\/linitiative.ca\/International\/au-cours-dun-sit-in-a-la-kasbah-les-douaniers-expriment-leur-ras-le-bol\/"},"modified":"2019-06-27T06:02:15","modified_gmt":"2019-06-27T10:02:15","slug":"au-cours-dun-sit-in-a-la-kasbah-les-douaniers-expriment-leur-ras-le-bol","status":"publish","type":"post","link":"https:\/\/linitiative.ca\/International\/au-cours-dun-sit-in-a-la-kasbah-les-douaniers-expriment-leur-ras-le-bol\/","title":{"rendered":"Au cours d\u2019un sit-in \u00e0 la Kasbah : Les douaniers expriment leur ras-le-bol"},"content":{"rendered":"<p>L\u2019Union nationale des corps de la douane tunisienne a observ\u00e9, hier, un sit-in devant le si\u00e8ge de la pr\u00e9sidence du gouvernement \u00e0 la Kasbah, pour protester contre la non-satisfaction des revendications r\u00e9clam\u00e9es par ce corps depuis des ann\u00e9es, notamment la r\u00e9vision de l\u2019\u00e2ge de la retraite et la publication du texte d\u2019application du nouveau code de la douane.<\/p>\n<p>Elle a \u00e9galement, r\u00e9clam\u00e9 la modernisation des lois, des statuts de la corporation et des proc\u00e9dures d\u2019\u00e9lection du Conseil sup\u00e9rieur de la magistrature de mani\u00e8re \u00e0 garantir son ind\u00e9pendance.<\/p>\n<p>Le secr\u00e9taire g\u00e9n\u00e9ral de l\u2019Union, Khaled Oueslati, a point\u00e9 du doigt le statut de la douane, dont la date d\u2019adoption remonte \u00e0 1996, estimant qu\u2019il consacre des cas de conflit d\u2019int\u00e9r\u00eats, d\u2019o\u00f9 la n\u00e9cessit\u00e9 de l\u2019amender dans les plus brefs d\u00e9lais.<\/p>\n<p>Plusieurs cadres de la douane, qui ont pris part \u00e0 ce sit-in, ont exprim\u00e9 leur ras-le-bol face \u00e0 l\u2019indiff\u00e9rence du gouvernement.<\/p>\n<p class=\"dpsp-share-text\">Partager c&rsquo;est aimer!<\/p>\n<div class=\"wp-post-author-wrap wp-post-author-shortcode left\">\n<h3 class=\"awpa-title\"\/>\n<div class=\"wp-post-author\">\n<div class=\"awpa-img awpa-author-block square\"><a href=\"http:\/\/lexpertjournal.net\/fr\/author\/expert\/\"><img loading=\"lazy\" decoding=\"async\" alt=\"\" src=\"http:\/\/2.gravatar.com\/avatar\/56d99be2a6f97af88ccb49fada637fcd?s=150&#038;d=mm&#038;r=g\" srcset=\"http:\/\/2.gravatar.com\/avatar\/56d99be2a6f97af88ccb49fada637fcd?s=300&#038;d=mm&#038;r=g 2x\" class=\"avatar avatar-150 photo\" height=\"150\" width=\"150\"\/><\/a><\/div>\n<\/div>\n<\/div>\n<p>Auteur: L&rsquo;expert<br \/>\n<a href=\"http:\/\/lexpertjournal.net\/fr\/2019\/06\/27\/au-cours-dun-sit-in-a-la-kasbah-les-douaniers-expriment-leur-ras-le-bol\/\">Cliquez ici pour lire l&rsquo;article depuis sa source.<\/a><\/p>\n","protected":false},"excerpt":{"rendered":"<p>L\u2019Union nationale des corps de la douane tunisienne a observ\u00e9, hier, un sit-in devant le si\u00e8ge de la pr\u00e9sidence du gouvernement \u00e0 la Kasbah, pour protester contre la non-satisfaction des revendications r\u00e9clam\u00e9es par ce corps depuis des ann\u00e9es, notamment la r\u00e9vision de l\u2019\u00e2ge de la retraite et la publication du texte d\u2019application du nouveau code [&hellip;]<\/p>\n","protected":false},"author":1775,"featured_media":0,"comment_status":"closed","ping_status":"closed","sticky":false,"template":"","format":"standard","meta":{"fifu_image_url":"","fifu_image_alt":"","footnotes":""},"categories":[78,55],"tags":[],"class_list":["post-42900","post","type-post","status-publish","format-standard","hentry","category-economie","category-tunisie"],"_links":{"self":[{"href":"https:\/\/linitiative.ca\/International\/wp-json\/wp\/v2\/posts\/42900","targetHints":{"allow":["GET"]}}],"collection":[{"href":"https:\/\/linitiative.ca\/International\/wp-json\/wp\/v2\/posts"}],"about":[{"href":"https:\/\/linitiative.ca\/International\/wp-json\/wp\/v2\/types\/post"}],"author":[{"embeddable":true,"href":"https:\/\/linitiative.ca\/International\/wp-json\/wp\/v2\/users\/1775"}],"replies":[{"embeddable":true,"href":"https:\/\/linitiative.ca\/International\/wp-json\/wp\/v2\/comments?post=42900"}],"version-history":[{"count":0,"href":"https:\/\/linitiative.ca\/International\/wp-json\/wp\/v2\/posts\/42900\/revisions"}],"wp:attachment":[{"href":"https:\/\/linitiative.ca\/International\/wp-json\/wp\/v2\/media?parent=42900"}],"wp:term":[{"taxonomy":"category","embeddable":true,"href":"https:\/\/linitiative.ca\/International\/wp-json\/wp\/v2\/categories?post=42900"},{"taxonomy":"post_tag","embeddable":true,"href":"https:\/\/linitiative.ca\/International\/wp-json\/wp\/v2\/tags?post=42900"}],"curies":[{"name":"wp","href":"https:\/\/api.w.org\/{rel}","templated":true}]}}