{"id":42901,"date":"2019-06-27T06:06:32","date_gmt":"2019-06-27T10:06:32","guid":{"rendered":"https:\/\/linitiative.ca\/International\/hausse-des-tarifs-de-12-et-15-lelectricite-et-le-gaz-plus-chers-pour-les-gros-consommateurs\/"},"modified":"2019-06-27T06:06:32","modified_gmt":"2019-06-27T10:06:32","slug":"hausse-des-tarifs-de-12-et-15-lelectricite-et-le-gaz-plus-chers-pour-les-gros-consommateurs","status":"publish","type":"post","link":"https:\/\/linitiative.ca\/International\/hausse-des-tarifs-de-12-et-15-lelectricite-et-le-gaz-plus-chers-pour-les-gros-consommateurs\/","title":{"rendered":"Hausse des tarifs de 12 et 15% : L\u2019\u00e9lectricit\u00e9 et le gaz plus chers pour les gros consommateurs !!"},"content":{"rendered":"<h5><em>L<\/em>a STEG a r\u00e9vis\u00e9 \u00e0 la hausse la tarification de l\u2019\u00e9lectricit\u00e9 et du gaz naturel, depuis le d\u00e9but du mois de juin courant, avec un pourcentage variant entre 12 et 15%, selon une source syndicale de la soci\u00e9t\u00e9.<\/h5>\n<p>La nouvelle tarification sera appliqu\u00e9e pour les clients domestiques (basse tension), \u00e0 partir du 1er juin 2019.<\/p>\n<p>Pour ce qui est des industriels, la hausse de la tarification est estim\u00e9e \u00e0 12%, \u00e0 raison d\u2019une augmentation mensuelle de 2%, depuis le d\u00e9but de l\u2019ann\u00e9e jusqu\u2019au mois de juin courant.<\/p>\n<p>Le site \u00e9lectronique de la STEG a publi\u00e9 la nouvelle tarification, depuis le d\u00e9but du mois, sans laisser aucune trace des anciennes tarifications, pour d\u2019\u00e9ventuelles comparaisons.<\/p>\n<p>La m\u00eame source a fait savoir que m\u00eame les agents de la STEG, et notamment ceux op\u00e9rant dans les agences commerciales, ne sont pas au courant de cette augmentation, ajoutant qu\u2019il est difficile de comprendre la m\u00e9thode de calcul de la nouvelle tarification, surtout pour le client.<\/p>\n<p>Elle a pr\u00e9conis\u00e9, dans ce cadre, aux clients de faire une simple comparaison entre les anciennes factures de consommation et la prochaine facture, pour comprendre le niveau de la hausse.<\/p>\n<p>L\u2019augmentation de 10% de la tarification de l\u2019\u00e9lectricit\u00e9 et du gaz naturel (malus), \u00e0 partir de d\u00e9but juin, n\u2019a concern\u00e9 que les tarifs de consommation excessive, a soulign\u00e9 le minist\u00e8re de l\u2019Industrie et des Petites et Moyennes Entreprises (pme), dans un communiqu\u00e9 publi\u00e9 mardi.<\/p>\n<p>Le minist\u00e8re n\u2019a pas fourni de pr\u00e9cisions concernant le seuil de consommation \u00ab consid\u00e9r\u00e9e comme \u00e9tant \u00ab excessive \u00bb, cependant, ce seuil devrait commencer \u00e0 partir 300 kw, selon des donn\u00e9es recueillies par l\u2019agence TAP.<\/p>\n<p>D\u2019apr\u00e8s le minist\u00e8re de l\u2019Industrie et des PME, cette augmentation concerne 6% des clients de la Soci\u00e9t\u00e9 Tunisienne de l\u2019Electricit\u00e9 et du Gaz (STEG) figurant parmi les plus grands consommateurs \u00e9lectricit\u00e9, et ce dans l\u2019objectif de favoriser la justice sociale et l\u2019\u00e9conomie d\u2019\u00e9nergie.<\/p>\n<p class=\"dpsp-share-text\">Partager c&rsquo;est aimer!<\/p>\n<div class=\"wp-post-author-wrap wp-post-author-shortcode left\">\n<h3 class=\"awpa-title\"\/>\n<div class=\"wp-post-author\">\n<div class=\"awpa-img awpa-author-block square\"><a href=\"http:\/\/lexpertjournal.net\/fr\/author\/expert\/\"><img loading=\"lazy\" decoding=\"async\" alt=\"\" src=\"http:\/\/2.gravatar.com\/avatar\/56d99be2a6f97af88ccb49fada637fcd?s=150&#038;d=mm&#038;r=g\" srcset=\"http:\/\/2.gravatar.com\/avatar\/56d99be2a6f97af88ccb49fada637fcd?s=300&#038;d=mm&#038;r=g 2x\" class=\"avatar avatar-150 photo\" height=\"150\" width=\"150\"\/><\/a><\/div>\n<\/div>\n<\/div>\n<p>Auteur: L&rsquo;expert<br \/>\n<a href=\"http:\/\/lexpertjournal.net\/fr\/2019\/06\/27\/hausse-des-tarifs-de-12-et-15-lelectricite-et-le-gaz-plus-chers-pour-les-gros-consommateurs\/\">Cliquez ici pour lire l&rsquo;article depuis sa source.<\/a><\/p>\n","protected":false},"excerpt":{"rendered":"<p>La STEG a r\u00e9vis\u00e9 \u00e0 la hausse la tarification de l\u2019\u00e9lectricit\u00e9 et du gaz naturel, depuis le d\u00e9but du mois de juin courant, avec un pourcentage variant entre 12 et 15%, selon une source syndicale de la soci\u00e9t\u00e9. La nouvelle tarification sera appliqu\u00e9e pour les clients domestiques (basse tension), \u00e0 partir du 1er juin 2019. [&hellip;]<\/p>\n","protected":false},"author":1775,"featured_media":0,"comment_status":"closed","ping_status":"closed","sticky":false,"template":"","format":"standard","meta":{"fifu_image_url":"","fifu_image_alt":"","footnotes":""},"categories":[78,55],"tags":[],"class_list":["post-42901","post","type-post","status-publish","format-standard","hentry","category-economie","category-tunisie"],"_links":{"self":[{"href":"https:\/\/linitiative.ca\/International\/wp-json\/wp\/v2\/posts\/42901","targetHints":{"allow":["GET"]}}],"collection":[{"href":"https:\/\/linitiative.ca\/International\/wp-json\/wp\/v2\/posts"}],"about":[{"href":"https:\/\/linitiative.ca\/International\/wp-json\/wp\/v2\/types\/post"}],"author":[{"embeddable":true,"href":"https:\/\/linitiative.ca\/International\/wp-json\/wp\/v2\/users\/1775"}],"replies":[{"embeddable":true,"href":"https:\/\/linitiative.ca\/International\/wp-json\/wp\/v2\/comments?post=42901"}],"version-history":[{"count":0,"href":"https:\/\/linitiative.ca\/International\/wp-json\/wp\/v2\/posts\/42901\/revisions"}],"wp:attachment":[{"href":"https:\/\/linitiative.ca\/International\/wp-json\/wp\/v2\/media?parent=42901"}],"wp:term":[{"taxonomy":"category","embeddable":true,"href":"https:\/\/linitiative.ca\/International\/wp-json\/wp\/v2\/categories?post=42901"},{"taxonomy":"post_tag","embeddable":true,"href":"https:\/\/linitiative.ca\/International\/wp-json\/wp\/v2\/tags?post=42901"}],"curies":[{"name":"wp","href":"https:\/\/api.w.org\/{rel}","templated":true}]}}