{"id":42973,"date":"2019-06-26T19:00:00","date_gmt":"2019-06-26T23:00:00","guid":{"rendered":"https:\/\/linitiative.ca\/International\/approvisionnement-de-leurope-du-sud-en-gaz-loffensive-de-sonatrach\/"},"modified":"2019-06-26T19:00:00","modified_gmt":"2019-06-26T23:00:00","slug":"approvisionnement-de-leurope-du-sud-en-gaz-loffensive-de-sonatrach","status":"publish","type":"post","link":"https:\/\/linitiative.ca\/International\/approvisionnement-de-leurope-du-sud-en-gaz-loffensive-de-sonatrach\/","title":{"rendered":"Approvisionnement de l\u2019Europe du sud en gaz : L\u2019offensive de Sonatrach"},"content":{"rendered":"<p><strong>Apr\u00e8s l\u2019Espagne, la Turquie et le Portugal, Sonatrach s\u2019attribue d\u2019importantes parts du march\u00e9 italien en mati\u00e8re de commercialisation de son gaz, suite au renouvellement d\u2019un premier contrat d\u2019achat et de vente de gaz, sign\u00e9 le 16 mai dernier avec le groupe ENI, second du genre \u00e0 \u00eatre paraph\u00e9 hier avec la soci\u00e9t\u00e9 italienne Enel.<\/strong><\/p>\n<p>Les deux contrats s\u2019inscrivent dans un\u00a0 processus de renouvellement des contrats de commercialisation du gaz\u00a0 alg\u00e9rien pour\u00a0 ses\u00a0 partenaires europ\u00e9ens, plus pr\u00e9cis\u00e9ment l\u2019Europe du Sud. Le processus est toujours en vigueur et d\u2019autres contrats similaires seront sign\u00e9s dans les prochains jours. \u00abNous sommes actuellement avec notre client\u00e8le\u00bb, indique Ahmed Mazighi, charg\u00e9 de l\u2019activit\u00e9 commercialisation au sein de la Sonatrach et signataire du contrat d\u2019hier avec ENEL, repr\u00e9sent\u00e9 par son directeur commercial, Claudio Machetti.<br \/>La c\u00e9r\u00e9monie s\u2019est d\u00e9roul\u00e9e au si\u00e8ge de la direction g\u00e9n\u00e9rale de Sonatrach, en pr\u00e9sence de son PDG, Rachid Hachichi.<br \/>Celui-ci mettra en\u00a0 exergue le fait que la conclusion de cet accord est \u00able fruit\u00a0 des efforts de Sonatrach qui consacre, depuis des ann\u00e9es, beaucoup d\u2019\u00e9nergie et de ressources \u00e0 la probl\u00e9matique du renouvellement des contrats gaziers \u00e0 long terme\u00bb. Avec l\u2019italien Enel, le contrat renouvel\u00e9 a trait, dans ses principales clauses, \u00e0 la vente et \u00e0 l\u2019 achat du gaz, dont l\u2019entr\u00e9e en vigueur aura lieu d\u00e8s 2020, pour une dur\u00e9e de huit ans, rallong\u00e9e de deux autres ann\u00e9es \u00e0 titre optionnel.<br \/>Toute au long de cette p\u00e9riode, le partenaire italien Enel s\u2019approvisionnera en gaz alg\u00e9rien suivant une moyenne annuelle de 3 milliards de m3. Qualifi\u00e9e d\u2019historique, la relation entre Sonatrach et Enel remonte au d\u00e9but des ann\u00e9es 1990. Elle a beaucoup progress\u00e9 depuis, selon M. Mazighi qui cite Enel comme \u00e9tant \u00abun partenaire multimodal\u00bb. Le PDG de Sonatrach a rappel\u00e9, quant \u00e0 lui, la signature, le 16 mai dernier, d&rsquo;un nouveau contrat de vente\/achat de gaz naturel avec l&rsquo;autre groupe italien, ENI, \u00e9tal\u00e9 sur dix 10 ans, \u00e0 raison de 9 milliards de m3\/an. \u00abCes deux accords permettent \u00e0 Sonatrach d\u2019assurer un nouveau replacement de 12 milliards de m3\/an de gaz au profit de l&rsquo;Italie\u00bb, dit M. Hachichi, qui se f\u00e9licite du fait que la compagnie nationale des hydrocarbures ait pu consolider sa place de fournisseur fiable de l\u2019Italie, comme\u00a0 c\u2019est le cas d\u2019ailleurs pour les autres pays de sud de l\u2019Europe, o\u00f9 la commercialisation du gaz est soumise \u00e0 une rude concurrence.<br \/>Dans cette partie du vieux continent, Sonatrach est devenue le fournisseur le plus respectueux de ses engagements en termes de livraison de gaz. Des engagements que le directeur commercial d\u2019Enel\u00a0 a tenu \u00e0 saluer. \u00abL\u2019Alg\u00e9rie demeure le principal fournisseur de gaz pour Enel\u00bb, dit-il, en\u00a0 remerciant Sonatrach pour\u00a0 la compr\u00e9hension dont elle a fait preuve face aux changements survenus dans les march\u00e9s gaziers italien et europ\u00e9en. \u00a0<br \/>En la mati\u00e8re, rappelons que la compagnie nationale des hydrocarbures, et la\u00a0 soci\u00e9t\u00e9 portugaise\u00a0 Galp ont proc\u00e9d\u00e9, r\u00e9cemment \u00e0 Alger, \u00e0 la signature d\u2019accords portant sur l&rsquo;approvisionnement en gaz du march\u00e9 portugais pour un volume de 2.5 Gm3\/an. \u00c0 travers ces accords, les deux compagnies ont\u00a0 prolong\u00e9 d\u2019une dizaine d\u2019ann\u00e9es suppl\u00e9mentaires, leur partenariat historique. Sonatrach et Galp sont li\u00e9es, pour rappel, par un contrat de vente et d\u2019achat de gaz qui date de 1994.<br \/>En 2018, la compagnie nationale des hydrocarbures avait \u00e9galement renouvel\u00e9 ses contrats de vente et achat de gaz avec la soci\u00e9t\u00e9 espagnole Naturegy.<br \/>\u00a0\u00a0\u00a0 \u00a0Karim Aoudia<\/p>\n<p>Auteur: elmoudjahid<br \/>\n<a href=\"http:\/\/www.elmoudjahid.com\/fr\/actualites\/138588\">Cliquez ici pour lire l&rsquo;article depuis sa source.<\/a><\/p>\n","protected":false},"excerpt":{"rendered":"<p>Apr\u00e8s l\u2019Espagne, la Turquie et le Portugal, Sonatrach s\u2019attribue d\u2019importantes parts du march\u00e9 italien en mati\u00e8re de commercialisation de son gaz, suite au renouvellement d\u2019un premier contrat d\u2019achat et de vente de gaz, sign\u00e9 le 16 mai dernier avec le groupe ENI, second du genre \u00e0 \u00eatre paraph\u00e9 hier avec la soci\u00e9t\u00e9 italienne Enel. Les [&hellip;]<\/p>\n","protected":false},"author":1744,"featured_media":0,"comment_status":"closed","ping_status":"closed","sticky":false,"template":"","format":"standard","meta":{"fifu_image_url":"","fifu_image_alt":"","footnotes":""},"categories":[73,53],"tags":[],"class_list":["post-42973","post","type-post","status-publish","format-standard","hentry","category-actualite","category-algerie"],"_links":{"self":[{"href":"https:\/\/linitiative.ca\/International\/wp-json\/wp\/v2\/posts\/42973","targetHints":{"allow":["GET"]}}],"collection":[{"href":"https:\/\/linitiative.ca\/International\/wp-json\/wp\/v2\/posts"}],"about":[{"href":"https:\/\/linitiative.ca\/International\/wp-json\/wp\/v2\/types\/post"}],"author":[{"embeddable":true,"href":"https:\/\/linitiative.ca\/International\/wp-json\/wp\/v2\/users\/1744"}],"replies":[{"embeddable":true,"href":"https:\/\/linitiative.ca\/International\/wp-json\/wp\/v2\/comments?post=42973"}],"version-history":[{"count":0,"href":"https:\/\/linitiative.ca\/International\/wp-json\/wp\/v2\/posts\/42973\/revisions"}],"wp:attachment":[{"href":"https:\/\/linitiative.ca\/International\/wp-json\/wp\/v2\/media?parent=42973"}],"wp:term":[{"taxonomy":"category","embeddable":true,"href":"https:\/\/linitiative.ca\/International\/wp-json\/wp\/v2\/categories?post=42973"},{"taxonomy":"post_tag","embeddable":true,"href":"https:\/\/linitiative.ca\/International\/wp-json\/wp\/v2\/tags?post=42973"}],"curies":[{"name":"wp","href":"https:\/\/api.w.org\/{rel}","templated":true}]}}